{"id":452171,"date":"2013-07-11T01:15:01","date_gmt":"2013-07-11T05:15:01","guid":{"rendered":"http:\/\/diarioelpopular.com\/?p=452171"},"modified":"2013-07-10T18:23:46","modified_gmt":"2013-07-10T22:23:46","slug":"tony-martin-rompe-el-crono-y-froome-a-sus-rivales","status":"publish","type":"post","link":"https:\/\/diarioelpopular.com\/index.php\/2013\/07\/11\/tony-martin-rompe-el-crono-y-froome-a-sus-rivales\/","title":{"rendered":"Tony Martin rompe el crono y Froome a sus rivales"},"content":{"rendered":"<div id=\"attachment_452172\" style=\"width: 310px\" class=\"wp-caption alignnone\"><img loading=\"lazy\" decoding=\"async\" aria-describedby=\"caption-attachment-452172\" class=\"size-medium wp-image-452172\" alt=\"Martin, de 28 a\u00f1os y doble campe\u00f3n mundial de la especialidad, cumpli\u00f3 el pron\u00f3stico y se impuso con un tiempo de 36.29 minutos en el trayecto de 33 kil\u00f3metros entre Avranches y Mont Saint Michel, a una media de 54,271 kms\/hora, la tercera m\u00e1s r\u00e1pida de la historia.\" src=\"https:\/\/diarioelpopular.com\/wp-content\/uploads\/2013\/07\/Tony_Martin_2613771b-300x187.jpg\" width=\"300\" height=\"187\" \/><p id=\"caption-attachment-452172\" class=\"wp-caption-text\">Martin, de 28 a\u00f1os y doble campe\u00f3n mundial de la especialidad, cumpli\u00f3 el pron\u00f3stico y se impuso con un tiempo de 36.29 minutos en el trayecto de 33 kil\u00f3metros entre Avranches y Mont Saint Michel, a una media de 54,271 kms\/hora, la tercera m\u00e1s r\u00e1pida de la historia.<\/p><\/div>\n<p>Carlos de Torres<br \/>\n<strong><em>Mont-Saint-Michel<\/em><\/strong> (Francia).- El alem\u00e1n Tony Martin (Omega), &#8220;El Tanque&#8221;, gan\u00f3 el duelo a Chris Froome (Sky) en la primera contrarreloj individual del\u00a0Tour de Francia, pero el brit\u00e1nico fortaleci\u00f3 el maillot amarillo alejando a todos sus rivales directos en m\u00e1s de dos minutos.<\/p>\n<p>Martin, de 28 a\u00f1os y doble campe\u00f3n mundial de la especialidad, cumpli\u00f3 el pron\u00f3stico y se impuso con un tiempo de 36.29 minutos en el trayecto de 33 kil\u00f3metros entre Avranches y Mont Saint Michel, a una media de 54,271 kms\/hora, la tercera m\u00e1s r\u00e1pida de la historia.<\/p>\n<p>El germano fue inalcanzable incluso para Froome, que cedi\u00f3 en meta 12 segundos, y tambi\u00e9n para el belga Thomas De Gendt (Vacansoleil), que se col\u00f3 tercero a 1.01 minutos.<\/p>\n<p>Chris Froome cumpli\u00f3 sus planes a rajatabla, que no eran otros que aprovechar su terreno para aumentar el colch\u00f3n de tiempo. El l\u00edder asest\u00f3 un severo golpe a sus perseguidores: 1.59 a Valverde, 2.03 a Contador, 3.16 a Purito Rodr\u00edguez. 1.52 a Mollema y 3.15 a Nairo Quintana.<\/p>\n<p>El primer espa\u00f1ol fue el campe\u00f3n de Espa\u00f1a Jonathan Castroviejo (Movistar), que entr\u00f3 en el top ten a 1.52 de Tony Martin.<\/p>\n<p>Otra demostraci\u00f3n de Froome despu\u00e9s de reventar la carrera con todo el Sky en Pirineos. Esta vez le permite afrontar el resto del\u00a0Tour\u00a0con optimismo y acercarse a la posibilidad de suceder a su compa\u00f1ero Bradley Wiggins en el palmar\u00e9s. Queda mucha carrera, pero las diferencias en la general son notables.<\/p>\n<p>Valverde mantuvo la segunda plaza, pero ya a 3.25 de Froome, el holand\u00e9s Mollema es tercero a 3.37 y Alberto Contador cuarto a 3.54. Diferencias que no esperaban los espa\u00f1oles, que salieron con la idea de que el descalabro fuese el menor posible. Nairo Quintana retrocedi\u00f3 a la octava plaza a 5.18.<\/p>\n<p>Nadie qued\u00f3 contento, claro. &#8220;Dos minutos son muchos y Froome est\u00e1 muy por encima del resto. Ahora la lucha es por el podio&#8221;, resumi\u00f3 Valverde. Contador se anim\u00f3 pensando que &#8220;a\u00fan nadie ha ganado ni perdido el\u00a0Tour&#8221;.<\/p>\n<p>En un recorrido llano y no muy t\u00e9cnico, Tony Martin puso el list\u00f3n muy alto en 36.29 minutos, a una media cercana a los 54,545 kms\/hora del estadounidense Greg Lemond en 1989, registro que figura como r\u00e9cord de velocidad en una crono superior a los 20 kil\u00f3metros.<\/p>\n<p>Martin, que sufri\u00f3 una conmoci\u00f3n cerebral en la primera etapa, sum\u00f3 su triunfo 30 en una contrarreloj y el segundo en el\u00a0Tour. Cuando cruz\u00f3 la meta, sobre las 13.00 horas, hubo de esperar hasta la llegada de Froome, sobre las 17.00, para saber si ganaba o no.<\/p>\n<p>Tiempo tuvo para ver las vistas sobre el Mont Saint Michel, el segundo monumento m\u00e1s visitado de Francia tras la Torre Eiffel, ahora en obras para que vuelva a ser abrazado por el mar.<\/p>\n<p>Al final llegaron los nervios porque su rival hab\u00eda marcado mejor tiempo que \u00e9l en los puntos intermedios del kil\u00f3metro 9 y 22, pero Froome baj\u00f3 el ritmo en el \u00faltimo tramo y el alem\u00e1n de Cottbus pudo celebrar la cuarta victoria alemana en el\u00a0Tour\u00a0del centenario.<\/p>\n<p>El\u00a0Tour\u00a0afronta tres d\u00edas de transici\u00f3n en espera del Mont Ventoux el pr\u00f3ximo domingo. Luego los Alpes con El Alpe D&#8217;Huez, la cronoescalada de Chorges y el in\u00e9dito final en alto de Semnoz. Escenarios a los que se tendr\u00e1n que agarrar Valverde, Contador, Quintana y Mollema si quieren evitar que Froome se pasee hasta Par\u00eds.<\/p>\n<p><strong><em>Colombiano Nairo Quintana cedi\u00f3 el maillot blanco al polaco Kwiatkowski<\/em><\/strong><\/p>\n<div id=\"attachment_452173\" style=\"width: 310px\" class=\"wp-caption alignnone\"><img loading=\"lazy\" decoding=\"async\" aria-describedby=\"caption-attachment-452173\" class=\"size-medium wp-image-452173\" alt=\"&quot;He terminado lejos, pero yo no soy especialista. Creo que me he defendido bien, hab\u00eda mucho viento y eso no era bueno para mi peso corporal. Ahora hay que pensar en recuperar tiempo en la monta\u00f1a&quot;, dijo el ciclista de Boyac\u00e1.\" src=\"https:\/\/diarioelpopular.com\/wp-content\/uploads\/2013\/07\/Nairo_Quintana_-_Criterium_du_Dauphine\u0301_2012_-_1ere_e\u0301tape-300x199.jpg\" width=\"300\" height=\"199\" \/><p id=\"caption-attachment-452173\" class=\"wp-caption-text\">&#8220;He terminado lejos, pero yo no soy especialista. Creo que me he defendido bien, hab\u00eda mucho viento y eso no era bueno para mi peso corporal. Ahora hay que pensar en recuperar tiempo en la monta\u00f1a&#8221;, dijo el ciclista de Boyac\u00e1.<\/p><\/div>\n<p><strong><em>Mont-Saint-Michel<\/em><\/strong> (Francia).- El colombiano Nairo Quintana (Movistar) perdi\u00f3 el maillot blanco al mejor joven en beneficio del polaco Michal Kwiatkowski (Omega) tras la contrarreloj individual disputada entre Avranches y Mont Saint Michel, de 33 kil\u00f3metros.<\/p>\n<p>Kwiatkowski se clasific\u00f3 quinto en la cronometrada a 1.31 del alem\u00e1n Tony Martin, mientras que Quintana se alej\u00f3 a 3.27 minutos del ganador, por lo que se enfund\u00f3 la prenda blanca que acredita al mejor joven.<\/p>\n<p>&#8220;He terminado lejos, pero yo no soy especialista. Creo que me he defendido bien, hab\u00eda mucho viento y eso no era bueno para mi peso corporal. Ahora hay que pensar en recuperar tiempo en la monta\u00f1a&#8221;, dijo el ciclista de Boyac\u00e1.<\/p>\n<p>Quintana pas\u00f3 a la octava plaza en la general a 6.18 de Chris Froome, mientras que su rival polaco le antecede a 4.44.<\/p>\n<p>&#8220;Voy a tratar de jugar mis bazas en los Alpes y espero recuperar la prenda que he llevado estos d\u00edas&#8221;, asegur\u00f3.<\/p>\n<p>&#8220;El balance de hoy es positivo. He dejado atr\u00e1s un d\u00eda dif\u00edcil para m\u00ed, quiz\u00e1s el peor de este\u00a0Tour. No hice una contrarreloj de ensue\u00f1o, pero el resultado fue bueno y no perd\u00ed demasiado tiempo respecto a los hombres con los que me estoy moviendo en la clasificaci\u00f3n&#8221;, afirm\u00f3.<\/p>\n<p>&#8220;Para m\u00ed era un d\u00eda bastante complicado por el viento porque cuando daba a favor beneficia a los corredores m\u00e1s grandes porque les empujaba m\u00e1s y cuando pegaba en contra, al ser plana, ten\u00edas que mover bastante potencia y con mi cuerpo no es sencillo&#8221;, dijo el colombiano, que indic\u00f3 que perdi\u00f3 m\u00e1s tiempo en la primera parte de la etapa y luego cogi\u00f3 ritmo.<\/p>\n<p>&#8220;He perdido el maillot blanco, pero espero recuperarlo m\u00e1s adelante en alguna etapa de monta\u00f1a y poder mantenerlo hasta el final. Kwiatkowski va a ser un duro rival, pero las etapas que quedan son de un nivel bastante considerable y me vendr\u00e1 bien&#8221;, se\u00f1al\u00f3.<\/p>\n<p>El ciclista polaco, por su parte, se mostr\u00f3 muy satisfecho por haberse hecho con el maillot blanco.<\/p>\n<p>&#8220;Voy a ir d\u00eda a d\u00eda. Puede que intente ganar una etapa, pero no renunciar\u00e9 al maillot blanco, aunque Quintana es un gran escalador. Tratar\u00e9 de mantenerlo el mayor tiempo posible&#8221;, dijo.<\/p>\n<p><strong><em>Valverde:&#8221; La lucha es por el podio&#8221;<\/em><\/strong><\/p>\n<div id=\"texto\">\n<div>\n<p><strong><em>Mont-Saint-Michel<\/em> <\/strong>(Francia).- Alejandro Valverde, l\u00edder del Movistar, reconoci\u00f3 tras la contrarreloj de Mont Saint Michel que el l\u00edder Chris Froome &#8220;est\u00e1 por encima de los dem\u00e1s y afirm\u00f3 que &#8220;la lucha es por el podio&#8221;.<\/p>\n<p>&#8220;Perder 2 minutos con Froome es mucho, pero sabemos que est\u00e1 Froome y que luego estamos los dem\u00e1s, que luchamos por el podio. Mi objetivo es el podio y he estado con los mejores, as\u00ed que estoy satisfecho&#8221;, dijo el ciclista del Movistar.<\/p>\n<p>Valverde, que se encuentra a 3.25 de Froome en la general, consider\u00f3 &#8220;dif\u00edcil&#8221; ara\u00f1ar tiempo al ciclista del Sky, &#8220;pero no imposible&#8221;.<\/p>\n<p>El ciclista murciano se mostr\u00f3 &#8220;muy contento&#8221; por haber realizado &#8220;la mejor contrarreloj llana en el\u00a0Tour\u00a0de Francia.<\/p>\n<p>&#8220;Estoy s\u00faper contento. Creo que ha sido un d\u00eda bueno para m\u00ed y para el equipo. Hemos salvado uno de los d\u00edas m\u00e1s importantes que quedaban, aunque est\u00e1 claro que ahora viene mucha monta\u00f1a y tambi\u00e9n hay que superarla&#8221;, dijo.<\/p>\n<p>El jefe de filas del Movistar explic\u00f3 que las &#8220;las cronos son sufrir, sufrir y m\u00e1s sufrir, y adem\u00e1s era muy r\u00e1pida. He sacado casi 52 km\/h de media, con lo que era una prueba para hombres r\u00e1pidos, m\u00e1s especialistas que yo, pero estoy bien de forma y muy motivado y me ha salido bien&#8221;, concluy\u00f3.<\/p>\n<p><strong><em>Contador: &#8220;Todav\u00eda queda mucho Tour&#8221;<\/em><\/strong><\/p>\n<div id=\"texto\">\n<div>\n<p>Mont-Saint-Michel (Francia).- Alberto Contador no se mostr\u00f3 satisfecho con el tiempo que hizo en la contrarreloj del Mont-Saint-Michel, en la que perdi\u00f3 algo m\u00e1s de 2 minutos con el brit\u00e1nico Chris Froome, pero se\u00f1al\u00f3 que &#8220;todav\u00eda queda mucho\u00a0Tour&#8221;.<\/p>\n<p>&#8220;Todav\u00eda nadie ha ganado el\u00a0Tour\u00a0y todav\u00eda nadie lo ha perdido. Hay que llegar a Par\u00eds y queda mucha carretera&#8221;, se\u00f1al\u00f3 el jefe de filas del Saxo.<\/p>\n<p>&#8220;El\u00a0ciclismo\u00a0es uno de los deportes en los que m\u00e1s cosas pueden pasar y en un d\u00eda que tengas malo puedes perderlo todo. Desde luego que queda\u00a0Tour. Nosotros vamos a hacer lo que podamos para quedar lo m\u00e1s arriba posible y tambi\u00e9n para que sea una bonita carrera&#8221;, dijo.<\/p>\n<p>Contador destac\u00f3 el buen momento en el que se encuentra Froome, que ahora le aventaja en 3.54 en la general.<\/p>\n<p>El madrile\u00f1o es cuarto de la general, por detr\u00e1s de su compatriota Alejandro Valverde y del holand\u00e9s Bauke Mollema.<\/p>\n<p>&#8220;Ha sido una contrarreloj en la que lo principal ha sido ver que Froome est\u00e1 a un nivel por encima del resto, est\u00e1 fort\u00edsimo, &#8216;chapeau&#8217; por \u00e9l&#8221;, asegur\u00f3 el madrile\u00f1o.<\/p>\n<p>Froome &#8220;est\u00e1 en un estado de forma en el que es muy dif\u00edcil batirle y habr\u00e1 que ir d\u00eda a d\u00eda&#8221;, agreg\u00f3.<\/p>\n<p>Contador asegur\u00f3 que su tiempo fue &#8220;parejo al resto de los corredores de la general&#8221; pese a &#8220;no esta en \u00f3ptimas condiciones&#8221;.<\/p>\n<p>&#8220;No me he encontrado mal en la contrarreloj, aunque no he tenido un d\u00eda s\u00faper, pero no era el recorrido que mejor se adapta a mis condiciones. Cada d\u00eda me voy encontrando un poquito mejor y eso siempre te anima&#8221;, afirm\u00f3.<\/p>\n<p>&#8220;Conf\u00edo en que la \u00faltima semana, en los Alpes, se me d\u00e9 mejor y, mientras tanto, tranquilidad&#8221;, agreg\u00f3.<\/p>\n<\/div>\n<\/div>\n<\/div>\n<\/div>\n","protected":false},"excerpt":{"rendered":"<p>El alem\u00e1n Tony Martin (Omega), &#8220;El Tanque&#8221;, gan\u00f3 el duelo a Chris Froome (Sky) en la primera contrarreloj individual del Tour de Francia.<\/p>\n","protected":false},"author":2,"featured_media":0,"comment_status":"open","ping_status":"open","sticky":false,"template":"","format":"standard","meta":{"footnotes":""},"categories":[28],"tags":[1215,1216,2648,11339,11340,5273,1481,11341],"class_list":["post-452171","post","type-post","status-publish","format-standard","hentry","category-deportes","tag-ciclismo","tag-contador","tag-martin","tag-nairo","tag-quintana","tag-tony","tag-tour","tag-valverde"],"_links":{"self":[{"href":"https:\/\/diarioelpopular.com\/index.php\/wp-json\/wp\/v2\/posts\/452171","targetHints":{"allow":["GET"]}}],"collection":[{"href":"https:\/\/diarioelpopular.com\/index.php\/wp-json\/wp\/v2\/posts"}],"about":[{"href":"https:\/\/diarioelpopular.com\/index.php\/wp-json\/wp\/v2\/types\/post"}],"author":[{"embeddable":true,"href":"https:\/\/diarioelpopular.com\/index.php\/wp-json\/wp\/v2\/users\/2"}],"replies":[{"embeddable":true,"href":"https:\/\/diarioelpopular.com\/index.php\/wp-json\/wp\/v2\/comments?post=452171"}],"version-history":[{"count":1,"href":"https:\/\/diarioelpopular.com\/index.php\/wp-json\/wp\/v2\/posts\/452171\/revisions"}],"predecessor-version":[{"id":452174,"href":"https:\/\/diarioelpopular.com\/index.php\/wp-json\/wp\/v2\/posts\/452171\/revisions\/452174"}],"wp:attachment":[{"href":"https:\/\/diarioelpopular.com\/index.php\/wp-json\/wp\/v2\/media?parent=452171"}],"wp:term":[{"taxonomy":"category","embeddable":true,"href":"https:\/\/diarioelpopular.com\/index.php\/wp-json\/wp\/v2\/categories?post=452171"},{"taxonomy":"post_tag","embeddable":true,"href":"https:\/\/diarioelpopular.com\/index.php\/wp-json\/wp\/v2\/tags?post=452171"}],"curies":[{"name":"wp","href":"https:\/\/api.w.org\/{rel}","templated":true}]}}