{"id":452211,"date":"2013-07-12T01:17:16","date_gmt":"2013-07-12T05:17:16","guid":{"rendered":"http:\/\/diarioelpopular.com\/?p=452211"},"modified":"2013-07-11T22:19:45","modified_gmt":"2013-07-12T02:19:45","slug":"el-factor-x","status":"publish","type":"post","link":"https:\/\/diarioelpopular.com\/index.php\/2013\/07\/12\/el-factor-x\/","title":{"rendered":"\u201cEL FACTOR X\u201d"},"content":{"rendered":"<p align=\"center\"><b><a href=\"https:\/\/diarioelpopular.com\/wp-content\/uploads\/2013\/07\/DSC_0052.jpg\"><img loading=\"lazy\" decoding=\"async\" class=\"alignnone size-medium wp-image-452212\" alt=\"DSC_0052\" src=\"https:\/\/diarioelpopular.com\/wp-content\/uploads\/2013\/07\/DSC_0052-300x201.jpg\" width=\"300\" height=\"201\" \/><\/a>Poncho de Anda &#8211; Ang\u00e9lica Mar\u00eda &#8211; Chino &#8211;<\/b> <b>Belinda &#8211;<\/b> <b>Nacho<\/b><\/p>\n<p>El pasado martes, con un desayuno a la prensa en el Hotel Viceroy de Miami, Mundo Fox present\u00f3 lo que ser\u00e1 el nuevo reality show \u2018El Factor X\u2019, \u00a0versi\u00f3n original en espa\u00f1ol con una producci\u00f3n de FremantleMedia Latin Am\u00e9rica y en donde se elegir\u00e1 a la pr\u00f3xima joven superestrella latina o grupo musical, su estreno ser\u00e1 el lunes 29 de Julio a las \u00a07PM\/6C.<\/p>\n<p>Un Poncho de Anda enfocado, con energ\u00eda, lleno de ilusiones y que regresa a la televisi\u00f3n como conductor de \u2018El Factor X\u2019, fue quien present\u00f3 a los jueces que lo estar\u00e1n acompa\u00f1ando en este reality show.<\/p>\n<p>Al preguntarle c\u00f3mo se sent\u00eda al ser el conductor, expres\u00f3:<\/p>\n<p>\u201cPara m\u00ed representa mucho. Desde que yo comenc\u00e9 mis conversaciones con la cadena y la productora dije; voy a correr un Ferrari, y eso es para m\u00ed \u201cEl Factor X\u201d, \u00a0es un regreso importante. Extra\u00f1\u00e9 mucho la televisi\u00f3n, tuve un accidente que me obligo a mantenerme alejado de los medios e incluso me hizo pensar, por un momento, que estaba en la carrera equivocada y que ten\u00eda que buscar un camino diferente. \u00a1Pero! \u00a1Pero! la bicicleta hay que seguirla pedaleando y asi confirm\u00e9 que mi vocaci\u00f3n es esta, yo me siento muy contento porque Mundo Fox est\u00e1 apostando a lo grande y creo que no pudo haber llegado un mejor proyecto a mis manos. Mira no m\u00e1s con quien estoy trabajando, el poder poner ya en mi curr\u00edculum que conduje un programa con personalidades como\u00a0 Ang\u00e9lica Mar\u00eda, Chino y Nacho y Belinda, eso es suficiente\u201d.<a href=\"https:\/\/diarioelpopular.com\/wp-content\/uploads\/2013\/07\/DSC_0046.jpg\"><img loading=\"lazy\" decoding=\"async\" class=\"alignnone size-medium wp-image-452213\" alt=\"DSC_0046\" src=\"https:\/\/diarioelpopular.com\/wp-content\/uploads\/2013\/07\/DSC_0046-300x201.jpg\" width=\"300\" height=\"201\" \/><\/a><\/p>\n<p>Y a\u00f1adi\u00f3 el presentador mexicano:<\/p>\n<p>\u201cEl tiempo que estuve alejado de la televisi\u00f3n lo dediqu\u00e9 no solo a recuperarme f\u00edsicamente y a disfrutar de mi familia, sino que tambi\u00e9n aprovech\u00e9 para estudiar, prepararme y crecer profesionalmente\u201d.<\/p>\n<p>Por su parte los cuatro jueces: \u2018La Novia de Am\u00e9rica\u2019 Ang\u00e9lica Mar\u00eda, Belinda, Chino y Nacho, al preguntarles que ellos le dec\u00edan a los ni\u00f1os que no eran los elegidos, \u00a0respondieron.<\/p>\n<p align=\"center\"><b>Ang\u00e9lica Mar\u00eda<a href=\"https:\/\/diarioelpopular.com\/wp-content\/uploads\/2013\/07\/DSC_0059.jpg\"><img loading=\"lazy\" decoding=\"async\" class=\"alignnone size-medium wp-image-452214\" alt=\"DSC_0059\" src=\"https:\/\/diarioelpopular.com\/wp-content\/uploads\/2013\/07\/DSC_0059-300x201.jpg\" width=\"300\" height=\"201\" \/><\/a><\/b><\/p>\n<p>\u201cA los ni\u00f1os que de verdad les vemos futuro, aunque no hayan salido elegidos, les decimos que estudien y que si de verdad este es su sue\u00f1o, que se preparen y que van a lograrlo. \u2018El Factor X\u2019, es como la combinaci\u00f3n de todas esas herramientas que debe tener un artista para ser exitoso: canto, baile, actitud y buena interpretaci\u00f3n, asi vamos a encontrar esa estrella y lo bueno es que son ni\u00f1os. Hemos visto mucho talento y ha sido muy dif\u00edcil esta elecci\u00f3n porque lo primero que hay que luchar es con los pap\u00e1s, a veces no tienen ese o\u00eddo musical y piensan que su hijo tiene talento y no es asi. Aunque no estamos buscando la mejor voz, si estamos buscando ese chico o chica que tenga \u00e1ngel y talento para ser artista, ese es El Factor x\u201d.<\/p>\n<p align=\"center\"><b>Chino<a href=\"https:\/\/diarioelpopular.com\/wp-content\/uploads\/2013\/07\/DSC_0033.jpg\"><img loading=\"lazy\" decoding=\"async\" class=\"alignnone size-medium wp-image-452215\" alt=\"DSC_0033\" src=\"https:\/\/diarioelpopular.com\/wp-content\/uploads\/2013\/07\/DSC_0033-300x201.jpg\" width=\"300\" height=\"201\" \/><\/a><\/b><\/p>\n<p>\u201cLas primeras experiencias de Nacho y la m\u00eda en nuestra carrera fueron tambi\u00e9n en competencias de canto. Recuerdo que nosotros no ganamos, llegamos detr\u00e1s de la ambulancia, con todo eso fue muy motivacional y supimos que esta era\u00a0 nuestra vocaci\u00f3n, nuestro futuro y nos preparamos. Tuvimos ese obst\u00e1culo dif\u00edcil al inicio de nuestra carrera, pero \u00a0nos ayud\u00f3 a levantarnos y llegar al lugar a donde ahora nos encontramos. Yo creo que los chicos que est\u00e1n en la competencia van a tener una oportunidad de oro, pero los que no pasan van a tener la oportunidad de prepararse y no es la \u00faltima oportunidad, ellos son ni\u00f1os apenas. Qu\u00e9 bueno que nosotros podemos darles consejos constructivos, criticas de las buenas y \u00a0malas tambi\u00e9n para que ellos mejoren y sean grandes artistas, porque los van a estar viendo ante las c\u00e1maras y eso es algo bien dif\u00edcil. Para los que no lo lograron, que sigan en la lucha de ese ideal\u201d.<\/p>\n<p align=\"center\">\u00a0<b>Nacho<a href=\"https:\/\/diarioelpopular.com\/wp-content\/uploads\/2013\/07\/DSC_0020.jpg\"><img loading=\"lazy\" decoding=\"async\" class=\"alignnone size-medium wp-image-452216\" alt=\"DSC_0020\" src=\"https:\/\/diarioelpopular.com\/wp-content\/uploads\/2013\/07\/DSC_0020-300x201.jpg\" width=\"300\" height=\"201\" \/><\/a><\/b><\/p>\n<p>\u201cA uno tienen que hablarle con sinceridad desde que es ni\u00f1o y no crearle ilusiones que sean sue\u00f1os muy dif\u00edciles de alcanzar. Hay personas que nacen con un arte y hay quienes no, ni nacen ni lo desarrollan. Nosotros tratamos de ser bastantes objetivos y con todo el cari\u00f1o del mundo, lo hacemos con palabras adecuadas para no matarles cualquier ilusi\u00f3n. Hemos visto que hay muchos ni\u00f1os que se paran ah\u00ed, en el escenario, y lo que sirven es para modelos, porque tienen unas cabelleras maravillosas o est\u00e1n muy bien vestidos (as), algunos est\u00e1n para la actuaci\u00f3n porque tienen una gracia impresionante, pero no terminan de convencernos como artistas, en la m\u00fasica. Si les decimos que intenten en otro campo y los alentamos tanto que al final esos ni\u00f1os a pesar de que no quieran, se terminan yendo con una sonrisa. Los que de verdad tienen el chance de desarrollar su talento y no entran en la competencia es porque los cuatro ya hemos visto que les ser\u00e1 muy dif\u00edcil competir con los que ya hemos seleccionado. Este programa sabemos va a ser muy exitoso y ojala que tenga muchas repeticiones para que esos ni\u00f1os que no quedaron esta vez, puedan regresar de nuevo\u201d.<\/p>\n<p align=\"center\"><b>Belinda<a href=\"https:\/\/diarioelpopular.com\/wp-content\/uploads\/2013\/07\/DSC_0055.jpg\"><img loading=\"lazy\" decoding=\"async\" class=\"alignnone size-medium wp-image-452217\" alt=\"DSC_0055\" src=\"https:\/\/diarioelpopular.com\/wp-content\/uploads\/2013\/07\/DSC_0055-300x201.jpg\" width=\"300\" height=\"201\" \/><\/a><\/b><\/p>\n<p>\u201cYo opino lo mismo. Todos aprendemos en esta vida y ellos tienen la vida por delante. Cuando realmente quieres algo, luchas por conseguirlo, el que persevera alcanza al final del d\u00eda y los ni\u00f1os que realmente quieren llegar a ser cantantes o artistas, van a luchar hasta conseguirlo. En mi caso fue diferente, yo nunca tuve a alguien que me explicara las cosas de esa manera y la gente fue muy cruel. Nosotros si somos muy sinceros, los tratamos con mucho amor, y tenemos mucho tacto de no lastimar a ninguno\u201d.<\/p>\n<p><b>Fotos: Frank.<\/b><\/p>\n","protected":false},"excerpt":{"rendered":"<p>En Miami se anunci\u00f3 su estreno<\/p>\n","protected":false},"author":5842,"featured_media":0,"comment_status":"open","ping_status":"open","sticky":false,"template":"","format":"standard","meta":{"footnotes":""},"categories":[80,81,2482],"tags":[2515,11344,11345],"class_list":["post-452211","post","type-post","status-publish","format-standard","hentry","category-cine-2","category-columnistas","category-espectaculo","tag-el","tag-factor","tag-x"],"_links":{"self":[{"href":"https:\/\/diarioelpopular.com\/index.php\/wp-json\/wp\/v2\/posts\/452211","targetHints":{"allow":["GET"]}}],"collection":[{"href":"https:\/\/diarioelpopular.com\/index.php\/wp-json\/wp\/v2\/posts"}],"about":[{"href":"https:\/\/diarioelpopular.com\/index.php\/wp-json\/wp\/v2\/types\/post"}],"author":[{"embeddable":true,"href":"https:\/\/diarioelpopular.com\/index.php\/wp-json\/wp\/v2\/users\/5842"}],"replies":[{"embeddable":true,"href":"https:\/\/diarioelpopular.com\/index.php\/wp-json\/wp\/v2\/comments?post=452211"}],"version-history":[{"count":2,"href":"https:\/\/diarioelpopular.com\/index.php\/wp-json\/wp\/v2\/posts\/452211\/revisions"}],"predecessor-version":[{"id":452219,"href":"https:\/\/diarioelpopular.com\/index.php\/wp-json\/wp\/v2\/posts\/452211\/revisions\/452219"}],"wp:attachment":[{"href":"https:\/\/diarioelpopular.com\/index.php\/wp-json\/wp\/v2\/media?parent=452211"}],"wp:term":[{"taxonomy":"category","embeddable":true,"href":"https:\/\/diarioelpopular.com\/index.php\/wp-json\/wp\/v2\/categories?post=452211"},{"taxonomy":"post_tag","embeddable":true,"href":"https:\/\/diarioelpopular.com\/index.php\/wp-json\/wp\/v2\/tags?post=452211"}],"curies":[{"name":"wp","href":"https:\/\/api.w.org\/{rel}","templated":true}]}}