{"id":452412,"date":"2013-07-22T09:37:34","date_gmt":"2013-07-22T13:37:34","guid":{"rendered":"http:\/\/diarioelpopular.com\/?p=452412"},"modified":"2013-07-22T11:37:11","modified_gmt":"2013-07-22T15:37:11","slug":"froome-y-quintana-ya-ilusionan-al-tour-2014","status":"publish","type":"post","link":"https:\/\/diarioelpopular.com\/index.php\/2013\/07\/22\/froome-y-quintana-ya-ilusionan-al-tour-2014\/","title":{"rendered":"Froome y Quintana ya ilusionan al Tour 2014"},"content":{"rendered":"<div id=\"attachment_452413\" style=\"width: 570px\" class=\"wp-caption alignnone\"><a href=\"https:\/\/diarioelpopular.com\/wp-content\/uploads\/2013\/07\/Nairo-Quintana-Tour-Francia-FotoEFE_ECMIMA20130720_0171_4.jpg\"><img loading=\"lazy\" decoding=\"async\" aria-describedby=\"caption-attachment-452413\" class=\"size-large wp-image-452413\" alt=\"El colombiano &quot;puede ser un hombre Tour&quot;, asegura su director, Eusebio Unzue, y sus limites no tienen techo.\" src=\"https:\/\/diarioelpopular.com\/wp-content\/uploads\/2013\/07\/Nairo-Quintana-Tour-Francia-FotoEFE_ECMIMA20130720_0171_4-560x397.jpg\" width=\"560\" height=\"397\" \/><\/a><p id=\"caption-attachment-452413\" class=\"wp-caption-text\">El colombiano &#8220;puede ser un hombre Tour&#8221;, asegura su director, Eusebio Unzue, y sus limites no tienen techo.<\/p><\/div>\n<p><em><strong>Par\u00eds.-<\/strong><\/em> El brit\u00e1nico Christopher Froome (Sky), ganador del\u00a0Tour\u00a0de\u00a0Francia\u00a0y el colombiano Nairo Quintana (Movistar), segundo clasificado y revelaci\u00f3n de la carrera, ya est\u00e1n llamados a protagonizar el duelo estelar de la edici\u00f3n de 2014.<\/p>\n<div id=\"texto\">\n<div>\n<p>Froome, de 28 a\u00f1os, ha prolongado el dominio brit\u00e1nico al tomar el relevo de Bradley Wiggins en el palmar\u00e9s del\u00a0Tour. Un corredor completo, capaz de dominar en los puertos y en contrarreloj, que encaja con el ciclismo moderno.<\/p>\n<p>A\u00fan susceptible de mostrar sus debilidades, como cuando cogi\u00f3 la &#8220;p\u00e1jara&#8221; en L&#8217;Alpe D&#8217;Huez, ha sido el mejor, sin debate. Gan\u00f3 con un modelo ofensivo, atacando con clase en la primera etapa pirenaica y en el Mont Ventoux, y se llev\u00f3 la contrarreloj alpina. Domin\u00f3 los puntos claves del recorrido 2013.<\/p>\n<p>Si alguien le complic\u00f3 la vida, ese fue Nairo Quintana. Un debutante de 23 a\u00f1os, forjado en la naturaleza de Boyac\u00e1, un escalador de los que abren las p\u00e1ginas de la historia. De hecho, super\u00f3 el tercer puesto de su compatriota Fabio Parra en 1988 y se enfund\u00f3 los maillots de la monta\u00f1a y de mejor joven.<\/p>\n<p>El colombiano &#8220;puede ser un hombre\u00a0Tour&#8221;, asegura su director, Eusebio Unzue, y sus limites no tienen techo. &#8220;En carrera tiene la cabeza de Indurain&#8221;, es tranquilo, ha superado la presi\u00f3n de la carrera sin inmutarse y no se arruga ante nada ni ante nadie.<\/p>\n<p>El\u00a0Tour\u00a0ya le espera con los brazos abiertos. Madera de campe\u00f3n y representante del escalador puro, de los que alimentan la parte \u00e9pica del ciclismo; y solvente contrarreloj, a\u00fan lejos de ser un especialista.<\/p>\n<p>En esta discusi\u00f3n para el\u00a0Tour\u00a02014, el ciclismo espa\u00f1ol plantea dudas. El tercer puesto de &#8220;Purito&#8221; Rodr\u00edguez, de 34 a\u00f1os, ha tenido un enorme m\u00e9rito, pues el catal\u00e1n ya tiene podios en las tres grandes. Otros tres corredores se han clasificado en el &#8220;top ten&#8221;: Alberto Contador cuarto, Alejandro Valverde octavo y Dani Navarro noveno.<\/p>\n<p>Pero la baza espa\u00f1ola era Contador, y el madrile\u00f1o se fue de vac\u00edo, desalojado del podio y lejos de su objetivo, que \u00fanicamente era ganar. Nunca compiti\u00f3 de t\u00fa a t\u00fa con Froome, enormemente superior.<\/p>\n<p>El doble vencedor del\u00a0Tour\u00a0(2007 y 2009), nunca pele\u00f3 en las cumbres con los mejores, ni alz\u00f3 los brazos en ninguna etapa. Con la negativa a correr la Vuelta, de momento solo ha firmado una victoria de etapa en el\u00a0Tour\u00a0de San Luis. Aquel Contador inabordable en la monta\u00f1a ha desaparecido.<\/p>\n<p>\u00bfQu\u00e9 opciones tendr\u00e1 el ciclismo espa\u00f1ol en el futuro?. El palmar\u00e9s del\u00a0Tour\u00a0no recibe a un espa\u00f1ol en el primer escal\u00f3n desde 2009, teniendo en cuenta que Contador fue descalificado en 2010. Y el decorado no alimenta las esperanzas de volver a brillar a corto plazo.<\/p>\n<p>Es posible que el ciclo brit\u00e1nico se extienda con Froome, el n\u00famero uno del pelot\u00f3n y enrolado en un potente equipo como el Sky, donde se planifica el menor detalle con los mejores medios.<\/p>\n<p>Eddy Merckx, el m\u00edtico &#8220;canibal&#8221; ganador de 5 Tours, se apunta a la teor\u00eda del ciclo Froome.<\/p>\n<p>&#8221; Por el momento no veo que nadie que pueda ganar a Froome, a menos que Quintana mejore mucho contrarreloj y siga siendo igual de fuerte en la monta\u00f1a, pero creo que ser\u00e1 muy dif\u00edcil&#8221;, asegura<\/p>\n<p>Pero la oposici\u00f3n se organiza. Desde las monta\u00f1as colombianas lleg\u00f3 Nairo Quintana. Lo mismo el\u00a0Tour\u00a0habla pronto espa\u00f1ol, pero con acento colombiano.<\/p>\n<div id=\"attachment_452414\" style=\"width: 570px\" class=\"wp-caption alignnone\"><a href=\"https:\/\/diarioelpopular.com\/wp-content\/uploads\/2013\/07\/Ciclismo-Tour_de_Francia_2013-competencias-Nairo_Quintana_ECMIMA20130720_0167_4.jpg\"><img loading=\"lazy\" decoding=\"async\" aria-describedby=\"caption-attachment-452414\" class=\"size-large wp-image-452414\" alt=\"El Tour ya le espera con los brazos abiertos. Madera de campe\u00f3n y representante del escalador puro, de los que alimentan la parte \u00e9pica del ciclismo; y solvente contrarreloj, a\u00fan lejos de ser un especialista. \" src=\"https:\/\/diarioelpopular.com\/wp-content\/uploads\/2013\/07\/Ciclismo-Tour_de_Francia_2013-competencias-Nairo_Quintana_ECMIMA20130720_0167_4-560x397.jpg\" width=\"560\" height=\"397\" \/><\/a><p id=\"caption-attachment-452414\" class=\"wp-caption-text\">El Tour ya le espera con los brazos abiertos. Madera de campe\u00f3n y representante del escalador puro, de los que alimentan la parte \u00e9pica del ciclismo; y solvente contrarreloj, a\u00fan lejos de ser un especialista.<\/p><\/div>\n<\/div>\n<\/div>\n","protected":false},"excerpt":{"rendered":"<p>El brit\u00e1nico Christopher Froome (Sky), ganador del Tour de Francia y el colombiano Nairo Quintana (Movistar), segundo clasificado y revelaci\u00f3n de la carrera, ya est\u00e1n llamados a protagonizar el duelo estelar de la edici\u00f3n de 2014.<\/p>\n","protected":false},"author":5842,"featured_media":0,"comment_status":"open","ping_status":"open","sticky":false,"template":"","format":"standard","meta":{"footnotes":""},"categories":[28],"tags":[],"class_list":["post-452412","post","type-post","status-publish","format-standard","hentry","category-deportes"],"_links":{"self":[{"href":"https:\/\/diarioelpopular.com\/index.php\/wp-json\/wp\/v2\/posts\/452412","targetHints":{"allow":["GET"]}}],"collection":[{"href":"https:\/\/diarioelpopular.com\/index.php\/wp-json\/wp\/v2\/posts"}],"about":[{"href":"https:\/\/diarioelpopular.com\/index.php\/wp-json\/wp\/v2\/types\/post"}],"author":[{"embeddable":true,"href":"https:\/\/diarioelpopular.com\/index.php\/wp-json\/wp\/v2\/users\/5842"}],"replies":[{"embeddable":true,"href":"https:\/\/diarioelpopular.com\/index.php\/wp-json\/wp\/v2\/comments?post=452412"}],"version-history":[{"count":5,"href":"https:\/\/diarioelpopular.com\/index.php\/wp-json\/wp\/v2\/posts\/452412\/revisions"}],"predecessor-version":[{"id":452423,"href":"https:\/\/diarioelpopular.com\/index.php\/wp-json\/wp\/v2\/posts\/452412\/revisions\/452423"}],"wp:attachment":[{"href":"https:\/\/diarioelpopular.com\/index.php\/wp-json\/wp\/v2\/media?parent=452412"}],"wp:term":[{"taxonomy":"category","embeddable":true,"href":"https:\/\/diarioelpopular.com\/index.php\/wp-json\/wp\/v2\/categories?post=452412"},{"taxonomy":"post_tag","embeddable":true,"href":"https:\/\/diarioelpopular.com\/index.php\/wp-json\/wp\/v2\/tags?post=452412"}],"curies":[{"name":"wp","href":"https:\/\/api.w.org\/{rel}","templated":true}]}}