{"id":452425,"date":"2013-07-22T11:42:14","date_gmt":"2013-07-22T15:42:14","guid":{"rendered":"http:\/\/diarioelpopular.com\/?p=452425"},"modified":"2013-07-22T11:42:14","modified_gmt":"2013-07-22T15:42:14","slug":"la-hazana-de-nairo-quintana-en-el-tour-copa-las-portadas-de-colombia","status":"publish","type":"post","link":"https:\/\/diarioelpopular.com\/index.php\/2013\/07\/22\/la-hazana-de-nairo-quintana-en-el-tour-copa-las-portadas-de-colombia\/","title":{"rendered":"La haza\u00f1a de Nairo Quintana en el Tour copa las portadas de Colombia"},"content":{"rendered":"<div id=\"attachment_452413\" style=\"width: 570px\" class=\"wp-caption alignnone\"><a href=\"https:\/\/diarioelpopular.com\/wp-content\/uploads\/2013\/07\/Nairo-Quintana-Tour-Francia-FotoEFE_ECMIMA20130720_0171_4.jpg\"><img loading=\"lazy\" decoding=\"async\" aria-describedby=\"caption-attachment-452413\" class=\"size-large wp-image-452413\" alt=\"El colombiano &quot;puede ser un hombre Tour&quot;, asegura su director, Eusebio Unzue, y sus limites no tienen techo.\" src=\"https:\/\/diarioelpopular.com\/wp-content\/uploads\/2013\/07\/Nairo-Quintana-Tour-Francia-FotoEFE_ECMIMA20130720_0171_4-560x397.jpg\" width=\"560\" height=\"397\" \/><\/a><p id=\"caption-attachment-452413\" class=\"wp-caption-text\">El colombiano &#8220;puede ser un hombre Tour&#8221;, asegura su director, Eusebio Unzue, y sus limites no tienen techo.<\/p><\/div>\n<p><strong><em>Bogot\u00e1.-<\/em><\/strong> La haza\u00f1a conseguida por el ciclista colombiano Nairo Quintana (Movistar) en el Tour de Francia, donde fue subcampe\u00f3n, rey de la monta\u00f1a y campe\u00f3n de los j\u00f3venes, copa este lunes las portadas de la prensa del pa\u00eds suramericano, que se deshace en elogios al deportista.<\/p>\n<div id=\"texto\">\n<div>\n<p>El Tiempo, la principal y m\u00e1s tradicional cabecera de Colombia, le dedic\u00f3 a los resultados de la competencia media portada, con una foto del podio en la que aparecen el campe\u00f3n, el brit\u00e1nico Chris Froome; Quintana y el tercero, el espa\u00f1ol Joaquim &#8220;Purito&#8221; Rodr\u00edguez, bajo el t\u00edtulo &#8220;Colombia, por primera vez, segunda en el Tour&#8221;.<\/p>\n<p>En la separata deportiva titula con un gran &#8220;\u00a1Gracias!&#8221; y le dedica a Quintana las tres primeras p\u00e1ginas con cr\u00f3nicas, perfiles y reacciones a su logro.<\/p>\n<p>El segundo rotativo m\u00e1s importante, El Espectador, public\u00f3 tambi\u00e9n en portada una foto de los tres ganadores con el t\u00edtulo &#8220;Naironman&#8221; y le reserva al Tour tres de las cuatro p\u00e1ginas destinadas a los deportes, incluida una entrevista con Froome en la que dice &#8220;Nairo ser\u00e1 uno de los grandes&#8221;.<\/p>\n<p>La edici\u00f3n colombiana de Marca, en circulaci\u00f3n desde el pasado mes de abril, pero con una gran acogida en la prensa deportiva, public\u00f3 tambi\u00e9n a todo color la foto del podio con el t\u00edtulo &#8220;Monsieur Quintana&#8221; en portada y rese\u00f1\u00f3 el papel del ciclista nacido en Boyac\u00e1 en las cinco primeras p\u00e1ginas.<\/p>\n<p>El Espacio, que es el diario popular y el m\u00e1s le\u00eddo del pa\u00eds, titula a todo lo ancho &#8220;\u00a1Grandioso!&#8221; con una fotograf\u00eda de p\u00e1gina entera del ciclista con la camiseta de campe\u00f3n de la monta\u00f1a y esta vez en solitario.<\/p>\n<p>Hasta el diario econ\u00f3mico La Rep\u00fablica se rindi\u00f3 a la gesta del ciclista colombiano y en una de sus p\u00e1ginas habla de la &#8220;haza\u00f1a de Quintana&#8221; y del impacto que sus resultados tienen en Movistar y en las marcas que respaldan el equipo espa\u00f1ol.<\/p>\n<p>La prensa regional tambi\u00e9n dej\u00f3 correr r\u00edos de tinta para ovacionar a Quintana en sus portadas.<\/p>\n<p>Mientras El Pa\u00eds de Cali se recre\u00f3 con un verso del himno nacional &#8220;\u00a1Oh Nairo inmarcesible!&#8221;, El Universal de Cartagena titul\u00f3 &#8220;D\u00eda de gloria en Par\u00eds&#8221;.<\/p>\n<p>Los gratuitos ADN y Publimetro se entregaron igualmente al pedalista, y el primero le dedica toda la portada bajo el titular &#8220;\u00a1Nairo, en la gloria!&#8221;.<\/p>\n<p>Igualmente los canales de televisi\u00f3n y las radios han tenido al deportista como protagonista habitual en sus emisiones desde la ma\u00f1ana del s\u00e1bado, cuando Quintana se impuso en la pen\u00faltima etapa del Tour, con lo cual asegur\u00f3 el segundo lugar en la clasificaci\u00f3n general y las camisetas de la monta\u00f1a y de los j\u00f3venes.<\/p>\n<p>La prensa, impresa o electr\u00f3nica, se\u00f1ala que el ciclista nacido en Boyac\u00e1 ya es, con solo 23 a\u00f1os, el m\u00e1s grande de los escarabajos, superando lo hecho en los a\u00f1os 80 por Lucho Herrera y Fabio Parra en las carreteras europeas, y coincide en que est\u00e1 llamado a ganar en los pr\u00f3ximos a\u00f1os el Tour de Francia.<\/p>\n<\/div>\n<\/div>\n","protected":false},"excerpt":{"rendered":"<p> La haza\u00f1a conseguida por el ciclista colombiano Nairo Quintana (Movistar) en el Tour de Francia, donde fue subcampe\u00f3n, rey de la monta\u00f1a y campe\u00f3n de los j\u00f3venes, copa este lunes las portadas de la prensa.<\/p>\n","protected":false},"author":5842,"featured_media":0,"comment_status":"open","ping_status":"open","sticky":false,"template":"","format":"standard","meta":{"footnotes":""},"categories":[28],"tags":[],"class_list":["post-452425","post","type-post","status-publish","format-standard","hentry","category-deportes"],"_links":{"self":[{"href":"https:\/\/diarioelpopular.com\/index.php\/wp-json\/wp\/v2\/posts\/452425","targetHints":{"allow":["GET"]}}],"collection":[{"href":"https:\/\/diarioelpopular.com\/index.php\/wp-json\/wp\/v2\/posts"}],"about":[{"href":"https:\/\/diarioelpopular.com\/index.php\/wp-json\/wp\/v2\/types\/post"}],"author":[{"embeddable":true,"href":"https:\/\/diarioelpopular.com\/index.php\/wp-json\/wp\/v2\/users\/5842"}],"replies":[{"embeddable":true,"href":"https:\/\/diarioelpopular.com\/index.php\/wp-json\/wp\/v2\/comments?post=452425"}],"version-history":[{"count":2,"href":"https:\/\/diarioelpopular.com\/index.php\/wp-json\/wp\/v2\/posts\/452425\/revisions"}],"predecessor-version":[{"id":452427,"href":"https:\/\/diarioelpopular.com\/index.php\/wp-json\/wp\/v2\/posts\/452425\/revisions\/452427"}],"wp:attachment":[{"href":"https:\/\/diarioelpopular.com\/index.php\/wp-json\/wp\/v2\/media?parent=452425"}],"wp:term":[{"taxonomy":"category","embeddable":true,"href":"https:\/\/diarioelpopular.com\/index.php\/wp-json\/wp\/v2\/categories?post=452425"},{"taxonomy":"post_tag","embeddable":true,"href":"https:\/\/diarioelpopular.com\/index.php\/wp-json\/wp\/v2\/tags?post=452425"}],"curies":[{"name":"wp","href":"https:\/\/api.w.org\/{rel}","templated":true}]}}