{"id":452492,"date":"2013-07-24T21:31:10","date_gmt":"2013-07-25T01:31:10","guid":{"rendered":"http:\/\/diarioelpopular.com\/?p=452492"},"modified":"2013-07-25T09:30:54","modified_gmt":"2013-07-25T13:30:54","slug":"al-menos-60-muertos-en-primer-accidente-de-tren-de-alta-velocidad-de-espana","status":"publish","type":"post","link":"https:\/\/diarioelpopular.com\/index.php\/2013\/07\/24\/al-menos-60-muertos-en-primer-accidente-de-tren-de-alta-velocidad-de-espana\/","title":{"rendered":"Al menos 60 muertos en primer accidente de tren de alta velocidad de Espa\u00f1a"},"content":{"rendered":"<div id=\"attachment_452493\" style=\"width: 570px\" class=\"wp-caption alignnone\"><a href=\"https:\/\/diarioelpopular.com\/wp-content\/uploads\/2013\/07\/Alvia-Madrid-Ferrol-Santiago-Compostela_LNCIMA20130724_0170_5.jpg\"><img loading=\"lazy\" decoding=\"async\" aria-describedby=\"caption-attachment-452493\" class=\"size-large wp-image-452493\" alt=\"El tren Alvia que -cubre la ruta entre Madrid y Ferrol- descarril\u00f3 cerca de Santiago de Compostela.\" src=\"https:\/\/diarioelpopular.com\/wp-content\/uploads\/2013\/07\/Alvia-Madrid-Ferrol-Santiago-Compostela_LNCIMA20130724_0170_5-560x369.jpg\" width=\"560\" height=\"369\" \/><\/a><p id=\"caption-attachment-452493\" class=\"wp-caption-text\">El tren Alvia que -cubre la ruta entre Madrid y Ferrol- descarril\u00f3 cerca de Santiago de Compostela.<\/p><\/div>\n<p><strong><em>Santiago de Compostela (Espa\u00f1a)<\/em><\/strong>.- Al menos 60 personas fallecieron y 110 resultaron heridas al descarrilar esta noche del mi\u00e9rcoles en Santiago de Compostela (noroeste) un tren de velocidad alta con 220 pasajeros que cubr\u00eda la l\u00ednea Madrid-Ferrol.<\/p>\n<div id=\"texto\">\n<div>\n<p>El accidente, el primero registrado en una l\u00ednea de la red de alta velocidad en Espa\u00f1a, se produjo poco antes de las nueve de la noche (19:00 GMT) cuando el tren Alvia descarril\u00f3 en una curva de las inmediaciones de la estaci\u00f3n de Santiago de Compostela.<\/p>\n<div id=\"attachment_452494\" style=\"width: 570px\" class=\"wp-caption alignnone\"><a href=\"https:\/\/diarioelpopular.com\/wp-content\/uploads\/2013\/07\/Accidente-tren-Espana_LNCIMA20130724_0193_5.png\"><img loading=\"lazy\" decoding=\"async\" aria-describedby=\"caption-attachment-452494\" class=\"size-large wp-image-452494\" alt=\"El tren Alvia que -cubre la ruta entre Madrid y Ferrol- descarril\u00f3 cerca de Santiago de Compostela.\" src=\"https:\/\/diarioelpopular.com\/wp-content\/uploads\/2013\/07\/Accidente-tren-Espana_LNCIMA20130724_0193_5-560x369.png\" width=\"560\" height=\"369\" \/><\/a><p id=\"caption-attachment-452494\" class=\"wp-caption-text\">El tren Alvia que -cubre la ruta entre Madrid y Ferrol- descarril\u00f3 cerca de Santiago de Compostela.<\/p><\/div>\n<p>Las autoridades de esta ciudad de Galicia que ma\u00f1ana celebra la festividad de su santo patr\u00f3n Santiago y que atrae estos d\u00edas a numerosos visitantes y peregrinos, han suspendido todas las celebraciones de las fiestas en se\u00f1al de duelo.<\/p>\n<p>Aunque por el momento se desconocen las causas de la tragedia, fuentes de la investigaci\u00f3n indicaron que una de las primeras hip\u00f3tesis era el exceso de velocidad.<\/p>\n<p>El Ministerio del Interior descart\u00f3 poco despu\u00e9s de suceder que se trate de un atentado y el delegado del Gobierno en Galicia, Samuel Ju\u00e1rez, indic\u00f3 en el lugar del siniestro que no ten\u00eda indicio alguno de que haya sido &#8220;una causa externa&#8221;, aunque no descart\u00f3 cualquier hip\u00f3tesis.<\/p>\n<p>Testigos presenciales explicaron que el convoy se parti\u00f3 en dos, y la m\u00e1quina y los cuatro primeros vagones descarrilaron, otro intermedio vol\u00f3 sobre un terrapl\u00e9n hasta caer muy cerca de las viviendas, y el resto volc\u00f3.<\/p>\n<p>Vecinos de la zona indicaron que el tren iba a una &#8220;velocidad normal&#8221; para entrar en la estaci\u00f3n y que llegaron a escuchar un ruido, previo al descarrilamiento, y acto seguido ya se produjo una gran humareda.<\/p>\n<p>El delegado del Gobierno en Galicia, Samuel Ju\u00e1rez, dijo de madrugada que al menos 60 personas fallecieron en el accidente y ya fueron identificadas, pero advirti\u00f3 de que el n\u00famero de fallecidos podr\u00eda aumentar ya que faltaba por mover alg\u00fan vag\u00f3n del tren accidentado.<\/p>\n<p>Este accidente ferroviario es el tercero m\u00e1s grave en la historia de Espa\u00f1a, despu\u00e9s del ocurrido en 1944 cerca de la estaci\u00f3n de Torre del Bierzo (noroeste) en el que pudo haber hasta 500 v\u00edctimas mortales -aunque la censura oficial lo redujo hasta 78 muertos-, y el de la l\u00ednea C\u00e1diz-Sevilla en 1972, con 77 muertos.<\/p>\n<p>Adem\u00e1s, es el m\u00e1s grave y con mayor n\u00famero de v\u00edctimas mortales de todos los siniestros de tren ocurridos en el mundo en lo que va de 2013, pues supera en n\u00famero de v\u00edctimas a las 47 del tren cargado con hidrocarburos que el 6 de julio explot\u00f3 en Lac-Megantic (Canad\u00e1).<\/p>\n<p>El tren siniestrado es un Alvia, que circula por las mismas v\u00edas que los de la red de alta velocidad espa\u00f1ola, aunque su velocidad es inferior a los &#8220;AVE&#8221;.<\/p>\n<p>Los hospitales de la zona reforzaron los servicios de urgencia para atender a los heridos y el gobierno regional gallego hizo un llamamiento para solicitar al p\u00fablico donaciones de sangre.<\/p>\n<p>Seg\u00fan ha informado la Red Espa\u00f1ola de Ferrocarriles (Renfe) en una nota de prensa, en el tren viajaban 247 viajeros, adem\u00e1s de la tripulaci\u00f3n.<\/p>\n<p>Fuentes del Ejecutivo informaron de que el presidente del Gobierno, Mariano Rajoy, est\u00e1 en permanente contacto con la ministra de Fomento, Ana Pastor, que se ha desplazado hasta el lugar del accidente.<\/p>\n<p>Adem\u00e1s, y seg\u00fan fuentes de la Casa del Rey, el rey Juan Carlos contact\u00f3 con las autoridades en cuanto tuvo conocimiento de la tragedia.<\/p>\n<p>El Gobierno de Portugal ofreci\u00f3 a las autoridades espa\u00f1olas la ayuda y cooperaci\u00f3n del pa\u00eds vecino.<\/p>\n<\/div>\n<\/div>\n","protected":false},"excerpt":{"rendered":"<p>Al menos 60 personas fallecieron y 110 resultaron heridas al descarrilar este mi\u00e9rcoles en Santiago de Compostela (noroeste) un tren de velocidad alta con 220 pasajeros.<\/p>\n","protected":false},"author":5842,"featured_media":0,"comment_status":"open","ping_status":"open","sticky":false,"template":"","format":"standard","meta":{"footnotes":""},"categories":[24],"tags":[],"class_list":["post-452492","post","type-post","status-publish","format-standard","hentry","category-mundo"],"_links":{"self":[{"href":"https:\/\/diarioelpopular.com\/index.php\/wp-json\/wp\/v2\/posts\/452492","targetHints":{"allow":["GET"]}}],"collection":[{"href":"https:\/\/diarioelpopular.com\/index.php\/wp-json\/wp\/v2\/posts"}],"about":[{"href":"https:\/\/diarioelpopular.com\/index.php\/wp-json\/wp\/v2\/types\/post"}],"author":[{"embeddable":true,"href":"https:\/\/diarioelpopular.com\/index.php\/wp-json\/wp\/v2\/users\/5842"}],"replies":[{"embeddable":true,"href":"https:\/\/diarioelpopular.com\/index.php\/wp-json\/wp\/v2\/comments?post=452492"}],"version-history":[{"count":2,"href":"https:\/\/diarioelpopular.com\/index.php\/wp-json\/wp\/v2\/posts\/452492\/revisions"}],"predecessor-version":[{"id":452497,"href":"https:\/\/diarioelpopular.com\/index.php\/wp-json\/wp\/v2\/posts\/452492\/revisions\/452497"}],"wp:attachment":[{"href":"https:\/\/diarioelpopular.com\/index.php\/wp-json\/wp\/v2\/media?parent=452492"}],"wp:term":[{"taxonomy":"category","embeddable":true,"href":"https:\/\/diarioelpopular.com\/index.php\/wp-json\/wp\/v2\/categories?post=452492"},{"taxonomy":"post_tag","embeddable":true,"href":"https:\/\/diarioelpopular.com\/index.php\/wp-json\/wp\/v2\/tags?post=452492"}],"curies":[{"name":"wp","href":"https:\/\/api.w.org\/{rel}","templated":true}]}}