{"id":452746,"date":"2013-08-02T00:30:26","date_gmt":"2013-08-02T04:30:26","guid":{"rendered":"http:\/\/diarioelpopular.com\/?p=452746"},"modified":"2013-08-01T21:34:47","modified_gmt":"2013-08-02T01:34:47","slug":"la-voz-kids-2","status":"publish","type":"post","link":"https:\/\/diarioelpopular.com\/index.php\/2013\/08\/02\/la-voz-kids-2\/","title":{"rendered":"&#8220;La Voz Kids&#8221;"},"content":{"rendered":"<p><img loading=\"lazy\" decoding=\"async\" class=\"aligncenter size-full wp-image-452748\" alt=\"web.2.DSC_0002\" src=\"https:\/\/diarioelpopular.com\/wp-content\/uploads\/2013\/08\/web.2.DSC_0002.jpg\" width=\"467\" height=\"695\" \/>Este domingo 28 de agosto se llev\u00f3 a cabo la final presentada por la cadena Telemundo y que se coloc\u00f3 como la primera opci\u00f3n elegida entre los millones de espectadores que siguieron domingo a domingo este reality musical, \u2018La Voz Kids\u2019 marc\u00f3 record y se consolid\u00f3 como todo un \u00e9xito adem\u00e1s en las redes sociales ya que desde la primera noche de emisi\u00f3n fue imbatible en sinton\u00eda.<\/p>\n<p>Antes de que se eligiera La Voz 2013, se llev\u00f3 a cabo la Alfombra Roja en donde estuvieron presentes los seis finalistas que lograron, por su gran voz, su versatilidad y sus historias personales estar en la final.<img loading=\"lazy\" decoding=\"async\" class=\"aligncenter size-large wp-image-452749\" alt=\"DSC_0038\" src=\"https:\/\/diarioelpopular.com\/wp-content\/uploads\/2013\/08\/DSC_0038-560x375.jpg\" width=\"560\" height=\"375\" \/><\/p>\n<p>Manteniendo la sonrisa a flor de labios y con el di\u00e1logo de emociones que estableci\u00f3 la guapa presentadora Daisy Fuentes con los ni\u00f1os, nos expres\u00f3: \u201cPara m\u00ed ha sido un orgullo haber sido parte de esto y saber que hay esperanza para esta nueva generaci\u00f3n ya que todos ellos son unos grandes l\u00edderes\u201d.<img loading=\"lazy\" decoding=\"async\" class=\"aligncenter size-large wp-image-452750\" alt=\"DSC_0047\" src=\"https:\/\/diarioelpopular.com\/wp-content\/uploads\/2013\/08\/DSC_0047-560x375.jpg\" width=\"560\" height=\"375\" \/><\/p>\n<p>Mientras que Jorge Bernal anot\u00f3: \u201cMe siento realizado no solo como presentador sino como un porrista de estos ni\u00f1os que los vi mejorar y asi los vi ser grandes en el escenario. A trav\u00e9s del concurso he pedido informaci\u00f3n de muchos de los ni\u00f1os para seguir teniendo comunicaci\u00f3n con ellos\u201d.<img loading=\"lazy\" decoding=\"async\" class=\"aligncenter size-large wp-image-452751\" alt=\"DSC_0028\" src=\"https:\/\/diarioelpopular.com\/wp-content\/uploads\/2013\/08\/DSC_0028-560x375.jpg\" width=\"560\" height=\"375\" \/><\/p>\n<p>La presentadora del show de la ma\u00f1ana \u2018Un nuevo d\u00eda\u2019 Alessandra Villegas quien recibi\u00f3 a los artistas en la Alfombra Roja muy emocionada comento que se sent\u00eda feliz de ser parte del programa n\u00famero uno \u2018La Voz Kids\u2019, que siempre estuvo lleno de emociones\u201d.<br \/>\nSe esperaba que los coaches hicieran presencia en la Alfombra Roja, pero solo estuvieron Roberto Tapia, y Prince Royce el ganador de la noche.<img loading=\"lazy\" decoding=\"async\" class=\"aligncenter size-large wp-image-452752\" alt=\"DSC_0060\" src=\"https:\/\/diarioelpopular.com\/wp-content\/uploads\/2013\/08\/DSC_0060-560x375.jpg\" width=\"560\" height=\"375\" \/><\/p>\n<p><b>Prince Royce.<br \/>\n<\/b>\u201cLa verdad es que he sufrido tanto y si fue un honor poder compartir con ellos. Me siento triste de que ya es la final, lo disfrut\u00e9 no sabes cu\u00e1nto, me llevo la mejor de las experiencias y no me llevo nada negativo. Con mis s\u00faper amigos, Paulina y Roberto, la pasamos de maravilla asi como con los ni\u00f1os, solo espero que este show siga creciendo m\u00e1s. Hubo un momento, de todos en este reality, que si me doli\u00f3 mucho y fue cuando se fue Geoffrey ya que me identifiqu\u00e9 mucho con \u00e9l, es un chico de New Jersey de padres dominicanos y hace muy bien la bachata y la \u00a0salsa. Voy a extra\u00f1ar no solo a mis compa\u00f1eros, a los chicos, sino tambi\u00e9n a mi silla. Lo que si les he dicho a mis ni\u00f1os es que sigan cantando pase lo que pase, que se mantengan siempre con su familia y que no se olviden de donde vienen.\u201d<br \/>\nTeamRoyce: Paola y Sean.<img loading=\"lazy\" decoding=\"async\" class=\"aligncenter size-large wp-image-452753\" alt=\"DSC_0001\" src=\"https:\/\/diarioelpopular.com\/wp-content\/uploads\/2013\/08\/DSC_0001-560x375.jpg\" width=\"560\" height=\"375\" \/><\/p>\n<p><b>Paola:<\/b> Llego el d\u00eda que est\u00e1bamos esperando todos, mucha emoci\u00f3n y \u00a0la decisi\u00f3n la vamos a recibir con mucho amor, es una noche m\u00e1gica. Todas las canciones que me dio mi coach fueron en diferentes generos y eso era lo que yo quer\u00eda desde que llegue a esta competencia, para poder demostrar que en cualquier g\u00e9nero estoy c\u00f3moda. Este concurso nos dej\u00f3 momentos maravillosos, ha sido una experiencia incre\u00edble, hemos aprendido muchas cosas que nunca imagin\u00e1bamos y pudimos llegar bien lejos porque la competencia fue bien fuerte. El consejo que me dio Prince fue que todo lo hiciera con el coraz\u00f3n, que no le tuviera miedo al escenario y que como era mi \u00faltima canci\u00f3n, la disfrutara mucho. A todos mis fans que me apoyaron, mis agradecimientos, y despu\u00e9s de esto como voy a seguir adelante espero seguir contando con ellos ya que hicieron posible que este sue\u00f1o fuera una realidad\u201d. <img loading=\"lazy\" decoding=\"async\" class=\"aligncenter size-large wp-image-452754\" alt=\"DSC_0003\" src=\"https:\/\/diarioelpopular.com\/wp-content\/uploads\/2013\/08\/DSC_0003-560x375.jpg\" width=\"560\" height=\"375\" \/><\/p>\n<p><b>Sean:<\/b> \u201cNos sentimos muy bien de estar aqu\u00ed y muy emocionados de poder cantar una vez m\u00e1s ante el p\u00fablico. Con Paola somos buenos amigos antes de ser rivales en el escenario, los dos nos apoyamos mutuamente despu\u00e9s de que \u00e9ramos 18 finalistas. Prince Royce por ejemplo me aconsej\u00f3 que cantara con el alma y siempre diera de mi lo mejor, eso es lo que siempre har\u00e9 por mis fans y mi familia que tanto me apoyaron\u201d.<br \/>\nLos invitando fueron de lujo, La Reina Grupera Ana B\u00e1rbara, los actores Juan Soler y las guapas Gaby Espino y Maritza Rodr\u00edguez, asi como la s\u00faper estrella Ricky Martin quien al decirle que ten\u00eda muchas fans dentro de los medios y que significaban para \u00e9l los chicos de \u2018La Voz Kids\u2019, me respondi\u00f3:<img loading=\"lazy\" decoding=\"async\" class=\"aligncenter size-large wp-image-452755\" alt=\"DSC_0082\" src=\"https:\/\/diarioelpopular.com\/wp-content\/uploads\/2013\/08\/DSC_0082-560x375.jpg\" width=\"560\" height=\"375\" \/><\/p>\n<p>\u201cHay, much\u00edsimas gracias, que honor. La verdad que es fant\u00e1stico, estos ni\u00f1os nos dan mucha esperanza para el futuro de la industria con tanto talento que hemos estado viendo en este programa y es algo muy bonito para esta comunidad latina. El mejor consejo que yo les puedo dar a estos chicos es que tengan mucho enfoque y que se puedan rodear de gente positiva\u201d.<img loading=\"lazy\" decoding=\"async\" class=\"aligncenter size-large wp-image-452756\" alt=\"DSC_0069\" src=\"https:\/\/diarioelpopular.com\/wp-content\/uploads\/2013\/08\/DSC_0069-560x375.jpg\" width=\"560\" height=\"375\" \/><\/p>\n<p><b>Gaby Espino.<br \/>\n<\/b>\u201cMe he gozado el show al m\u00e1ximo, todos los fines de semana he llorado y he re\u00eddo. Los admiro cantidades y hay que reconocer que han hecho estos chicos un trabajo impresionante, que talento tienen, a mi han dejado impactada, he llorado, he re\u00eddo, que historias de los ni\u00f1os, solo espero que sigan cada uno en su lucha pero todos merec\u00edan ganar. \u201d En cuanto a la emoci\u00f3n de regresar en un s\u00faper papel en la nueva telenovela, \u2018Santa Diabla\u2019, Gaby nos cont\u00f3: \u201cEstamos a punto de salir al aire y lo que si les aseguro es que les va a fascinar la telenovela, est\u00e1 maravillosa y la estamos haciendo con todo el coraz\u00f3n del mundo\u201d.<br \/>\nCuando se escuch\u00f3 dar el nombre de Paola Guanche la voz l\u00edrica del programa, fue un aplauso interminable. A ella ninguna canci\u00f3n le quedo grande ni la de Whitney Houston, \u2018I Will Always Love You\u2019. Su interpretaci\u00f3n impecable y su p\u00fablico le dio su voto de confianza.<br \/>\n\u00a1Felicitaciones! \u2026\u2026 tanto a Paola como a Prince Royce.<br \/>\nHay que destacar que Telemundo hizo una buena elecci\u00f3n con los coaches, todos reconocidos, con carreras que han trascendido, con premios qu\u00e9 mostrar, con gestos c\u00e1lidos como el abrazar a los concursantes y decirles que sigan adelante con sus sue\u00f1os.<br \/>\nAsi que de esta primera edici\u00f3n del reality televisivo \u2018La Voz Kids\u2019, se cierra la p\u00e1gina con grandes emociones.<br \/>\n<b>Fotos: Frank.<\/b><\/p>\n","protected":false},"excerpt":{"rendered":"<p>Se cierra la p\u00e1gina con grandes emociones<\/p>\n","protected":false},"author":2,"featured_media":0,"comment_status":"open","ping_status":"open","sticky":false,"template":"","format":"standard","meta":{"footnotes":""},"categories":[80,81,2482],"tags":[],"class_list":["post-452746","post","type-post","status-publish","format-standard","hentry","category-cine-2","category-columnistas","category-espectaculo"],"_links":{"self":[{"href":"https:\/\/diarioelpopular.com\/index.php\/wp-json\/wp\/v2\/posts\/452746","targetHints":{"allow":["GET"]}}],"collection":[{"href":"https:\/\/diarioelpopular.com\/index.php\/wp-json\/wp\/v2\/posts"}],"about":[{"href":"https:\/\/diarioelpopular.com\/index.php\/wp-json\/wp\/v2\/types\/post"}],"author":[{"embeddable":true,"href":"https:\/\/diarioelpopular.com\/index.php\/wp-json\/wp\/v2\/users\/2"}],"replies":[{"embeddable":true,"href":"https:\/\/diarioelpopular.com\/index.php\/wp-json\/wp\/v2\/comments?post=452746"}],"version-history":[{"count":3,"href":"https:\/\/diarioelpopular.com\/index.php\/wp-json\/wp\/v2\/posts\/452746\/revisions"}],"predecessor-version":[{"id":452779,"href":"https:\/\/diarioelpopular.com\/index.php\/wp-json\/wp\/v2\/posts\/452746\/revisions\/452779"}],"wp:attachment":[{"href":"https:\/\/diarioelpopular.com\/index.php\/wp-json\/wp\/v2\/media?parent=452746"}],"wp:term":[{"taxonomy":"category","embeddable":true,"href":"https:\/\/diarioelpopular.com\/index.php\/wp-json\/wp\/v2\/categories?post=452746"},{"taxonomy":"post_tag","embeddable":true,"href":"https:\/\/diarioelpopular.com\/index.php\/wp-json\/wp\/v2\/tags?post=452746"}],"curies":[{"name":"wp","href":"https:\/\/api.w.org\/{rel}","templated":true}]}}