{"id":453001,"date":"2013-08-16T00:24:16","date_gmt":"2013-08-16T04:24:16","guid":{"rendered":"http:\/\/diarioelpopular.com\/?p=453001"},"modified":"2013-08-20T20:17:53","modified_gmt":"2013-08-21T00:17:53","slug":"los-sospechos-en-el-caso-de-rehtaeh-parsons-en-la-corte-para-enfrentar-cargos-de-pornografia-infantil","status":"publish","type":"post","link":"https:\/\/diarioelpopular.com\/index.php\/2013\/08\/16\/los-sospechos-en-el-caso-de-rehtaeh-parsons-en-la-corte-para-enfrentar-cargos-de-pornografia-infantil\/","title":{"rendered":"Los sospechos en el caso de Rehtaeh Parsons en la corte para enfrentar cargos de pornograf\u00eda infantil"},"content":{"rendered":"<div id=\"attachment_453002\" style=\"width: 310px\" class=\"wp-caption aligncenter\"><img loading=\"lazy\" decoding=\"async\" aria-describedby=\"caption-attachment-453002\" class=\"size-full wp-image-453002\" alt=\"Los partidarios de Rehtaeh Parsons se reunieron afuera de la corte este jueves. Hubo una reacci\u00f3n del p\u00fablico abrumador para el caso Rehtaeh Parsons con las personas que cuestionan por qu\u00e9 no hab\u00edan cargos presentados en el caso. (Steph Clattenburg \/ CBC)\" src=\"https:\/\/diarioelpopular.com\/wp-content\/uploads\/2013\/08\/mi-ns-rehtaeh-supporters.jpg\" width=\"300\" height=\"169\" \/><p id=\"caption-attachment-453002\" class=\"wp-caption-text\">Los partidarios de Rehtaeh Parsons se reunieron afuera de la corte este jueves. Hubo una reacci\u00f3n del p\u00fablico abrumador para el caso Rehtaeh Parsons con las personas que cuestionan por qu\u00e9 no hab\u00edan cargos presentados en el caso. (Steph Clattenburg \/ CBC)<\/p><\/div>\n<p><strong><em>HALIFAX.-<\/em><\/strong> Dos\u00a0 j\u00f3venes comparecieron en el tribunal de menores este jueves para enfrentar cargos de pornograf\u00eda infantil en un juicio de alto perfil conectado a Rehtaeh Parsons, la adolescente de Nueva Escocia que fue intimidada en l\u00ednea y luego se quit\u00f3 la vida, pero su familia dice que no piensan la justicia puede prevalecer.<\/p>\n<p>La chica de 17-a\u00f1os de edad, muri\u00f3 en abril. Ella fue sacada de los aparatos de soporte de vida a los pocos d\u00edas despu\u00e9s de un intento de suicidio.<\/p>\n<p>Seg\u00fan los padres de Rehtaeh, cuatro chicos agredieron sexualmente a su hija en una fiesta en casa cuando ella ten\u00eda solo 15 a\u00f1os. La adolescente de Cole Harbour, NS, fue luego objeto de burla por sus compa\u00f1eros, aguantando el acoso implacable y la humillaci\u00f3n sufrida despu\u00e9s que una foto digital del ataque se distribuy\u00f3 en la escuela y en los medios sociales.<\/p>\n<p>Los chicos acusados \u200b\u200ben el caso son ambos de 18 a\u00f1os, pero no pueden ser identificados porque eran menores de edad en el momento de los presuntos delitos.<\/p>\n<p>Uno de los sujetos acusados encara cargos de creaci\u00f3n y distribuci\u00f3n de pornograf\u00eda infantil. El otro se enfrenta a dos cargos de distribuci\u00f3n; cargos que refutaron.<\/p>\n<p>Uno de los sospechosos arrib\u00f3 a la corte flanqueado por sus padres. El otro, representado por Josh Arnold, con el apoyo de su madre.<\/p>\n<p>Arnold dijo que las condiciones de liberaci\u00f3n de su cliente se han actualizado para que pueda salir de la provincia, siempre y cuando los funcionarios avisen con 24 horas de anticipaci\u00f3n. Tambi\u00e9n tiene que reportarse cuando regrese a Nueva Escocia.<\/p>\n<p>Ambos sospechosos deber\u00e1n estar de vuelta en la corte el 19 de septiembre.<\/p>\n<p>&#8220;No tengo absolutamente ninguna fe en la Real Polic\u00eda Montada o la polic\u00eda de la ciudad de Halifax o los fiscales de la Corona, ya que se cayeron por completo en este caso.&#8221; Afirm\u00f3 el tio de la perecida adolescente.<\/p>\n<p>Wayne MacKay, profesor de derecho en la Universidad de Dalhousie en Halifax y presidente del grupo de trabajo de la provincia en el cyber bullying, dijo que el caso es una anomal\u00eda jur\u00eddica.<\/p>\n<p>&#8220;Es relativamente raro que los j\u00f3venes sean acusados \u200b\u200bde pornograf\u00eda infantil, aunque hay algunos otros precedentes para eso&#8221;, dijo. &#8220;As\u00ed que hay tantos elementos nuevos que han salido de la situaci\u00f3n Rehtaeh Parsons que parece ser un proceso que nunca termina.&#8221;<\/p>\n<p><strong><em>Presunci\u00f3n de inocencia<\/em><\/strong><\/p>\n<p>Simpatizantes protestaron frente al Palacio de Justicia con pancartas que dec\u00edan &#8220;Justicia para Rehtaeh Parsons.&#8221;<\/p>\n<p>El caso ha recibido una intensa atenci\u00f3n nacional e internacional, ya que la familia de Rehtaeh comenz\u00f3 a contar su versi\u00f3n de la historia despu\u00e9s de su muerte en abril.<\/p>\n<p>Hubo una reacci\u00f3n del p\u00fablico abrumadora, que cuestionan el por qu\u00e9 no se hab\u00edan presentado cargos en el caso.<\/p>\n<p>El grupo en l\u00edea Anonymous amenaz\u00f3 con nombrar a los j\u00f3venes involucrados, si las autoridades de Nueva Escocia no tomaban acci\u00f3n contra ellos, por lo que la polic\u00eda se vio obligada a internevir.<\/p>\n<p>Arnold dijo que ahora que el caso se encuentra ante la corte juvenil que cree que su cliente va a tener un juicio justo.<\/p>\n<p>&#8220;Probablemente esta es una cuesti\u00f3n que va a ser escuchada por un juez solo, no es un juez y un jurado, y no tengo ning\u00fan temor de que un juez de Nueva Escocia no ser\u00e1 capaz de llevar a cabo el asunto justamente debido la ingerencia\u00a0 de los medios de comunicaci\u00f3n&#8221;, dijo.<\/p>\n<p>Pero Elizabeth Buckle, presidente de la Asociaci\u00f3n de Nueva Escocia \u00a0de Abogados Penalistas&#8221;, dijo la especulaci\u00f3n generalizada en el caso es algo problem\u00e1tica.<\/p>\n<p>&#8220;Una de las cosas que me sorprende es lo poco que hemos escuchado acerca de la presunci\u00f3n de inocencia y la cantidad de personas que est\u00e1n dando comentarios sobre los hechos sin conocer todos los hechos&#8221;, dijo.<\/p>\n<p>Buckle dijo que era raro o\u00edr al primer ministro Stephen Harper hacer comentarios sobre los progresos realizados en el caso a medida que avanza en los tribunales.<\/p>\n<p>&#8220;Creo que no tiene en cuenta la presunci\u00f3n de inocencia, y no tiene en cuenta que tal vez qu el delito no tuvo lugar aqu\u00ed&#8221;, dijo.<\/p>\n<p>La polic\u00eda de Halifax y la RCMP decidieron reabrir el caso a mediados de abril, despu\u00e9s de su muerte y la presi\u00f3n del p\u00fablico, diciendo que ten\u00edan nueva informaci\u00f3n.<\/p>\n<p>Murray Segal, un ex fiscal Ontario, ha sido designado para llevar a cabo una revisi\u00f3n independiente de la gesti\u00f3n del caso Parsons por la polic\u00eda y el Ministerio P\u00fablico en Nueva Escocia.<\/p>\n<p>La provincia promulg\u00f3 una ley contra el acoso cibern\u00e9tico el d\u00eda antes de los cargos de pornograf\u00eda infantil fueran impuestos a los sospechosos la semana pasada. La nueva legislaci\u00f3n da a las v\u00edctimas la posibilidad de demandar a los presuntos acosadores cibern\u00e9ticos, o sus padres, si los acusados \u200b\u200bson menores de edad.<\/p>\n","protected":false},"excerpt":{"rendered":"<p>La adolescente de Nueva Escocia fue intimidada en l\u00ednea y luego, debido a su frustraci\u00f3n e impotencia de combatir con las redes sociales, se quit\u00f3 la vida.<\/p>\n","protected":false},"author":2,"featured_media":0,"comment_status":"open","ping_status":"open","sticky":false,"template":"","format":"standard","meta":{"footnotes":""},"categories":[21],"tags":[],"class_list":["post-453001","post","type-post","status-publish","format-standard","hentry","category-canada"],"_links":{"self":[{"href":"https:\/\/diarioelpopular.com\/index.php\/wp-json\/wp\/v2\/posts\/453001","targetHints":{"allow":["GET"]}}],"collection":[{"href":"https:\/\/diarioelpopular.com\/index.php\/wp-json\/wp\/v2\/posts"}],"about":[{"href":"https:\/\/diarioelpopular.com\/index.php\/wp-json\/wp\/v2\/types\/post"}],"author":[{"embeddable":true,"href":"https:\/\/diarioelpopular.com\/index.php\/wp-json\/wp\/v2\/users\/2"}],"replies":[{"embeddable":true,"href":"https:\/\/diarioelpopular.com\/index.php\/wp-json\/wp\/v2\/comments?post=453001"}],"version-history":[{"count":3,"href":"https:\/\/diarioelpopular.com\/index.php\/wp-json\/wp\/v2\/posts\/453001\/revisions"}],"predecessor-version":[{"id":453026,"href":"https:\/\/diarioelpopular.com\/index.php\/wp-json\/wp\/v2\/posts\/453001\/revisions\/453026"}],"wp:attachment":[{"href":"https:\/\/diarioelpopular.com\/index.php\/wp-json\/wp\/v2\/media?parent=453001"}],"wp:term":[{"taxonomy":"category","embeddable":true,"href":"https:\/\/diarioelpopular.com\/index.php\/wp-json\/wp\/v2\/categories?post=453001"},{"taxonomy":"post_tag","embeddable":true,"href":"https:\/\/diarioelpopular.com\/index.php\/wp-json\/wp\/v2\/tags?post=453001"}],"curies":[{"name":"wp","href":"https:\/\/api.w.org\/{rel}","templated":true}]}}