{"id":453227,"date":"2013-08-30T00:15:00","date_gmt":"2013-08-30T04:15:00","guid":{"rendered":"http:\/\/diarioelpopular.com\/?p=453227"},"modified":"2013-08-29T19:44:48","modified_gmt":"2013-08-29T23:44:48","slug":"daniela-romo","status":"publish","type":"post","link":"https:\/\/diarioelpopular.com\/index.php\/2013\/08\/30\/daniela-romo\/","title":{"rendered":"Daniela  Romo"},"content":{"rendered":"<p><img loading=\"lazy\" decoding=\"async\" class=\"aligncenter size-large wp-image-453228\" alt=\"1.Daniela-Romo--1\" src=\"https:\/\/diarioelpopular.com\/wp-content\/uploads\/2013\/08\/1.Daniela-Romo-1-560x560.jpg\" width=\"560\" height=\"560\" \/>Camale\u00f3nica y vers\u00e1til, expresiva y sugerente, responsable y puntual, por eso se ha ganado a pulso su fama de profesional Daniela Romo, una de las artistas mexicanas m\u00e1s emblem\u00e1ticas y quien siempre est\u00e1 impactando con su sencillez. \u00bfLo m\u00e1s importante? Su naturalidad, motivo por el cual sus innumerables fans no dudan en seguirla siempre.<\/p>\n<p>Sobre las telenovelas en que ha participado Daniela, se queda uno sin argumentos a la hora de elogiarlas y esta vez le toc\u00f3 el turno a \u2018La Tempestad\u2019. Su papel, Mercedes, una mujer humilde y sencillamente un personaje neur\u00e1lgico.<\/p>\n<p>\u201cEstoy muy contenta y la verdad que m\u00e1s que contenta muy agradecida con Salvador Mej\u00eda y que me haya encomendado a Mercedes Artigas por ser un personaje realmente interesante, con muchos matices. Es un personaje que siempre so\u00f1\u00e9 hacer y te lo digo porque yo he hecho muchas mam\u00e1s y muy especiales desde \u2018Si Dios me quita la vida\u2019, que fue la primera que hice y que sufr\u00eda mucho, claro que su historia era diferente.<\/p>\n<p>Me gust\u00f3 mucho cuando le\u00ed la historia ya que hab\u00eda una especie\u00a0 de misterio en ella. Tiene tantas facetas; Mercedes canta, desahoga su dolor y vac\u00edo, motiva a muchas cosas, tiene su parte empresarial, de soledad y de su b\u00fasqueda. Lo que me espera en el futuro no se exactamente que ser\u00e1, pero lo que si te puedo decir es que yo me entrego absolutamente a mis personajes\u201d, a\u00f1adi\u00f3 la artista.<\/p>\n<p>Daniela quien adem\u00e1s est\u00e1 de pl\u00e1cemes con su m\u00e1s reciente \u00e1lbum \u2018Para so\u00f1ar\u2019 en donde est\u00e1n los duetos que hizo con algunos de sus compatriotas y especialmente con Pancho C\u00e9spedes en el tema que se escucha en la telenovela.<img loading=\"lazy\" decoding=\"async\" class=\"aligncenter size-full wp-image-453229\" alt=\"web.-Daniela-Romo-y-Pancho-Cespedes\" src=\"https:\/\/diarioelpopular.com\/wp-content\/uploads\/2013\/08\/web.-Daniela-Romo-y-Pancho-Cespedes.jpg\" width=\"360\" height=\"439\" \/><\/p>\n<p align=\"center\"><b>Daniela \u2013 Pancho C\u00e9spedes<\/b><\/p>\n<p>\u00a0\u201cPrecisamente la canci\u00f3n se llama \u2018Para so\u00f1ar\u2019, porque para eso nacimos. El sue\u00f1o para m\u00ed era conocer a Pancho C\u00e9spedes a quien siempre he admirado, es m\u00e1s, le dije, si t\u00fa supieras las veces que yo he llorado con tus canciones. Yo nunca esper\u00e9 tener una canci\u00f3n de Francisco y mucho menos cantarla\u00a0 con el mismo autor, imag\u00ednate, eso fue grand\u00edsimo, todo un privilegio y \u00e9l me honra con su amistad, su cari\u00f1o y su talento. Tiene una gran sensibilidad, es todo un personaje entra\u00f1able y lo que m\u00e1s se agradece por sobre todas las cosas es su generosidad, al querer compartir su talento\u201d.<\/p>\n<p>La int\u00e9rprete y actriz, internacionalmente reconocida con el Premio Grammy Latino a la Excelencia, nos conquist\u00f3 con su nuevo look despu\u00e9s de erradicar el c\u00e1ncer de mama y ahora es una mujer bien fuerte y optimista ante la vida, ella con mucho entusiasmo lo admiti\u00f3.<\/p>\n<p>\u201cS\u00e9 que suena raro pero lo dije y lo seguir\u00e9 diciendo: el tener c\u00e1ncer ha sido la experiencia de vida m\u00e1s maravillosa que me ha tocado vivir, es muy dolorosa, es verdad, pero se conoce el verdadero amor a trav\u00e9s del dolor. Por eso es la empat\u00eda que tengo con mi personaje de Mercedes, ella es fascinante ya que llega a la madurez a la misma que yo he llegado pasando por ese laberinto de sufrimiento, afortunadamente fue r\u00e1pido y se fue el enemigo y malhechor, pero a la misma vez el generador de mucho amor, lo repito. Esto que yo hago es la manera de vivir mi vida, le he dedicado 40 a\u00f1os a esta profesi\u00f3n y cuando fui ni\u00f1a le dedique mis sue\u00f1os y me enrumbaba hacia esto, entonces el trabajo lo hago con entrega, alegr\u00eda, fe y el coraz\u00f3n, por esa reciprocidad de todo ese amor que siempre estuve recibiendo\u201d.<img loading=\"lazy\" decoding=\"async\" class=\"aligncenter size-large wp-image-453230\" alt=\"Daniela__La_Tempestad # 3\" src=\"https:\/\/diarioelpopular.com\/wp-content\/uploads\/2013\/08\/Daniela__La_Tempestad-3-560x834.jpg\" width=\"560\" height=\"834\" \/><\/p>\n<p>Daniela Romo est\u00e1 imparable, la decisi\u00f3n de ser parte de \u2018La Tempestad\u2019 fue todo un acierto, ella siempre ha vivido para la m\u00fasica, la interpretaci\u00f3n y la actuaci\u00f3n.<\/p>\n<p>\u2018La Tempestad\u2019, a las 9:00PM\/8C por Univisi\u00f3n.<\/p>\n","protected":false},"excerpt":{"rendered":"<p>Conoci\u00f3 el verdadero amor a trav\u00e9s del dolor<br \/>\nCamale\u00f3nica y vers\u00e1til, expresiva y sugerente, responsable y puntual, por eso se ha ganado a pulso su fama de profesional Daniela Romo, una de las artistas mexicanas m\u00e1s emblem\u00e1ticas<\/p>\n","protected":false},"author":2,"featured_media":0,"comment_status":"open","ping_status":"open","sticky":false,"template":"","format":"standard","meta":{"footnotes":""},"categories":[80,81,2482],"tags":[],"class_list":["post-453227","post","type-post","status-publish","format-standard","hentry","category-cine-2","category-columnistas","category-espectaculo"],"_links":{"self":[{"href":"https:\/\/diarioelpopular.com\/index.php\/wp-json\/wp\/v2\/posts\/453227","targetHints":{"allow":["GET"]}}],"collection":[{"href":"https:\/\/diarioelpopular.com\/index.php\/wp-json\/wp\/v2\/posts"}],"about":[{"href":"https:\/\/diarioelpopular.com\/index.php\/wp-json\/wp\/v2\/types\/post"}],"author":[{"embeddable":true,"href":"https:\/\/diarioelpopular.com\/index.php\/wp-json\/wp\/v2\/users\/2"}],"replies":[{"embeddable":true,"href":"https:\/\/diarioelpopular.com\/index.php\/wp-json\/wp\/v2\/comments?post=453227"}],"version-history":[{"count":1,"href":"https:\/\/diarioelpopular.com\/index.php\/wp-json\/wp\/v2\/posts\/453227\/revisions"}],"predecessor-version":[{"id":453231,"href":"https:\/\/diarioelpopular.com\/index.php\/wp-json\/wp\/v2\/posts\/453227\/revisions\/453231"}],"wp:attachment":[{"href":"https:\/\/diarioelpopular.com\/index.php\/wp-json\/wp\/v2\/media?parent=453227"}],"wp:term":[{"taxonomy":"category","embeddable":true,"href":"https:\/\/diarioelpopular.com\/index.php\/wp-json\/wp\/v2\/categories?post=453227"},{"taxonomy":"post_tag","embeddable":true,"href":"https:\/\/diarioelpopular.com\/index.php\/wp-json\/wp\/v2\/tags?post=453227"}],"curies":[{"name":"wp","href":"https:\/\/api.w.org\/{rel}","templated":true}]}}