{"id":453485,"date":"2013-09-13T00:13:29","date_gmt":"2013-09-13T04:13:29","guid":{"rendered":"http:\/\/diarioelpopular.com\/?p=453485"},"modified":"2013-09-12T20:01:51","modified_gmt":"2013-09-13T00:01:51","slug":"gloria-estefan","status":"publish","type":"post","link":"https:\/\/diarioelpopular.com\/index.php\/2013\/09\/13\/gloria-estefan\/","title":{"rendered":"Gloria Estefan"},"content":{"rendered":"<p><img loading=\"lazy\" decoding=\"async\" class=\"aligncenter size-large wp-image-453486\" alt=\"WEB.DSC_0067\" src=\"https:\/\/diarioelpopular.com\/wp-content\/uploads\/2013\/09\/WEB.DSC_0067-560x376.jpg\" width=\"560\" height=\"376\" \/>En conferencia de prensa que se llev\u00f3 a cabo en el Hotel Mandar\u00edn Oriental, Gloria Estefan hizo la presentaci\u00f3n de su \u00e1lbum \u2018The Standards\u2019, a los m\u00e1s importantes medios de comunicaci\u00f3n. Tras abrir la rueda de prensa su moderadora, la periodista Leila Cobo, la artista respondi\u00f3 una a una las preguntas de los asistentes. <img loading=\"lazy\" decoding=\"async\" class=\"aligncenter size-large wp-image-453487\" alt=\"WEB.DSC_0059\" src=\"https:\/\/diarioelpopular.com\/wp-content\/uploads\/2013\/09\/WEB.DSC_0059-560x376.jpg\" width=\"560\" height=\"376\" \/><\/p>\n<p>Y es que Gloria tiene mucho de qu\u00e9 presumir, tuvo a su disposici\u00f3n el cancionero m\u00e1s granado de la \u00e9poca, grandes cl\u00e1sicos que con esa musicalizaci\u00f3n realzaron su belleza en versiones como \u201cWhat a Difference a Day Makes\u2019, de Mar\u00eda Grever o \u2018Young at heart\u2019, uno de los cl\u00e1sicos del inolvidable Frank Sinatra. Tambi\u00e9n encontramos Good Morning Heartache, Wat A Wonderful World o un Young At Heart.<\/p>\n<p>Y ni que decir de &#8220;Eu sei que vou te amar&#8221;, de Antonio Carlos Jobim y Vinicius De Moraes, esta suave balada rom\u00e1ntica evoca mejor la magia que nos ha mantenido a los latinoamericanos embelesados durante generaciones y Gloria supo darle ese filin a esta obra de arte.<\/p>\n<p>La capacidad de transmitir emociones es mucho mayor. El tango \u201cThe Day You Say You Love Me\u201d (El D\u00eda Que Me Quer\u00edas) la artista cubana lo interpreta con el alma y lo canta con el coraz\u00f3n para llegarle al de todos sus admiradores.<\/p>\n<p>Por eso al preguntarle que hab\u00eda significado grabar \u2018El d\u00eda que me quieras\u2019, (versi\u00f3n en ingl\u00e9s), un tango que bail\u00f3 con Emilio el d\u00eda de su boda, Gloria me respondi\u00f3:<\/p>\n<p>\u201cYo quer\u00eda compartir lo que fue mi canci\u00f3n de bodas y ojala que se convierta en eso para muchas personas que jam\u00e1s hayan escuchado a Gardel porque son anglosajones. Asi que es algo muy lindo y es un reto muy grande presentar este tema que para nosotros es tan importante a un p\u00fablico mundial, hasta ahora ha recibido una muy linda reacci\u00f3n especialmente en Argentina, porque cuando fui y la cant\u00e9 la gente dec\u00eda; esto es algo serio. El d\u00eda que lo grab\u00e9 Emilio estaba ah\u00ed y yo ten\u00eda la conexi\u00f3n tambi\u00e9n con mi bebe, mi nieto que lo ten\u00eda en mis brazos y sujet\u00e1ndolo mientras hacia los dos primeros pases de la canci\u00f3n\u201d.<\/p>\n<p>Adem\u00e1s nos expresa su admiraci\u00f3n hacia Carlos Gardel.<\/p>\n<p>\u201cFue un privilegio y un honor muy grande. Sent\u00ed el peso de que estaba haciendo algo tambi\u00e9n en ingles nuevo, a\u00f1adiendo otra capa al gran Gardel que es un Dios del tango\u2026 en Argentina y mundialmente. Ten\u00eda a mi lado a Joshua Bell que toco el viol\u00edn pues yo quer\u00eda que fuera un dueto de viol\u00edn y voz y \u00e9l \u00a0fue quien le puso una gran pasi\u00f3n. Yo creo que Gardel me acompa\u00f1\u00f3 en la ducha a las 2 de la ma\u00f1ana\u201d, expreso entre sonrisas, \u201cY me inspir\u00f3 porque sent\u00ed realmente que algo paso a trav\u00e9s de m\u00ed cuando lo cant\u00e9, \u00a0ojal\u00e1 que haya sido \u00e9l\u201d.<img loading=\"lazy\" decoding=\"async\" class=\"aligncenter size-large wp-image-453488\" alt=\"WEB.DSC_0070\" src=\"https:\/\/diarioelpopular.com\/wp-content\/uploads\/2013\/09\/WEB.DSC_0070-560x376.jpg\" width=\"560\" height=\"376\" \/><\/p>\n<p>The Standards sale a la venta en Estados Unidos y Latinoam\u00e9rica este 10 de septiembre, fecha especial para Glorita pues celebra su aniversario de boda y a la misma vez celebra su cumplea\u00f1os. Esta joya tiene m\u00fasicos de renombre, est\u00e1 interpretado en cinco idiomas; ingl\u00e9s, espa\u00f1ol, italiano, portugu\u00e9s y franc\u00e9s y adem\u00e1s hay un dueto con Laura Pausini de la cual admiti\u00f3 ser su fan.<\/p>\n<p>\u00bfGloria c\u00f3mo fue para ti elegir el repertorio de estas canciones cl\u00e1sicas?<\/p>\n<p>\u201cMuy dif\u00edcil la verdad. Grabamos diecis\u00e9is, trece en la versi\u00f3n que sale normalmente pero quince quedaron en el disco que tiene Target. Escogimos canciones que ambos, Shelly Berg y yo, pens\u00e1bamos que eran las m\u00e1s allegadas, especialmente para m\u00ed porque yo puedo estarme sintiendo mal y el escuchar alguno de estos temas me hace sentir muy bien. Ahora puedo decirte que estoy lista para hacer otros vol\u00famenes, me encantar\u00eda, especialmente por la reacci\u00f3n y la aceptaci\u00f3n que The Standards ha tenido, estas son canciones que han durado por d\u00e9cadas y es un \u00e1lbum muy musical\u201d.<\/p>\n<p>Para concluir la rueda de prensa, los ejecutivos de Sony Music le entregaron un Disco de Titanio, por ello muy emocionada Gloria expres\u00f3:<img loading=\"lazy\" decoding=\"async\" class=\"aligncenter size-large wp-image-453489\" alt=\"WEB.DSC_0099\" src=\"https:\/\/diarioelpopular.com\/wp-content\/uploads\/2013\/09\/WEB.DSC_0099-560x376.jpg\" width=\"560\" height=\"376\" \/><\/p>\n<p>\u201cCien millones de disco significan para mi m\u00e1s de cien millones de personas que ha escuchado nuestra m\u00fasica, que es lo m\u00e1s importante. Y aunque el negocio est\u00e1 muy dif\u00edcil, lo sabemos, el artista va a seguir creando y compartiendo su m\u00fasica porque necesitamos hacerlo, eso es un privilegio y son ustedes muy lindos y muy magn\u00e1nimos\u201d, concluy\u00f3.<img loading=\"lazy\" decoding=\"async\" class=\"aligncenter size-large wp-image-453490\" alt=\"WEB.Rossana-y-Gloria-09-03-13\" src=\"https:\/\/diarioelpopular.com\/wp-content\/uploads\/2013\/09\/WEB.Rossana-y-Gloria-09-03-13-560x297.jpg\" width=\"560\" height=\"297\" \/><\/p>\n<p align=\"center\"><b>Rossana Azuero \u2013 Gloria Estefan<\/b><\/p>\n<p>Gloria Estefan es una artista comprometida con su m\u00fasica, eso es de admirarse porque sus emociones se cuelan a trav\u00e9s de cada una de sus interpretaciones. \u201cThe Standards\u201d ser\u00e1 un \u00e1lbum universal, un sin\u00f3nimo de amor, de ternura, de comunicaci\u00f3n, es de esos que uno puede escuchar en cualquier momento del d\u00eda o en la noche disfrutarlo bajo las estrellas acompa\u00f1ado de la luna reflej\u00e1ndose en las palmeras porque est\u00e1 lleno de letras po\u00e9ticas que dan voz a la a\u00f1oranza.<\/p>\n<p><b>Fotos: Frank.<\/b><\/p>\n","protected":false},"excerpt":{"rendered":"<p>\u201cGardel es un Dios del tango\u2026 en Argentina y mundialmente\u201d<\/p>\n","protected":false},"author":2,"featured_media":0,"comment_status":"open","ping_status":"open","sticky":false,"template":"","format":"standard","meta":{"footnotes":""},"categories":[80,81,2482],"tags":[],"class_list":["post-453485","post","type-post","status-publish","format-standard","hentry","category-cine-2","category-columnistas","category-espectaculo"],"_links":{"self":[{"href":"https:\/\/diarioelpopular.com\/index.php\/wp-json\/wp\/v2\/posts\/453485","targetHints":{"allow":["GET"]}}],"collection":[{"href":"https:\/\/diarioelpopular.com\/index.php\/wp-json\/wp\/v2\/posts"}],"about":[{"href":"https:\/\/diarioelpopular.com\/index.php\/wp-json\/wp\/v2\/types\/post"}],"author":[{"embeddable":true,"href":"https:\/\/diarioelpopular.com\/index.php\/wp-json\/wp\/v2\/users\/2"}],"replies":[{"embeddable":true,"href":"https:\/\/diarioelpopular.com\/index.php\/wp-json\/wp\/v2\/comments?post=453485"}],"version-history":[{"count":1,"href":"https:\/\/diarioelpopular.com\/index.php\/wp-json\/wp\/v2\/posts\/453485\/revisions"}],"predecessor-version":[{"id":453491,"href":"https:\/\/diarioelpopular.com\/index.php\/wp-json\/wp\/v2\/posts\/453485\/revisions\/453491"}],"wp:attachment":[{"href":"https:\/\/diarioelpopular.com\/index.php\/wp-json\/wp\/v2\/media?parent=453485"}],"wp:term":[{"taxonomy":"category","embeddable":true,"href":"https:\/\/diarioelpopular.com\/index.php\/wp-json\/wp\/v2\/categories?post=453485"},{"taxonomy":"post_tag","embeddable":true,"href":"https:\/\/diarioelpopular.com\/index.php\/wp-json\/wp\/v2\/tags?post=453485"}],"curies":[{"name":"wp","href":"https:\/\/api.w.org\/{rel}","templated":true}]}}