{"id":453594,"date":"2013-09-23T13:35:14","date_gmt":"2013-09-23T17:35:14","guid":{"rendered":"http:\/\/diarioelpopular.com\/?p=453594"},"modified":"2013-09-24T19:29:27","modified_gmt":"2013-09-24T23:29:27","slug":"la-cultura-en-espanol-despide-a-alvaro-mutis-el-navegante-de-la-literatura","status":"publish","type":"post","link":"https:\/\/diarioelpopular.com\/index.php\/2013\/09\/23\/la-cultura-en-espanol-despide-a-alvaro-mutis-el-navegante-de-la-literatura\/","title":{"rendered":"La cultura en espa\u00f1ol despide a \u00c1lvaro Mutis, el navegante de la literatura"},"content":{"rendered":"<div id=\"attachment_453595\" style=\"width: 510px\" class=\"wp-caption aligncenter\"><img loading=\"lazy\" decoding=\"async\" aria-describedby=\"caption-attachment-453595\" class=\"size-full wp-image-453595\" alt=\"Es escritor colombiano Alvaro Mutis (Izq) junto a su colega y paisano, Gabriel Garc\u00eda M\u00e1rquez (gabo).\" src=\"https:\/\/diarioelpopular.com\/wp-content\/uploads\/2013\/09\/mutis.jpg\" width=\"500\" height=\"350\" \/><p id=\"caption-attachment-453595\" class=\"wp-caption-text\">Es escritor colombiano Alvaro Mutis (Izq) junto a su colega y paisano, Gabriel Garc\u00eda M\u00e1rquez (gabo).<\/p><\/div>\n<p><strong><em>Redacci\u00f3n Cultura.-<\/em> <\/strong>El mundo de la cultura en espa\u00f1ol de uno y otro lado del Atl\u00e1ntico ha destacado este lunes la hondura y trascendencia literaria de \u00c1lvaro Mutis, creador de Maqroll el Gaviero, &#8220;alter ego&#8221; de su po\u00e9tico retrato de la desesperanza ante lo humano, pero tambi\u00e9n de la plenitud y vitalidad de la naturaleza.<br \/>\nMutis, fallecido este domingo en M\u00e9xico D.F. a los 90 a\u00f1os, naci\u00f3 en Santa Fe de Bogot\u00e1 (Colombia) en 1923, aunque su vida viajera comenz\u00f3 muy temprano porque, como hijo de diplom\u00e1tico, a los dos a\u00f1os ya estaba el futuro escritor en Bruselas.<\/p>\n<p>Ten\u00eda nueve a\u00f1os cuando muri\u00f3 su padre, y la familia regres\u00f3 a Colombia, al lugar que el escritor acabar\u00eda eligiendo como patria: la finca de caf\u00e9 y ca\u00f1a de az\u00facar fundada por su abuelo en Coello (Tolima, Colombia), en las estribaciones de la Cordillera Central Andina.<\/p>\n<p>&#8220;He intentado a lo largo de mi obra perpetuar ese rinc\u00f3n, y en mi poes\u00eda est\u00e1n los cafetales, los r\u00edos torrentosos, la naturaleza salvaje, los \u00e1rboles con flores bell\u00edsimas, rojas, violetas o blancas. De este sitio decid\u00ed ser, y \u00e9sta fue mi patria&#8221;, dijo Mutis sobre el lugar que marcar\u00eda definitivamente su obra.<\/p>\n<p>El Gobierno colombiano, por medio de su ministra de Cultura, Mariana Garc\u00e9s C\u00f3rdoba, ha situado a Mutis &#8220;en el pante\u00f3n de los cl\u00e1sicos de la literatura universal&#8221;, y le ha calificado como &#8220;una voz po\u00e9tica sin par en la poes\u00eda iberoamericana&#8221;.<\/p>\n<p>El autor chileno Jorge Edwards, actual embajador de Chile en Francia, ha calificado a Mutis como &#8220;un escritor de la imaginaci\u00f3n&#8221; y &#8220;un poeta&#8221;. &#8220;Cuando escrib\u00eda en prosa, tambi\u00e9n lo hac\u00eda como un poeta&#8221;, ha explicado.<\/p>\n<p>La idas y venidas familiares en Europa y Am\u00e9rica inculcaron la fascinaci\u00f3n por el mar en Mutis, que se estableci\u00f3 en M\u00e9xico en 1958, tras viajar por todo el mundo trabajando como relaciones p\u00fablicas para compa\u00f1\u00edas internacionales y de tener alg\u00fan problema legal con una de ellas, la multinacional Esso, que le llev\u00f3 a pasar unos meses en prisi\u00f3n.<\/p>\n<p>Su primer libro fue el poemario &#8220;La balanza&#8221; (1948) y despu\u00e9s conquist\u00f3 la literatura en espa\u00f1ol gracias a su &#8220;alter ego&#8221;, Maqroll el Gaviero, protagonista de siete de sus nueve libros de narrativa.<\/p>\n<p>Este marino que tambi\u00e9n escribe poes\u00eda proporcion\u00f3 a Mutis los m\u00e1s importantes galardones de la letras en espa\u00f1ol, como el Premio Cervantes, el Pr\u00edncipe de Asturias, el Reina Sof\u00eda de Poes\u00eda o el Nacional de las Letras y el de Poes\u00eda en Colombia.<\/p>\n<p>El Gobierno espa\u00f1ol, a trav\u00e9s de su ministro de Cultura, Jos\u00e9 Ignacio Wert, ha calificado hoy a Mutis como &#8220;uno de los poetas y narradores m\u00e1s importantes de su generaci\u00f3n&#8221; y ha recordado que &#8220;impregn\u00f3 de una singular lucidez y desesperanza su visi\u00f3n sobre la historia del ser humano y su ef\u00edmera existencia&#8221;.<\/p>\n<p>&#8220;El Gaviero viene de mis lecturas de Conrad, de Melville, sobre todo de &#8216;Moby Dick&#8217;. Es el tipo que est\u00e1 all\u00e1 arriba, en la gavia, que me parece el trabajo m\u00e1s bello que puede haber en un barco, all\u00e1 entre las gaviotas, frente a la inmensidad y en la soledad m\u00e1s absoluta&#8221;, explic\u00f3 el autor sobre el personaje que marc\u00f3 su literatura.<\/p>\n<p>Y el escritor colombiano Santiago Gamboa calificaba este lunes a Mutis como &#8220;una especie de Joseph Conrad latinoamericano&#8221; y un autor para el cual el mar &#8220;era siempre la met\u00e1fora de un espacio de personas con grand\u00edsimos valores&#8221; que aprecian &#8220;por encima de todo la amistad&#8221;.<\/p>\n<p>Gamboa destac\u00f3 tambi\u00e9n que el autor de &#8220;Iliona llega con la lluvia&#8221; fue uno de los pocos autores que hizo &#8220;poes\u00eda en prosa&#8221; con enorme \u00e9xito.<\/p>\n<p>Y es que Mutis se consideraba sobre todo &#8220;un servidor de la poes\u00eda&#8221;, g\u00e9nero al que consideraba como &#8220;forma privilegiada de la expresi\u00f3n humana&#8221; y que truf\u00f3 toda su vida literaria -&#8220;mi obra es un poema continuo&#8221;, dijo-, tal vez en busca de respuestas, porque consideraba que &#8220;la poes\u00eda tiene la capacidad de revelar la verdad m\u00e1s \u00edntima del hombre sobre s\u00ed mismo y sobre su mundo&#8221;.<\/p>\n","protected":false},"excerpt":{"rendered":"<p>El mundo de la cultura en espa\u00f1ol de uno y otro lado del Atl\u00e1ntico ha destacado este lunes la hondura y trascendencia literaria de \u00c1lvaro Mutis, creador de Maqroll el Gaviero, &#8220;alter ego&#8221; de su po\u00e9tico retrato de la desesperanza ante lo humano.<\/p>\n","protected":false},"author":2,"featured_media":0,"comment_status":"open","ping_status":"open","sticky":false,"template":"","format":"standard","meta":{"footnotes":""},"categories":[23,24],"tags":[],"class_list":["post-453594","post","type-post","status-publish","format-standard","hentry","category-latinoamerica","category-mundo"],"_links":{"self":[{"href":"https:\/\/diarioelpopular.com\/index.php\/wp-json\/wp\/v2\/posts\/453594","targetHints":{"allow":["GET"]}}],"collection":[{"href":"https:\/\/diarioelpopular.com\/index.php\/wp-json\/wp\/v2\/posts"}],"about":[{"href":"https:\/\/diarioelpopular.com\/index.php\/wp-json\/wp\/v2\/types\/post"}],"author":[{"embeddable":true,"href":"https:\/\/diarioelpopular.com\/index.php\/wp-json\/wp\/v2\/users\/2"}],"replies":[{"embeddable":true,"href":"https:\/\/diarioelpopular.com\/index.php\/wp-json\/wp\/v2\/comments?post=453594"}],"version-history":[{"count":2,"href":"https:\/\/diarioelpopular.com\/index.php\/wp-json\/wp\/v2\/posts\/453594\/revisions"}],"predecessor-version":[{"id":453597,"href":"https:\/\/diarioelpopular.com\/index.php\/wp-json\/wp\/v2\/posts\/453594\/revisions\/453597"}],"wp:attachment":[{"href":"https:\/\/diarioelpopular.com\/index.php\/wp-json\/wp\/v2\/media?parent=453594"}],"wp:term":[{"taxonomy":"category","embeddable":true,"href":"https:\/\/diarioelpopular.com\/index.php\/wp-json\/wp\/v2\/categories?post=453594"},{"taxonomy":"post_tag","embeddable":true,"href":"https:\/\/diarioelpopular.com\/index.php\/wp-json\/wp\/v2\/tags?post=453594"}],"curies":[{"name":"wp","href":"https:\/\/api.w.org\/{rel}","templated":true}]}}