{"id":453951,"date":"2013-10-18T00:03:40","date_gmt":"2013-10-18T04:03:40","guid":{"rendered":"http:\/\/diarioelpopular.com\/?p=453951"},"modified":"2013-10-25T09:14:17","modified_gmt":"2013-10-25T13:14:17","slug":"manolo-cardona-2","status":"publish","type":"post","link":"https:\/\/diarioelpopular.com\/index.php\/2013\/10\/18\/manolo-cardona-2\/","title":{"rendered":"Manolo Cardona"},"content":{"rendered":"<p align=\"center\"><a href=\"https:\/\/diarioelpopular.com\/wp-content\/uploads\/2013\/10\/1.Manolo-Cardona-1.jpg\"><img loading=\"lazy\" decoding=\"async\" class=\"aligncenter size-large wp-image-453952\" alt=\"1.Manolo-Cardona-1\" src=\"https:\/\/diarioelpopular.com\/wp-content\/uploads\/2013\/10\/1.Manolo-Cardona-1-560x373.jpg\" width=\"560\" height=\"373\" \/><\/a>Por llegar a ser quien es hoy en d\u00eda, tan polifac\u00e9tico y encantador, el nombre de Manolo Cardona est\u00e1 en la mente de varios directores que lo han convertido en uno de los rostros m\u00e1s habituales del cine y la televisi\u00f3n.<\/p>\n<p>Tras rodar pel\u00edculas como, \u2018Rosario Tijeras\u2019 o \u2018The Mule\u2019 junto a Sharon Stone, Manolo se dio cuenta que su futuro tambi\u00e9n est\u00e1 detr\u00e1s de la c\u00e1mara y decidi\u00f3 probar suerte como productor, en la pel\u00edcula \u2018El Cartel de los Sapos\u2019, (The Snitch Cartel) una de las producciones cinematogr\u00e1ficas m\u00e1s ambiciosas en la historia del cine colombiano dirigida por Carlos Moreno y basada en la serie televisiva del libro escrito por Andr\u00e9s L\u00f3pez L\u00f3pez.<\/p>\n<p>La mirada de Cardona denot\u00f3 orgullo al preguntarle lo que signific\u00f3 ser actor y productor al mismo tiempo de esta pel\u00edcula, \u00e9l con una sonrisa nos explic\u00f3:<\/p>\n<p>\u201cMuy interesante e intensa. Me tocaba estar muy concentrado en la actuaci\u00f3n pero a la vez me llegaban todos los problemas de la producci\u00f3n y ten\u00eda que resolverlos, saber qu\u00e9 hacer y estar de un lado para el otro con todos los temas. Afortunadamente cont\u00e9 con un equipo muy profesional y todo sali\u00f3 impecable\u201d.<\/p>\n<p>Y es que Manolo pertenece a esa generaci\u00f3n de actores que buscan involucrarse en esa gran amistad con los rodajes que les hagan revivir las intensas sensaciones que les da su profesi\u00f3n, en este caso fue llevar a \u2018Fresita\u2019 a la pantalla grande.<a href=\"https:\/\/diarioelpopular.com\/wp-content\/uploads\/2013\/10\/2.Manolo-Cardona-2.jpg\"><img loading=\"lazy\" decoding=\"async\" class=\"aligncenter size-large wp-image-453953\" alt=\"2.Manolo-Cardona-2\" src=\"https:\/\/diarioelpopular.com\/wp-content\/uploads\/2013\/10\/2.Manolo-Cardona-2-560x373.jpg\" width=\"560\" height=\"373\" \/><\/a><\/p>\n<p align=\"center\"><b>Foto: Frank<\/b><\/p>\n<p>\u00a0\u201cUn trabajo bien fuerte. Primero, meterme en la cabeza de Andr\u00e9s, entender sus motivaciones, ver como se mov\u00eda, sus tics en la cara, los gestos corporales que son muchos, en la espalda, los hombros o la cabeza, una mezcla de todo. Lo que yo saco de Andr\u00e9s es que\u00a0 es un personaje muy pasional, que no le teme a nada y que se deja llevar por sus impulsos, eso es bien valedero. En \u2018El Cartel de los Sapos\u2019 se ve esa historia de amor entre Sof\u00eda y Martin, de\u00a0 c\u00f3mo le mueve su vida y es su motivaci\u00f3n absoluta, eso es lo que le hace da\u00f1ar la cabeza\u201d.<\/p>\n<p>Con el colombiano Carlos Moreno como director, Manolo Cardona afirma que es un privilegio trabajar con una persona talentosa, que lo \u00fanico que le proporciona en el set es confianza y por ende esa sensaci\u00f3n de solidez actoral.<\/p>\n<p>\u201cTengo que decir que Carlos tiene una manera visual muy particular de contar las cosas, \u00e9l trabaja muy bien la direcci\u00f3n de actores, se cont\u00f3 con un elenco impresionante, la factura es espectacular y la verdad es que \u2018El Cartel de los Sapos\u2019 no tiene que envidarle a ninguna pel\u00edcula de Hollywood. Yo siento que los latinos se van a sentir muy orgullosos de ver hasta donde hemos avanzado nuestro cine y que si podemos tener a nivel visual, de sonido, de acci\u00f3n y de efectos especiales, pel\u00edculas de talla mundial\u201d.<a href=\"https:\/\/diarioelpopular.com\/wp-content\/uploads\/2013\/10\/03.DSC_0003.jpg\"><img loading=\"lazy\" decoding=\"async\" class=\"aligncenter size-large wp-image-453955\" alt=\"03.DSC_0003\" src=\"https:\/\/diarioelpopular.com\/wp-content\/uploads\/2013\/10\/03.DSC_0003-560x376.jpg\" width=\"560\" height=\"376\" \/><\/a><\/p>\n<p>Y agrega: \u201cHay muchos actores de M\u00e9xico de gran peso como Kuno Becker, Pedro Armend\u00e1riz en su \u00faltima pel\u00edcula, que en paz descanse, Adriana Barraza, nominada al Oscar por Babel, Rodrigo Oviedo, Sandra Echeverr\u00eda, Sa\u00fal Izazo y los que ya hab\u00edan estado en la serie, los colombianos, Diego Cadavid, R\u00f3binson D\u00edaz, Juli\u00e1n Arango, Andr\u00e9s Parra y Fernando Sol\u00f3rzano, por citar algunos nombres\u201d.<\/p>\n<p>La cinta \u2018El cartel de los sapos\u2019 fue nominada por la Academia Colombiana de Artes y Ciencias Cinematogr\u00e1ficas para la entrega del Oscar como Mejor Pel\u00edcula Extranjera y al record\u00e1rselo Manolo expres\u00f3 emocionado.<\/p>\n<p>\u201cFeliz de la vida, encantado. Estuvimos en la preselecci\u00f3n y eso fue todo un honor para nosotros porque esta pel\u00edcula es muy latinoamericana, mejor yo dir\u00eda americana porque fue rodada en tres pa\u00edses, Estados Unidos, M\u00e9xico y Colombia. Adem\u00e1s tiene mucho m\u00e1s fondo que simplemente el narcotr\u00e1fico, ah\u00ed van a ver una historia de amor maravillosa y van a vivir acci\u00f3n, drama, comedia y mil cosas m\u00e1s. Es como una monta\u00f1a rusa llena de emociones.<\/p>\n<p>La cinta no exalta a los narcotraficantes porque en ning\u00fan momento tratamos de enaltecer a los personajes. No es una apolog\u00eda al delito, al contrario, nuestro mensaje es que el crimen no paga, que todos terminan mal, muertos o en la c\u00e1rcel, que es una expectativa de vida muy corta y un dinero ef\u00edmero. Esta es una problem\u00e1tica latinoamericana, asi cada quien se dar\u00e1 cuenta del mensaje que dejar\u00e1 esta pel\u00edcula a todo el que la vea\u201d, asegur\u00f3 el talentoso actor.<a href=\"https:\/\/diarioelpopular.com\/wp-content\/uploads\/2013\/10\/5.Manolo-Cardona-5.jpg\"><img loading=\"lazy\" decoding=\"async\" class=\"aligncenter size-large wp-image-453956\" alt=\"5.Manolo-Cardona-5\" src=\"https:\/\/diarioelpopular.com\/wp-content\/uploads\/2013\/10\/5.Manolo-Cardona-5-560x373.jpg\" width=\"560\" height=\"373\" \/><\/a><\/p>\n<p align=\"center\"><b>Foto Frank.<\/b><\/p>\n<p>Para finalizar precis\u00f3: \u2018Quien vio la serie puede entrar a las salas de cine y sorprenderse este 18 de Octubre con \u2018The Snitch Cartel\u2019.<\/p>\n<p>Dentro del S\u00e9ptimo Arte, uno de seductores de la pantalla grande es Manolo Cardona quien se atreve a todo y todo lo hace bien: interpreta, produce, y no nos queda ninguna duda de que su pr\u00f3ximo sue\u00f1o lo cumplir\u00e1, ser director.<a href=\"https:\/\/diarioelpopular.com\/wp-content\/uploads\/2013\/10\/09.DSC_0009.jpg\"><img loading=\"lazy\" decoding=\"async\" class=\"aligncenter size-large wp-image-453957\" alt=\"09.DSC_0009\" src=\"https:\/\/diarioelpopular.com\/wp-content\/uploads\/2013\/10\/09.DSC_0009-560x376.jpg\" width=\"560\" height=\"376\" \/><\/a><\/p>\n","protected":false},"excerpt":{"rendered":"<p>\u2018The Snitch Cartel\u2019 no tiene nada que envidarle a ninguna pel\u00edcula de Hollywood<\/p>\n","protected":false},"author":5842,"featured_media":0,"comment_status":"open","ping_status":"open","sticky":false,"template":"","format":"standard","meta":{"footnotes":""},"categories":[80,81,2482],"tags":[],"class_list":["post-453951","post","type-post","status-publish","format-standard","hentry","category-cine-2","category-columnistas","category-espectaculo"],"_links":{"self":[{"href":"https:\/\/diarioelpopular.com\/index.php\/wp-json\/wp\/v2\/posts\/453951","targetHints":{"allow":["GET"]}}],"collection":[{"href":"https:\/\/diarioelpopular.com\/index.php\/wp-json\/wp\/v2\/posts"}],"about":[{"href":"https:\/\/diarioelpopular.com\/index.php\/wp-json\/wp\/v2\/types\/post"}],"author":[{"embeddable":true,"href":"https:\/\/diarioelpopular.com\/index.php\/wp-json\/wp\/v2\/users\/5842"}],"replies":[{"embeddable":true,"href":"https:\/\/diarioelpopular.com\/index.php\/wp-json\/wp\/v2\/comments?post=453951"}],"version-history":[{"count":3,"href":"https:\/\/diarioelpopular.com\/index.php\/wp-json\/wp\/v2\/posts\/453951\/revisions"}],"predecessor-version":[{"id":454104,"href":"https:\/\/diarioelpopular.com\/index.php\/wp-json\/wp\/v2\/posts\/453951\/revisions\/454104"}],"wp:attachment":[{"href":"https:\/\/diarioelpopular.com\/index.php\/wp-json\/wp\/v2\/media?parent=453951"}],"wp:term":[{"taxonomy":"category","embeddable":true,"href":"https:\/\/diarioelpopular.com\/index.php\/wp-json\/wp\/v2\/categories?post=453951"},{"taxonomy":"post_tag","embeddable":true,"href":"https:\/\/diarioelpopular.com\/index.php\/wp-json\/wp\/v2\/tags?post=453951"}],"curies":[{"name":"wp","href":"https:\/\/api.w.org\/{rel}","templated":true}]}}