{"id":454151,"date":"2013-11-01T00:03:28","date_gmt":"2013-11-01T04:03:28","guid":{"rendered":"http:\/\/diarioelpopular.com\/?p=454151"},"modified":"2013-10-31T19:56:26","modified_gmt":"2013-10-31T23:56:26","slug":"ednita-nazario","status":"publish","type":"post","link":"https:\/\/diarioelpopular.com\/index.php\/2013\/11\/01\/ednita-nazario\/","title":{"rendered":"Ednita Nazario"},"content":{"rendered":"<p align=\"center\"><a href=\"https:\/\/diarioelpopular.com\/wp-content\/uploads\/2013\/10\/web.Ednita-1.jpg\"><img loading=\"lazy\" decoding=\"async\" class=\"aligncenter size-large wp-image-454152\" alt=\"web.Ednita-#-1\" src=\"https:\/\/diarioelpopular.com\/wp-content\/uploads\/2013\/10\/web.Ednita-1-560x419.jpg\" width=\"560\" height=\"419\" \/><\/a>La artista puertorrique\u00f1a es una persona exigente, disciplinada, llena de creatividad y cuando canta y mete su energ\u00eda es como el fuego, muy emocional. En sus canciones le gusta recrear situaciones en las que se hable del amor, del perd\u00f3n, es como un diario expresado en sonidos pero todos con dignidad.<\/p>\n<p>Ednita Nazario siempre graba discos pensando en lo que le falta por o\u00edr, y es que la m\u00fasica para esta gran estrella ha sido lo que ha llenado su coraz\u00f3n, lo que la ha sanado en los momentos dif\u00edciles, y la ha hecho \u2018La m\u00e1s fuerte\u2019, como dice una de sus canciones.<\/p>\n<p>\u201cYa con el mariposeo en el est\u00f3mago. Aunque tenemos el primer sencillo, de la autor\u00eda de mi compatriota Kany Garc\u00eda, esperamos que sea el presagio de lo que viene, este fue un proyecto que nos tom\u00f3 pr\u00e1cticamente casi un a\u00f1o y por eso ahora lo estamos celebrando\u201d.<\/p>\n<p>El disco, bajo el sello de Sony Music, es su producci\u00f3n n\u00famero 27 en m\u00e1s de 30 a\u00f1os de vida art\u00edstica, tiene mucha sonoridad, cuerdas y \u00a0por eso su t\u00edtulo no pod\u00eda ser m\u00e1s emocional\u2026.. \u201cEl Coraz\u00f3n Decide\u201d, ya que est\u00e1 lleno de letras enmarcadas en un sonido que toca el alma.<\/p>\n<p>\u201cEn todas las decisiones que se toman en la vida, es el coraz\u00f3n el que da ese impulso. M\u00e1s all\u00e1 de lo que t\u00fa piensas, analizas y todo los que has vivido, hasta el decide cuanto tiempo vamos a estar en esta tierra porque al final del d\u00eda es el coraz\u00f3n es el que rige el camino, es la voz cantante. Por eso para m\u00ed tener la oportunidad de poder dedicarme toda la vida a lo que m\u00e1s me gusta, es una bendici\u00f3n que le agradezco a Dios, al p\u00fablico y a la vida\u201d.<\/p>\n<p>La Nazario viene esta vez compartiendo la m\u00fasica con diferentes personalidades como su productor George Noriega y sin rodeos vale la pena destacar a los compositores, Victoria Gastelo, Rafael Esparza Ruiz, Leonel Garc\u00eda, Pedro Cap\u00f3, Jean Rodr\u00edguez y Claudia Brant con quien co-escribi\u00f3 \u2018Vale La Pena\u2019.<a href=\"https:\/\/diarioelpopular.com\/wp-content\/uploads\/2013\/10\/web.Ednita-cover.jpg\"><img loading=\"lazy\" decoding=\"async\" class=\"aligncenter size-large wp-image-454153\" alt=\"web.Ednita-cover\" src=\"https:\/\/diarioelpopular.com\/wp-content\/uploads\/2013\/10\/web.Ednita-cover-560x560.jpg\" width=\"560\" height=\"560\" \/><\/a><\/p>\n<p>\u201cMe siento muy orgullosa y es una fortuna el poder estar rodeada de gente s\u00faper talentosa, que escribe maravillosamente bien, que son grandes m\u00fasicos, grandes productores, compositores y eso es un gran agasajo para m\u00ed. Desarrollamos muy buenas ideas gracias a que no ten\u00edamos prisa y adem\u00e1s todos me entienden muy bien musicalmente, por eso es que hay una absoluta confianza\u201d, expres\u00f3 la interprete.<\/p>\n<p>Y en ese encant\u00f3 que hizo con cada uno de ellos, la cantautora no pod\u00eda menos que expresar palabras de elogio para sus colegas.<\/p>\n<p>\u201cKany Garc\u00eda tiene mucho talento, escribe muy bello. Leonel Garc\u00eda es fabuloso, su tema la verdad es que te mueve el piso. Pedro Cap\u00f3 espectacular. Jean Rodr\u00edguez se luci\u00f3 y mi querida Claudia Brant sencillamente maravillosa, universal. Siempre he dicho que las dos somos una sola mujer dividida en dos, pensamos igual, hablamos el mismo idioma, aparte de que somos amigas entra\u00f1ables\u201d.<a href=\"https:\/\/diarioelpopular.com\/wp-content\/uploads\/2013\/10\/web.Ednita-Nazario-10-23-13.jpg\"><img loading=\"lazy\" decoding=\"async\" class=\"aligncenter size-large wp-image-454154\" alt=\"web.Ednita-Nazario-10-23-13\" src=\"https:\/\/diarioelpopular.com\/wp-content\/uploads\/2013\/10\/web.Ednita-Nazario-10-23-13-560x419.jpg\" width=\"560\" height=\"419\" \/><\/a><\/p>\n<p>Finalmente coment\u00f3 Ednita Nazario acerca del concierto en donde se unir\u00e1 en un mismo escenario con Ricky Martin y Tommy Torres, \u00a0eso ser\u00e1 el 16 de noviembre en el Coliseo de Puerto Rico.<\/p>\n<p>\u201cVa a\u00a0 ser un agasajo de primera porque vamos a estar tres amigos que nos queremos mucho en un evento \u00fanico que se va a llevar a Puerto Rico. Estamos muy contentos ya que ese recinto es bien importante para los tres, ah\u00ed hemos vivido momentos muy lindos y m\u00e1s que eso, es por una causa ben\u00e9fica, el Hospital San Jude que ayuda a los ni\u00f1os con c\u00e1ncer y nosotros somos fieles creyentes de esa linda obra\u201d.<\/p>\n<p>Por eso sus admiradores, de distintas edades y de todo el mundo, no le pierden el paso a la \u2018Diva\u2019, quien sabe combinar d\u00e1ndonos grandes y memorables \u00e1lbumes como este\u2026\u2026\u2026\u2026\u2026 \u2018El Coraz\u00f3n Decide\u2019.<\/p>\n","protected":false},"excerpt":{"rendered":"<p>\u201cEl coraz\u00f3n es el que rige el camino, es la voz cantante\u201d<\/p>\n","protected":false},"author":5842,"featured_media":0,"comment_status":"open","ping_status":"open","sticky":false,"template":"","format":"standard","meta":{"footnotes":""},"categories":[80,81,2482],"tags":[],"class_list":["post-454151","post","type-post","status-publish","format-standard","hentry","category-cine-2","category-columnistas","category-espectaculo"],"_links":{"self":[{"href":"https:\/\/diarioelpopular.com\/index.php\/wp-json\/wp\/v2\/posts\/454151","targetHints":{"allow":["GET"]}}],"collection":[{"href":"https:\/\/diarioelpopular.com\/index.php\/wp-json\/wp\/v2\/posts"}],"about":[{"href":"https:\/\/diarioelpopular.com\/index.php\/wp-json\/wp\/v2\/types\/post"}],"author":[{"embeddable":true,"href":"https:\/\/diarioelpopular.com\/index.php\/wp-json\/wp\/v2\/users\/5842"}],"replies":[{"embeddable":true,"href":"https:\/\/diarioelpopular.com\/index.php\/wp-json\/wp\/v2\/comments?post=454151"}],"version-history":[{"count":1,"href":"https:\/\/diarioelpopular.com\/index.php\/wp-json\/wp\/v2\/posts\/454151\/revisions"}],"predecessor-version":[{"id":454155,"href":"https:\/\/diarioelpopular.com\/index.php\/wp-json\/wp\/v2\/posts\/454151\/revisions\/454155"}],"wp:attachment":[{"href":"https:\/\/diarioelpopular.com\/index.php\/wp-json\/wp\/v2\/media?parent=454151"}],"wp:term":[{"taxonomy":"category","embeddable":true,"href":"https:\/\/diarioelpopular.com\/index.php\/wp-json\/wp\/v2\/categories?post=454151"},{"taxonomy":"post_tag","embeddable":true,"href":"https:\/\/diarioelpopular.com\/index.php\/wp-json\/wp\/v2\/tags?post=454151"}],"curies":[{"name":"wp","href":"https:\/\/api.w.org\/{rel}","templated":true}]}}