{"id":454662,"date":"2013-12-06T00:01:40","date_gmt":"2013-12-06T05:01:40","guid":{"rendered":"http:\/\/diarioelpopular.com\/?p=454662"},"modified":"2013-12-05T18:48:16","modified_gmt":"2013-12-05T23:48:16","slug":"alicia-machado-2","status":"publish","type":"post","link":"https:\/\/diarioelpopular.com\/index.php\/2013\/12\/06\/alicia-machado-2\/","title":{"rendered":"Alicia Machado"},"content":{"rendered":"<p align=\"center\"><a href=\"https:\/\/diarioelpopular.com\/wp-content\/uploads\/2013\/12\/WEB.Alicia-Machado-1-.jpg\"><img loading=\"lazy\" decoding=\"async\" class=\"aligncenter size-large wp-image-454663\" alt=\"WEB.Alicia-Machado-1-\" src=\"https:\/\/diarioelpopular.com\/wp-content\/uploads\/2013\/12\/WEB.Alicia-Machado-1--560x865.jpg\" width=\"560\" height=\"865\" \/><\/a>A Alicia Machado, primero como Miss Venezuela y despu\u00e9s como Miss Universo, se le permiti\u00f3 entrar por la puerta grande y desde aquel momento se inici\u00f3 en un viaje hacia la fama que ella siempre ha afrontado con serenidad.<\/p>\n<p>Su vida profesional contin\u00faa viento en popa porque despide y recibe el a\u00f1o con nuevos proyectos. Para empezar, la actriz, modelo, cantante y ex Miss Universo regresa a la m\u00fasica, despu\u00e9s de sus dos producciones \u201cEl Pa\u00eds de las Maravillas\u201d (2005) y \u201cSi se acabara el mundo\u201d (2009).<\/p>\n<p>\u201cVolv\u00ed de la mano del productor Jos\u00e9 Miguel Vel\u00e1zquez, con quien trabaj\u00e9 mi primer material y nos aventuramos a hacer otra vez m\u00fasica. Afortunadamente ahora la m\u00fasica tiene otra plataforma, otra difusi\u00f3n, y es que tanto los artistas famosos como los que est\u00e1n comenzando, dan a conocer sus trabajos a trav\u00e9s de sus p\u00e1ginas en las redes sociales, por eso pensamos: bueno, vamos a tocar esa puerta. Este sencillo lo podr\u00e1n adquirir a trav\u00e9s de mi web <a href=\"http:\/\/www.aliciamachadooficial.com\">www.aliciamachadooficial.com<\/a>, desde el pr\u00f3ximo 6 de diciembre, coincidiendo con el d\u00eda de mi cumplea\u00f1os\u201d.<\/p>\n<p>Este primer sencillo titulado \u2018Incomprendida\u2019, es un tema compuesto por el compositor argentino Diego Pietri.<\/p>\n<p>\u201cCuando lo escuch\u00e9 le dije que parec\u00eda que lo hubiera escrito para m\u00ed y para toda esa gente que muchas veces se siente incomprendida, o nos sentimos, en muchas cosas de la vida. No soy de las que cantan canciones si no logro identificarme con ellas o que no formen parte de mi vida y esta letra es una de ellas. Yo tomo este tema no solo como un regreso a la m\u00fasica, si no como un regalo para todos mis fans que siempre me estaban diciendo que cuando volv\u00eda a la cantada y el momento no pod\u00eda ser el mejor, una fecha tan especial y en un mes m\u00e1gico, Diciembre\u201d.<a href=\"https:\/\/diarioelpopular.com\/wp-content\/uploads\/2013\/12\/WEB.Alicia-Machado-2-.jpg\"><img loading=\"lazy\" decoding=\"async\" class=\"aligncenter size-large wp-image-454664\" alt=\"WEB.Alicia-Machado-2-\" src=\"https:\/\/diarioelpopular.com\/wp-content\/uploads\/2013\/12\/WEB.Alicia-Machado-2--560x840.jpg\" width=\"560\" height=\"840\" \/><\/a><\/p>\n<p>Para la Machado nunca hay l\u00edmites y el riesgo siempre es su compa\u00f1ero de viaje. Innovadora, talentosa e inteligente, asi es la tambi\u00e9n actriz.<\/p>\n<p>\u201cAparte de estrenar este sencillo estar\u00e9 estrenando toda la plataforma digital de ventas de mis perfumes y mis cremas. Pronto saldr\u00e1 la loci\u00f3n para caballeros que les encantar\u00e1 ya que me dediqu\u00e9 mucho en su aroma pues los hombres son muy especiales para sus fragancias. Quiero que no solamente les guste a ellos sino a sus mujeres, para que cuando huelan a su hombre huelan a un machazo divino, espectacular. Estamos pensando que saldr\u00e1 para el mes de Febrero\u201d.<\/p>\n<p>Y como si fuera poco tambi\u00e9n saldr\u00e1 su l\u00ednea de ropa interior, acerca de esto nos cuenta.<\/p>\n<p>\u201cLes aseguro que es una belleza, todos los d\u00edas estamos ajustando detalles y he estado escogiendo los dise\u00f1os. Esta es una ropa muy sensual\u00a0 pero para mujeres curvil\u00edneas, con carne, un dise\u00f1o atractivo, sexy, que te haga sentir bella, hermosa y femenina. Yo estoy metida en un entrenamiento y en una dieta de esas asi, salvajes, tipo Miss Universo, porque mi idea y mi ilusi\u00f3n es que esta primera colecci\u00f3n de ropa interior, yo la quiero modelar\u201d.<\/p>\n<p>La artista, quien nos asegura que la energ\u00eda del \u00e9xito le genera mucha paz y mucha alegr\u00eda, por ende cuando pertenece a un proyecto ya sea la cabeza o parte de ello siempre desea que se logre lo que se espera.<a href=\"https:\/\/diarioelpopular.com\/wp-content\/uploads\/2013\/12\/WEB.Alicia-Machado-3-.jpg\"><img loading=\"lazy\" decoding=\"async\" class=\"aligncenter size-large wp-image-454665\" alt=\"WEB.Alicia-Machado-3-------\" src=\"https:\/\/diarioelpopular.com\/wp-content\/uploads\/2013\/12\/WEB.Alicia-Machado-3--560x836.jpg\" width=\"560\" height=\"836\" \/><\/a><\/p>\n<p>\u201cCumpl\u00ed 18 a\u00f1os de carrera art\u00edstica, profesionalmente hablando, y siempre la cuento desde el 27 de Noviembre del 95. Todo lo que he logrado realizar ha sido con mucho trabajo. No soy la esposa de nadie, ni la protegida de nadie. Solita me he labrado mis caminos con gente tan talentosa que tengo a mi alrededor y que Dios la ha puesto en mi camino\u201d.<\/p>\n<p>Es por lo mismo que Alicia fund\u00f3 \u2018Mamis Solas\u2019, una fundaci\u00f3n en donde ayuda a las mujeres para que puedan salir adelante de forma independiente.<\/p>\n<p>\u201cEstoy tratando de regalarles el Ni\u00f1o Jes\u00fas, como decimos nosotros en Venezuela, a los hijos de todas estas madres este 22 de diciembre. Soy una madre soltera que tiene muchas herramientas para sacar a mi hija a delante, pero yo s\u00e9 que esa misma suerte no la tienen otras mujeres\u201d.<\/p>\n<p>Una buena estrella ilumina a la venezolana Alicia Machado. Tal vez porque ella hace del optimismo y el \u00e9xito una filosof\u00eda de vida que le funciona, como siempre lo ha hecho en cada minuto de su vida.<\/p>\n","protected":false},"excerpt":{"rendered":"<p>Hace del optimismo y el \u00e9xito una filosof\u00eda de vida<\/p>\n","protected":false},"author":5842,"featured_media":0,"comment_status":"open","ping_status":"open","sticky":false,"template":"","format":"standard","meta":{"footnotes":""},"categories":[80,2482],"tags":[],"class_list":["post-454662","post","type-post","status-publish","format-standard","hentry","category-cine-2","category-espectaculo"],"_links":{"self":[{"href":"https:\/\/diarioelpopular.com\/index.php\/wp-json\/wp\/v2\/posts\/454662","targetHints":{"allow":["GET"]}}],"collection":[{"href":"https:\/\/diarioelpopular.com\/index.php\/wp-json\/wp\/v2\/posts"}],"about":[{"href":"https:\/\/diarioelpopular.com\/index.php\/wp-json\/wp\/v2\/types\/post"}],"author":[{"embeddable":true,"href":"https:\/\/diarioelpopular.com\/index.php\/wp-json\/wp\/v2\/users\/5842"}],"replies":[{"embeddable":true,"href":"https:\/\/diarioelpopular.com\/index.php\/wp-json\/wp\/v2\/comments?post=454662"}],"version-history":[{"count":1,"href":"https:\/\/diarioelpopular.com\/index.php\/wp-json\/wp\/v2\/posts\/454662\/revisions"}],"predecessor-version":[{"id":454666,"href":"https:\/\/diarioelpopular.com\/index.php\/wp-json\/wp\/v2\/posts\/454662\/revisions\/454666"}],"wp:attachment":[{"href":"https:\/\/diarioelpopular.com\/index.php\/wp-json\/wp\/v2\/media?parent=454662"}],"wp:term":[{"taxonomy":"category","embeddable":true,"href":"https:\/\/diarioelpopular.com\/index.php\/wp-json\/wp\/v2\/categories?post=454662"},{"taxonomy":"post_tag","embeddable":true,"href":"https:\/\/diarioelpopular.com\/index.php\/wp-json\/wp\/v2\/tags?post=454662"}],"curies":[{"name":"wp","href":"https:\/\/api.w.org\/{rel}","templated":true}]}}