{"id":454772,"date":"2013-12-13T00:02:05","date_gmt":"2013-12-13T05:02:05","guid":{"rendered":"http:\/\/diarioelpopular.com\/?p=454772"},"modified":"2013-12-12T20:17:14","modified_gmt":"2013-12-13T01:17:14","slug":"forever-navidad-es-el-christmas-de-marger","status":"publish","type":"post","link":"https:\/\/diarioelpopular.com\/index.php\/2013\/12\/13\/forever-navidad-es-el-christmas-de-marger\/","title":{"rendered":"\u201cForever Navidad\u201d es el christmas  de Marger"},"content":{"rendered":"<p><a href=\"https:\/\/diarioelpopular.com\/wp-content\/uploads\/2013\/12\/WEB.Marger-1.jpg\"><img loading=\"lazy\" decoding=\"async\" class=\"aligncenter size-full wp-image-454773\" alt=\"WEB.Marger--#-1\" src=\"https:\/\/diarioelpopular.com\/wp-content\/uploads\/2013\/12\/WEB.Marger-1.jpg\" width=\"192\" height=\"144\" \/><\/a>La m\u00fasica navide\u00f1a es hermosa, se siente y se vive a\u00fan m\u00e1s cuando artistas como la venezolana Marger nos presenta, en formato digital, el mejor regalo: \u201cForever Navidad\u201d. Un disco grabado en ingl\u00e9s y espa\u00f1ol para deleite de muchos fans y con m\u00fasicos en vivo \u201cComo se hac\u00eda anteriormente\u201d, nos afirma la cantautora muy emocionada.<\/p>\n<p>Marger est\u00e1 segura, satisfecha y se le aprecia en su voz, por eso decidi\u00f3 poner en pr\u00e1ctica lo que llevaba planeando: fusionar el g\u00f3spel, con el blues y el jazz en esta producci\u00f3n.<\/p>\n<p>\u201cEstoy emocionada y orgullosa de formar parte de este proyecto y de que la m\u00fasica, una vez m\u00e1s, sirva para acompa\u00f1arlos en estas fechas tan especiales. Es un disco de concepto muy espiritual. Lo titulamos asi por dos razones: primero, porque es en ingl\u00e9s y espa\u00f1ol y segundo porque la m\u00fasica de navidad es para toda la vida\u201d.<\/p>\n<p>Y es que ella es una artista de directo, lo demuestra en el escenario y este pasado 5 de diciembre, en la Iglesia Saint Rose Of Lima de Miami, present\u00f3 su \u00e1lbum con un \u00e9xito total y asi lo comprob\u00f3 de nueva cuenta.<\/p>\n<p>\u201cTodo lo que se recaud\u00f3 fueron fondos para la iglesia que al lado tiene una escuela y le prestan mucha ayuda a la gente necesitada. Fue muy hermoso porque contamos con ni\u00f1os que son m\u00fasicos de la coral de la escuela y la magia fue muy especial\u201d.<\/p>\n<p>Su profesi\u00f3n es ser cantante, pero tambi\u00e9n forma parte de su vida ser actriz, por ende nos adelant\u00f3 algo de su proyecto m\u00e1s inmediato.<\/p>\n<p>\u201cMi carrera comenz\u00f3 haciendo teatro. Mucha gente no conoce bien esta faceta m\u00eda y se van a sorprender cuando me vean haciendo este musical, en donde tengo un personaje incre\u00edble. La obra se llama \u201cEl club de las divorciadas\u2019, es una comedia que trata de cinco mujeres y cada una de ellas cuenta su historia. Est\u00e1n Mirtha Medina, Claudia la esposa de Alexis Vald\u00e9s, M\u00f3nica Pasqualotto, y Adriana Mascialiano, su estreno ser\u00e1 el 20 de diciembre en el Teatro Hispano de Miami asi que separen esa fecha pues se van a divertir\u201d.<a href=\"https:\/\/diarioelpopular.com\/wp-content\/uploads\/2013\/12\/WEB.Marger-2.jpg\"><img loading=\"lazy\" decoding=\"async\" class=\"aligncenter size-full wp-image-454774\" alt=\"WEB.Marger-#-2\" src=\"https:\/\/diarioelpopular.com\/wp-content\/uploads\/2013\/12\/WEB.Marger-2.jpg\" width=\"288\" height=\"288\" \/><\/a><\/p>\n<p>\u2018Forever Navidad\u2019 sali\u00f3 bajo la producci\u00f3n de Julio Bagu\u00e9 y el sello Peermusic,<\/p>\n<p>\u201cEs una editora que tiene los cat\u00e1logos m\u00e1s grandes de canciones y mi productor me propuso que us\u00e1ramos canciones que fueran de dominio p\u00fablico para poder traducirlas al espa\u00f1ol y hacerles versiones muy personales. Buscamos aquellas que aunque eran muy populares en el mercado americano, en el latino no eran tan conocidas y no se hab\u00edan versionado, como \u2018El Ni\u00f1o ya naci\u00f3\u2019, que es como un canto de alabanza al Ni\u00f1o Jes\u00fas\u201d.<\/p>\n<p>Adem\u00e1s este es un \u00e1lbum especial de Navidad para la misma artista y ella nos cuenta el porqu\u00e9.<\/p>\n<p>\u201cPara m\u00ed en lo personal la navidad fue una \u00e9poca muy dif\u00edcil y siempre me pon\u00eda triste, por lo cual grabar este disco fue una terapia que me ha ayudado a mirar lo que ahora tengo y agradecerlo. Es que hay tantas personas que tienen dificultades y que bueno es poder ayudarlas\u201d.<a href=\"https:\/\/diarioelpopular.com\/wp-content\/uploads\/2013\/12\/WEB.Marger-3.jpg\"><img loading=\"lazy\" decoding=\"async\" class=\"aligncenter size-large wp-image-454775\" alt=\"WEB.Marger-#-3\" src=\"https:\/\/diarioelpopular.com\/wp-content\/uploads\/2013\/12\/WEB.Marger-3-560x373.jpg\" width=\"560\" height=\"373\" \/><\/a><\/p>\n<p>Los discos Marger los graba para disfrutarlos y por eso todo lo que est\u00e1 en esta producci\u00f3n es su esencia bajo el cobijo de su alma y encabezado por una frase muy hermosa \u201cForever Navidad\u201d,<\/p>\n<p>\u00a1Tiene un significado muy especial! y siempre nos sorprendes amiga.<\/p>\n","protected":false},"excerpt":{"rendered":"<p>\u201cUn disco de concepto muy espiritual\u201d<\/p>\n","protected":false},"author":5842,"featured_media":0,"comment_status":"open","ping_status":"open","sticky":false,"template":"","format":"standard","meta":{"footnotes":""},"categories":[80,81],"tags":[],"class_list":["post-454772","post","type-post","status-publish","format-standard","hentry","category-cine-2","category-columnistas"],"_links":{"self":[{"href":"https:\/\/diarioelpopular.com\/index.php\/wp-json\/wp\/v2\/posts\/454772","targetHints":{"allow":["GET"]}}],"collection":[{"href":"https:\/\/diarioelpopular.com\/index.php\/wp-json\/wp\/v2\/posts"}],"about":[{"href":"https:\/\/diarioelpopular.com\/index.php\/wp-json\/wp\/v2\/types\/post"}],"author":[{"embeddable":true,"href":"https:\/\/diarioelpopular.com\/index.php\/wp-json\/wp\/v2\/users\/5842"}],"replies":[{"embeddable":true,"href":"https:\/\/diarioelpopular.com\/index.php\/wp-json\/wp\/v2\/comments?post=454772"}],"version-history":[{"count":1,"href":"https:\/\/diarioelpopular.com\/index.php\/wp-json\/wp\/v2\/posts\/454772\/revisions"}],"predecessor-version":[{"id":454776,"href":"https:\/\/diarioelpopular.com\/index.php\/wp-json\/wp\/v2\/posts\/454772\/revisions\/454776"}],"wp:attachment":[{"href":"https:\/\/diarioelpopular.com\/index.php\/wp-json\/wp\/v2\/media?parent=454772"}],"wp:term":[{"taxonomy":"category","embeddable":true,"href":"https:\/\/diarioelpopular.com\/index.php\/wp-json\/wp\/v2\/categories?post=454772"},{"taxonomy":"post_tag","embeddable":true,"href":"https:\/\/diarioelpopular.com\/index.php\/wp-json\/wp\/v2\/tags?post=454772"}],"curies":[{"name":"wp","href":"https:\/\/api.w.org\/{rel}","templated":true}]}}