{"id":454829,"date":"2013-12-18T00:05:06","date_gmt":"2013-12-18T05:05:06","guid":{"rendered":"http:\/\/diarioelpopular.com\/?p=454829"},"modified":"2013-12-17T19:21:47","modified_gmt":"2013-12-18T00:21:47","slug":"se-reaunuda-servicio-ferroviario-en-lac-megantic","status":"publish","type":"post","link":"https:\/\/diarioelpopular.com\/index.php\/2013\/12\/18\/se-reaunuda-servicio-ferroviario-en-lac-megantic\/","title":{"rendered":"Se reaunuda servicio ferroviario en Lac -Megantic"},"content":{"rendered":"<div id=\"attachment_454830\" style=\"width: 570px\" class=\"wp-caption aligncenter\"><a href=\"https:\/\/diarioelpopular.com\/wp-content\/uploads\/2013\/12\/foto-1-breves-29.jpg\"><img loading=\"lazy\" decoding=\"async\" aria-describedby=\"caption-attachment-454830\" class=\"size-large wp-image-454830\" alt=\"Los trabajadores de la escena del descarrilamiento de un tren de MMA en el centro de Lac-Megantic, el  21 de julio de 2013.\" src=\"https:\/\/diarioelpopular.com\/wp-content\/uploads\/2013\/12\/foto-1-breves-29-560x420.jpg\" width=\"560\" height=\"420\" \/><\/a><p id=\"caption-attachment-454830\" class=\"wp-caption-text\">Los trabajadores de la escena del descarrilamiento de un tren de MMA en el centro de Lac-Megantic, el 21 de julio de 2013.<\/p><\/div>\n<p><strong><em>LAC-MEGANTIC.-<\/em><\/strong> Los residentes de Lac- Megantic en Quebec, avanzan hacia la reconstrucci\u00f3n de su ciudad cuando, este mi\u00e9rcoles, pasar\u00e1 el primer tren desde el descarrilamiento de un tren de carga el pasado verano.<\/p>\n<p>En julio, un tren de carga que transportaba crudo salt\u00f3 fuera de las v\u00edas, causando una serie de explosiones y la muerte de 47 personas.<\/p>\n<p>Uno de los residentes de la ciudad expres\u00f3 que \u201cla comunidad tiene emociones encontradas sobre la reanudaci\u00f3n del servicio ferroviario, teniendo a\u00fan el recuerdo de la cat\u00e1strofe\u201d.<\/p>\n<p>El primer tren est\u00e1 programado para Lac-Megantic bajo nuevas regulaciones. Los trenes que pasan por la ciudad s\u00f3lo podr\u00e1n viajar durante las horas del d\u00eda y transportar mercanc\u00eda seca. Adicionalmente, el l\u00edmite de velocidad se ha reducido hasta 16 kil\u00f3metros por hora en algunas partes de la pista.<\/p>\n<p>El Alcalde Colette Roy- Laroche reconoci\u00f3 los temores de muchos habitantes con el reinicio del servicio ferroviario, apuntando que \u201ces necesario\u201d.<\/p>\n<p>Sin embargo, algunos vecinos consideran que no habr\u00e1 un impacto econ\u00f3mico negativo si los trenes no vuelven a Lac- Megantic, dada la dependencia de la ciudad en las industrias de madera, construcci\u00f3n y fabricaci\u00f3n.<\/p>\n","protected":false},"excerpt":{"rendered":"<p> Los residentes de Lac- Megantic en Quebec, avanzan hacia la reconstrucci\u00f3n de su ciudad cuando, este mi\u00e9rcoles, pasar\u00e1 el primer tren desde el descarrilamiento de un tren de carga el pasado verano.<\/p>\n","protected":false},"author":5842,"featured_media":0,"comment_status":"open","ping_status":"open","sticky":false,"template":"","format":"standard","meta":{"footnotes":""},"categories":[21],"tags":[],"class_list":["post-454829","post","type-post","status-publish","format-standard","hentry","category-canada"],"_links":{"self":[{"href":"https:\/\/diarioelpopular.com\/index.php\/wp-json\/wp\/v2\/posts\/454829","targetHints":{"allow":["GET"]}}],"collection":[{"href":"https:\/\/diarioelpopular.com\/index.php\/wp-json\/wp\/v2\/posts"}],"about":[{"href":"https:\/\/diarioelpopular.com\/index.php\/wp-json\/wp\/v2\/types\/post"}],"author":[{"embeddable":true,"href":"https:\/\/diarioelpopular.com\/index.php\/wp-json\/wp\/v2\/users\/5842"}],"replies":[{"embeddable":true,"href":"https:\/\/diarioelpopular.com\/index.php\/wp-json\/wp\/v2\/comments?post=454829"}],"version-history":[{"count":1,"href":"https:\/\/diarioelpopular.com\/index.php\/wp-json\/wp\/v2\/posts\/454829\/revisions"}],"predecessor-version":[{"id":454831,"href":"https:\/\/diarioelpopular.com\/index.php\/wp-json\/wp\/v2\/posts\/454829\/revisions\/454831"}],"wp:attachment":[{"href":"https:\/\/diarioelpopular.com\/index.php\/wp-json\/wp\/v2\/media?parent=454829"}],"wp:term":[{"taxonomy":"category","embeddable":true,"href":"https:\/\/diarioelpopular.com\/index.php\/wp-json\/wp\/v2\/categories?post=454829"},{"taxonomy":"post_tag","embeddable":true,"href":"https:\/\/diarioelpopular.com\/index.php\/wp-json\/wp\/v2\/tags?post=454829"}],"curies":[{"name":"wp","href":"https:\/\/api.w.org\/{rel}","templated":true}]}}