{"id":454874,"date":"2013-12-20T00:07:21","date_gmt":"2013-12-20T05:07:21","guid":{"rendered":"http:\/\/diarioelpopular.com\/?p=454874"},"modified":"2013-12-19T18:47:09","modified_gmt":"2013-12-19T23:47:09","slug":"tiroteo-fatal-en-laval-podria-estar-vinculado-con-delincuencia-organizada","status":"publish","type":"post","link":"https:\/\/diarioelpopular.com\/index.php\/2013\/12\/20\/tiroteo-fatal-en-laval-podria-estar-vinculado-con-delincuencia-organizada\/","title":{"rendered":"Tiroteo fatal en Laval podr\u00eda estar vinculado con delincuencia organizada"},"content":{"rendered":"<div id=\"attachment_454875\" style=\"width: 570px\" class=\"wp-caption aligncenter\"><a href=\"https:\/\/diarioelpopular.com\/wp-content\/uploads\/2013\/12\/foto-1-breves-211.jpg\"><img loading=\"lazy\" decoding=\"async\" aria-describedby=\"caption-attachment-454875\" class=\"size-large wp-image-454875\" alt=\"La Polic\u00eda Laval fue llamada por la v\u00edctima asesinada a tiro en Dagenais Boulevard, distrito de Fabreville.\" src=\"https:\/\/diarioelpopular.com\/wp-content\/uploads\/2013\/12\/foto-1-breves-211-560x315.jpg\" width=\"560\" height=\"315\" \/><\/a><p id=\"caption-attachment-454875\" class=\"wp-caption-text\">La Polic\u00eda Laval fue llamada por la v\u00edctima asesinada a tiro en Dagenais Boulevard, distrito de Fabreville.<\/p><\/div>\n<p><strong><em>LAVAL, Quebec.-<\/em><\/strong> Un hombre de unos 50 a\u00f1os fue asesinado a tiros en un estacionamiento de un restaurante, por lo que la Polic\u00eda Provincial de Quebec abri\u00f3 una investigaci\u00f3n por presunta vinculaci\u00f3n con la delincuencia organizada.<\/p>\n<p>El incidente ocurri\u00f3 en Dagenais Boulevard, distrito de Fabreville, donde la v\u00edctima identificada como Roger Valiquette, espec\u00edficamente de 54 a\u00f1os de edad, es conocido por sus v\u00ednculos con la mafia.<\/p>\n<p>La Polic\u00eda Laval recibi\u00f3 informes de varios disparos. Al llegar al sitio, encontraron a la v\u00edctima en el suelo en el estacionamiento de un restaurante.<\/p>\n<p>El personal de emergencia trat\u00f3 de reanimar a la v\u00edctima, pero fue declarado muerto en el lugar.<\/p>\n<p>La S\u00fbret\u00e9 du Qu\u00e9bec se ha hecho cargo de la investigaci\u00f3n debido a que el caso puede estar relacionado con la delincuencia organizada.<\/p>\n","protected":false},"excerpt":{"rendered":"<p>Un hombre de unos 50 a\u00f1os fue asesinado a tiros en un estacionamiento de un restaurante, por lo que la Polic\u00eda Provincial de Quebec abri\u00f3 una investigaci\u00f3n por presunta vinculaci\u00f3n con la delincuencia organizada.<\/p>\n","protected":false},"author":5842,"featured_media":0,"comment_status":"open","ping_status":"open","sticky":false,"template":"","format":"standard","meta":{"footnotes":""},"categories":[21],"tags":[],"class_list":["post-454874","post","type-post","status-publish","format-standard","hentry","category-canada"],"_links":{"self":[{"href":"https:\/\/diarioelpopular.com\/index.php\/wp-json\/wp\/v2\/posts\/454874","targetHints":{"allow":["GET"]}}],"collection":[{"href":"https:\/\/diarioelpopular.com\/index.php\/wp-json\/wp\/v2\/posts"}],"about":[{"href":"https:\/\/diarioelpopular.com\/index.php\/wp-json\/wp\/v2\/types\/post"}],"author":[{"embeddable":true,"href":"https:\/\/diarioelpopular.com\/index.php\/wp-json\/wp\/v2\/users\/5842"}],"replies":[{"embeddable":true,"href":"https:\/\/diarioelpopular.com\/index.php\/wp-json\/wp\/v2\/comments?post=454874"}],"version-history":[{"count":1,"href":"https:\/\/diarioelpopular.com\/index.php\/wp-json\/wp\/v2\/posts\/454874\/revisions"}],"predecessor-version":[{"id":454876,"href":"https:\/\/diarioelpopular.com\/index.php\/wp-json\/wp\/v2\/posts\/454874\/revisions\/454876"}],"wp:attachment":[{"href":"https:\/\/diarioelpopular.com\/index.php\/wp-json\/wp\/v2\/media?parent=454874"}],"wp:term":[{"taxonomy":"category","embeddable":true,"href":"https:\/\/diarioelpopular.com\/index.php\/wp-json\/wp\/v2\/categories?post=454874"},{"taxonomy":"post_tag","embeddable":true,"href":"https:\/\/diarioelpopular.com\/index.php\/wp-json\/wp\/v2\/tags?post=454874"}],"curies":[{"name":"wp","href":"https:\/\/api.w.org\/{rel}","templated":true}]}}