{"id":455079,"date":"2014-01-08T00:01:45","date_gmt":"2014-01-08T05:01:45","guid":{"rendered":"http:\/\/diarioelpopular.com\/?p=455079"},"modified":"2014-01-07T18:35:58","modified_gmt":"2014-01-07T23:35:58","slug":"personas-con-enfermedades-cronicas-deben-ser-vacunadas-contra-la-gripe","status":"publish","type":"post","link":"https:\/\/diarioelpopular.com\/index.php\/2014\/01\/08\/personas-con-enfermedades-cronicas-deben-ser-vacunadas-contra-la-gripe\/","title":{"rendered":"Personas con enfermedades cr\u00f3nicas deben ser vacunadas contra la gripe"},"content":{"rendered":"<div id=\"attachment_455080\" style=\"width: 570px\" class=\"wp-caption aligncenter\"><a href=\"https:\/\/diarioelpopular.com\/wp-content\/uploads\/2014\/01\/foto-1-breves-12.jpg\"><img loading=\"lazy\" decoding=\"async\" aria-describedby=\"caption-attachment-455080\" class=\"size-large wp-image-455080\" alt=\"Expertos en salud coinciden en descartar otras cuatro a seis semanas de temporada cr\u00edtica de gripe, as\u00ed que no es demasiado tarde para estar protegidos. \" src=\"https:\/\/diarioelpopular.com\/wp-content\/uploads\/2014\/01\/foto-1-breves-12-560x372.jpg\" width=\"560\" height=\"372\" \/><\/a><p id=\"caption-attachment-455080\" class=\"wp-caption-text\">Expertos en salud coinciden en descartar otras cuatro a seis semanas de temporada cr\u00edtica de gripe, as\u00ed que no es demasiado tarde para estar protegidos.<\/p><\/div>\n<p><strong><em>VANCOUVER.-<\/em><\/strong> Debido a que la temporada de la gripe apenas comienza en esta estaci\u00f3n de invierno, funcionarios de salud p\u00fablica recomiendan que ni\u00f1os menores de cinco a\u00f1os y personas con enfermedades cr\u00f3nicas que pueden aumentar el riesgo de complicaciones por infecci\u00f3n de la gripe deben vacunarse.<\/p>\n<p>Especialistas indicaron que \u201cno es demasiado tarde para vacunarse contra la gripe\u201d.<\/p>\n<p>M\u00e9dicos de British Columbia y Alberta confirmaron el repunte de m\u00e1s casos de gripe, citando que la actividad de influenza, incluida la cepa estacional H1N1, continu\u00f3 aumentando de forma pronunciada en Canad\u00e1 durante las dos \u00faltimas semanas del 2013.<\/p>\n<p>Expertos en salud coinciden en descartar otras cuatro a seis semanas de temporada cr\u00edtica de gripe, as\u00ed que no es demasiado tarde para estar protegidos.<\/p>\n<p>De los pacientes en cuidados intensivos con gripe en BC, entre 20 y 60 a\u00f1os de edad, dos estaban embarazadas y muchos otros presentan problemas m\u00e9dicos como asma, enfermedades del coraz\u00f3n, diabetes u obesidad.<\/p>\n<p>En esta temporada el virus de la gripe se inici\u00f3 en la costa oeste y se est\u00e1 desplazando hacia el este canadiense.<\/p>\n<p>Se espera que la temporada de gripe se acabe aproximadamente en un mes.<\/p>\n","protected":false},"excerpt":{"rendered":"<p> Debido a que la temporada de la gripe apenas comienza en esta estaci\u00f3n de invierno, funcionarios de salud p\u00fablica recomiendan que ni\u00f1os menores de cinco a\u00f1os y personas con enfermedades cr\u00f3nicas que pueden aumentar el riesgo de complicaciones por infecci\u00f3n de la gripe deben vacunarse.<\/p>\n","protected":false},"author":5842,"featured_media":0,"comment_status":"open","ping_status":"open","sticky":false,"template":"","format":"standard","meta":{"footnotes":""},"categories":[21],"tags":[],"class_list":["post-455079","post","type-post","status-publish","format-standard","hentry","category-canada"],"_links":{"self":[{"href":"https:\/\/diarioelpopular.com\/index.php\/wp-json\/wp\/v2\/posts\/455079","targetHints":{"allow":["GET"]}}],"collection":[{"href":"https:\/\/diarioelpopular.com\/index.php\/wp-json\/wp\/v2\/posts"}],"about":[{"href":"https:\/\/diarioelpopular.com\/index.php\/wp-json\/wp\/v2\/types\/post"}],"author":[{"embeddable":true,"href":"https:\/\/diarioelpopular.com\/index.php\/wp-json\/wp\/v2\/users\/5842"}],"replies":[{"embeddable":true,"href":"https:\/\/diarioelpopular.com\/index.php\/wp-json\/wp\/v2\/comments?post=455079"}],"version-history":[{"count":1,"href":"https:\/\/diarioelpopular.com\/index.php\/wp-json\/wp\/v2\/posts\/455079\/revisions"}],"predecessor-version":[{"id":455081,"href":"https:\/\/diarioelpopular.com\/index.php\/wp-json\/wp\/v2\/posts\/455079\/revisions\/455081"}],"wp:attachment":[{"href":"https:\/\/diarioelpopular.com\/index.php\/wp-json\/wp\/v2\/media?parent=455079"}],"wp:term":[{"taxonomy":"category","embeddable":true,"href":"https:\/\/diarioelpopular.com\/index.php\/wp-json\/wp\/v2\/categories?post=455079"},{"taxonomy":"post_tag","embeddable":true,"href":"https:\/\/diarioelpopular.com\/index.php\/wp-json\/wp\/v2\/tags?post=455079"}],"curies":[{"name":"wp","href":"https:\/\/api.w.org\/{rel}","templated":true}]}}