{"id":455096,"date":"2014-01-08T00:08:32","date_gmt":"2014-01-08T05:08:32","guid":{"rendered":"http:\/\/diarioelpopular.com\/?p=455096"},"modified":"2014-01-07T18:49:05","modified_gmt":"2014-01-07T23:49:05","slug":"protesta-ambiental-violo-barrera-de-seguridad-de-harper","status":"publish","type":"post","link":"https:\/\/diarioelpopular.com\/index.php\/2014\/01\/08\/protesta-ambiental-violo-barrera-de-seguridad-de-harper\/","title":{"rendered":"Protesta ambiental viol\u00f3 barrera de seguridad de Harper"},"content":{"rendered":"<div id=\"attachment_455097\" style=\"width: 570px\" class=\"wp-caption aligncenter\"><a href=\"https:\/\/diarioelpopular.com\/wp-content\/uploads\/2014\/01\/foto-1-nota-12.jpg\"><img loading=\"lazy\" decoding=\"async\" aria-describedby=\"caption-attachment-455097\" class=\"size-large wp-image-455097\" alt=\"El Primer Ministro, Stephen Harper, coment\u00f3 bromeando que &quot;BC no ser\u00eda BC sin esto!\u201d.\" src=\"https:\/\/diarioelpopular.com\/wp-content\/uploads\/2014\/01\/foto-1-nota-12-560x362.jpg\" width=\"560\" height=\"362\" \/><\/a><p id=\"caption-attachment-455097\" class=\"wp-caption-text\">El Primer Ministro, Stephen Harper, coment\u00f3 bromeando que &#8220;BC no ser\u00eda BC sin esto!\u201d.<\/p><\/div>\n<p><strong><em>VANCOUVER.-<\/em><\/strong> Dos manifestantes desfilaron con avisos de protestas ante el escenario donde se encontraba el Primer Ministro Canadiense, Stephen Harper, durante la celebraci\u00f3n de la reuni\u00f3n de la Junta de Comercio de Vancouver.<\/p>\n<p>Aunque los protestantes fueron retirados por agentes de seguridad, estos manifestantes lograron incluso posar para fotograf\u00edas de la prensa y atrapar la atenci\u00f3n de los televidentes, al lado del Harper.<\/p>\n<p>Las interrogantes sobre c\u00f3mo pudieron infiltrarse los activistas e irrumpieron en el evento contin\u00faan sin respuestas aunque se comenta que vistieron delantales negro, como camareros.<\/p>\n<p>Uno de los manifestantes fue identificado como Sean Devlin, un conocido activista de la Red de Acci\u00f3n Clim\u00e1tica en Vancouver, 30 a\u00f1os de edad. \u00a0Devlin ha sido la voz y el rostro de las protestas ambientales desde el a\u00f1o 2009.<\/p>\n<p>Asimismo, tambi\u00e9n estuvo su compa\u00f1ero Shireen Sufi quien ha tomado parte en las protestas contra la pol\u00edtica de inmigraci\u00f3n.<\/p>\n<p>Ambos expresaron que la ocasi\u00f3n fue propicia, donde la \u00e9lite de negocios de Vancouver se reun\u00eda para escuchar el Primer Ministro Stephen Harper.<\/p>\n<p>Aunque es tarea habitual de RCMP mantener actualizado el expediente de los manifestantes frecuentes, Harper subi\u00f3 al escenario, nadie reconoci\u00f3 a Devlin o Sufi\u00a0 y hab\u00edan pancartas de protestas escondidas.<\/p>\n<p>S\u00f3lo tom\u00f3 un par de minutos para difundir el mensaje. Los dos activistas caminaron por las escaleras sin impedimento alguno, desplegaron sus avisos y tomaron un lugar detr\u00e1s de Harper.<\/p>\n<p>El cartel de Devlin con la frase &#8220;Justicia Clim\u00e1tica Ya&#8221; y el de Soofi mostraba tachado &#8220;Conservadores Tema Cambio Clim\u00e1tico&#8221;.<\/p>\n<p>La Real Polic\u00eda Montada respondi\u00f3, pero tard\u00edamente. Sufi fue llevado decorosamente, abri\u00e9ndose paso entre la multitud cort\u00e9smente con su aviso que sosten\u00eda en alto. Devlin no le fue tan bien. Un oficial lo arrastr\u00f3 por las escaleras. Al final, ambos quedaron en libertad sin cargos.<\/p>\n<p>Harper coment\u00f3 bromeando que &#8220;BC no ser\u00eda BC sin esto!\u201d.<\/p>\n<p>M\u00e1s tarde, Devlin cont\u00f3 &#8220;me echaron fuera del escenario por unas escaleras hasta la cocina. Me arrojaron al suelo y luego fui arrestado y puesto en libertad. No ha habido ninguna acusaci\u00f3n. &#8221;<\/p>\n<p>Devlin es un ecologista de 30 a\u00f1os de edad, originario de Guelph, Ontario. Dijo que no ser una amenaza de seguridad.&#8221; Yo no estaba all\u00ed para lastimar al Primer Ministro. Yo estaba all\u00ed para comunicar un mensaje de que creo que sus pol\u00edticas est\u00e1n perjudicando a la gente&#8221;, dijo.<\/p>\n<p>A ra\u00edz de este incidente, obviamente la imagen y reputaci\u00f3n de RCMP ha sido seriamente afectada. Hasta el momento no se han pronunciado comentarios de la fuerza policial sobre lo acontecido en Vancouver. Solo una declaraci\u00f3n sobre \u201cmedidas oportunas se tomar\u00e1n en el caso\u201d.<\/p>\n","protected":false},"excerpt":{"rendered":"<p>Mientras se cuestiona la labor de la Real Polic\u00eda Montada de Canad\u00e1 durante el encuentro de empresarios en BC, el Primer Ministro culp\u00f3 a los recortes presupuestarios en los esfuerzos de RCMP.<\/p>\n","protected":false},"author":5842,"featured_media":0,"comment_status":"open","ping_status":"open","sticky":false,"template":"","format":"standard","meta":{"footnotes":""},"categories":[21],"tags":[],"class_list":["post-455096","post","type-post","status-publish","format-standard","hentry","category-canada"],"_links":{"self":[{"href":"https:\/\/diarioelpopular.com\/index.php\/wp-json\/wp\/v2\/posts\/455096","targetHints":{"allow":["GET"]}}],"collection":[{"href":"https:\/\/diarioelpopular.com\/index.php\/wp-json\/wp\/v2\/posts"}],"about":[{"href":"https:\/\/diarioelpopular.com\/index.php\/wp-json\/wp\/v2\/types\/post"}],"author":[{"embeddable":true,"href":"https:\/\/diarioelpopular.com\/index.php\/wp-json\/wp\/v2\/users\/5842"}],"replies":[{"embeddable":true,"href":"https:\/\/diarioelpopular.com\/index.php\/wp-json\/wp\/v2\/comments?post=455096"}],"version-history":[{"count":1,"href":"https:\/\/diarioelpopular.com\/index.php\/wp-json\/wp\/v2\/posts\/455096\/revisions"}],"predecessor-version":[{"id":455098,"href":"https:\/\/diarioelpopular.com\/index.php\/wp-json\/wp\/v2\/posts\/455096\/revisions\/455098"}],"wp:attachment":[{"href":"https:\/\/diarioelpopular.com\/index.php\/wp-json\/wp\/v2\/media?parent=455096"}],"wp:term":[{"taxonomy":"category","embeddable":true,"href":"https:\/\/diarioelpopular.com\/index.php\/wp-json\/wp\/v2\/categories?post=455096"},{"taxonomy":"post_tag","embeddable":true,"href":"https:\/\/diarioelpopular.com\/index.php\/wp-json\/wp\/v2\/tags?post=455096"}],"curies":[{"name":"wp","href":"https:\/\/api.w.org\/{rel}","templated":true}]}}