{"id":455183,"date":"2014-01-14T21:50:46","date_gmt":"2014-01-15T02:50:46","guid":{"rendered":"http:\/\/diarioelpopular.com\/?p=455183"},"modified":"2014-01-14T21:50:53","modified_gmt":"2014-01-15T02:50:53","slug":"correa-cumple-7-anos-en-la-presidencia-de-ecuador-con-elecciones-a-la-vista","status":"publish","type":"post","link":"https:\/\/diarioelpopular.com\/index.php\/2014\/01\/14\/correa-cumple-7-anos-en-la-presidencia-de-ecuador-con-elecciones-a-la-vista\/","title":{"rendered":"Correa cumple 7 a\u00f1os en la Presidencia de ecuador con elecciones a la vista"},"content":{"rendered":"<div id=\"attachment_455184\" style=\"width: 410px\" class=\"wp-caption aligncenter\"><a href=\"https:\/\/diarioelpopular.com\/wp-content\/uploads\/2014\/01\/raf4.jpg\"><img loading=\"lazy\" decoding=\"async\" aria-describedby=\"caption-attachment-455184\" class=\"size-full wp-image-455184\" alt=\"El mandatario llega a este aniversario metido de lleno en la campa\u00f1a electoral para las elecciones del 23 de febrero.\" src=\"https:\/\/diarioelpopular.com\/wp-content\/uploads\/2014\/01\/raf4.jpg\" width=\"400\" height=\"295\" \/><\/a><p id=\"caption-attachment-455184\" class=\"wp-caption-text\">El mandatario llega a este aniversario metido de lleno en la campa\u00f1a electoral para las elecciones del 23 de febrero.<\/p><\/div>\n<p><strong><em>Quito.-<\/em><\/strong> El presidente de Ecuador, Rafael Correa, cumplir\u00e1 este mi\u00e9rcoles siete a\u00f1os en el poder con una agenda cargada de actividades y proyectos y con un test pol\u00edtico a la vuelta de la esquina: las elecciones seccionales de febrero.<\/p>\n<div id=\"texto\">\n<div>\n<p>El mandatario llega a este aniversario metido de lleno en la campa\u00f1a electoral para las elecciones del 23 de febrero, en las que se elegir\u00e1 a prefectos, alcaldes y concejales.<\/p>\n<p>Aunque no es candidato, no ha dudado en brindar apoyo a los representantes de su partido, el movimiento Alianza Pa\u00eds (AP), para lo que ha obtenido la correspondiente licencia de varios d\u00edas de la Asamblea Nacional (Parlamento).<\/p>\n<p>Correa, quien mantiene niveles de popularidad de en torno al 80 % desde que lleg\u00f3 al poder, en 2007, ve en estas elecciones la oportunidad de extender su &#8220;Revoluci\u00f3n Ciudadana&#8221; a lo largo y ancho de Ecuador, donde, seg\u00fan \u00e9l, queda mucho por hacer en la gesti\u00f3n de los \u00f3rganos descentralizados de la Administraci\u00f3n.<\/p>\n<p>En estos siete a\u00f1os de Gobierno, el mandatario ha impulsado una reforma de la Constituci\u00f3n, ha puesto en marcha programas sociales y pol\u00edticas que, seg\u00fan cifras oficiales, han permitido dejar el desempleo en torno al 4 % y reducir la pobreza en unos 14 puntos, lo que le ha valido gran parte del apoyo del que dispone.<\/p>\n<p>En el plano internacional, se ha situado en la primera l\u00ednea de la izquierda latinoamericana junto al venezolano Nicol\u00e1s Maduro y al boliviano Evo Morales, con quienes comparte asiento en las cumbres de organismos como la Uni\u00f3n de Naciones Suramericanas (Unasur), la Alianza Bolivariana para los pueblos de nuestra Am\u00e9rica (ALBA) y la Comunidad de Estados Latinamericanos y del Caribe (Celac), entre otros.<\/p>\n<p>En la jornada previa al aniversario de su llegada a la Presidencia, Correa estuvo en la provincia de Esmeraldas (noroeste), donde inaugur\u00f3 el nuevo aeropuerto y visit\u00f3 otras obras llevadas a cabo por la Administraci\u00f3n central.<\/p>\n<\/div>\n<\/div>\n","protected":false},"excerpt":{"rendered":"<p>El presidente de Ecuador, Rafael Correa, cumplir\u00e1 este mi\u00e9rcoles siete a\u00f1os en el poder con una agenda cargada de actividades y proyectos y con un test pol\u00edtico a la vuelta de la esquina: las elecciones seccionales de febrero.<\/p>\n","protected":false},"author":5842,"featured_media":0,"comment_status":"open","ping_status":"open","sticky":false,"template":"","format":"standard","meta":{"footnotes":""},"categories":[23],"tags":[],"class_list":["post-455183","post","type-post","status-publish","format-standard","hentry","category-latinoamerica"],"_links":{"self":[{"href":"https:\/\/diarioelpopular.com\/index.php\/wp-json\/wp\/v2\/posts\/455183","targetHints":{"allow":["GET"]}}],"collection":[{"href":"https:\/\/diarioelpopular.com\/index.php\/wp-json\/wp\/v2\/posts"}],"about":[{"href":"https:\/\/diarioelpopular.com\/index.php\/wp-json\/wp\/v2\/types\/post"}],"author":[{"embeddable":true,"href":"https:\/\/diarioelpopular.com\/index.php\/wp-json\/wp\/v2\/users\/5842"}],"replies":[{"embeddable":true,"href":"https:\/\/diarioelpopular.com\/index.php\/wp-json\/wp\/v2\/comments?post=455183"}],"version-history":[{"count":1,"href":"https:\/\/diarioelpopular.com\/index.php\/wp-json\/wp\/v2\/posts\/455183\/revisions"}],"predecessor-version":[{"id":455185,"href":"https:\/\/diarioelpopular.com\/index.php\/wp-json\/wp\/v2\/posts\/455183\/revisions\/455185"}],"wp:attachment":[{"href":"https:\/\/diarioelpopular.com\/index.php\/wp-json\/wp\/v2\/media?parent=455183"}],"wp:term":[{"taxonomy":"category","embeddable":true,"href":"https:\/\/diarioelpopular.com\/index.php\/wp-json\/wp\/v2\/categories?post=455183"},{"taxonomy":"post_tag","embeddable":true,"href":"https:\/\/diarioelpopular.com\/index.php\/wp-json\/wp\/v2\/tags?post=455183"}],"curies":[{"name":"wp","href":"https:\/\/api.w.org\/{rel}","templated":true}]}}