{"id":455213,"date":"2014-01-17T00:04:11","date_gmt":"2014-01-17T05:04:11","guid":{"rendered":"http:\/\/diarioelpopular.com\/?p=455213"},"modified":"2014-01-16T19:05:46","modified_gmt":"2014-01-17T00:05:46","slug":"corte-suprema-de-canada-se-compromete-a-escuchar-la-apelacion-de-suicidio-asistido","status":"publish","type":"post","link":"https:\/\/diarioelpopular.com\/index.php\/2014\/01\/17\/corte-suprema-de-canada-se-compromete-a-escuchar-la-apelacion-de-suicidio-asistido\/","title":{"rendered":"Corte Suprema de Canad\u00e1 se compromete a escuchar la apelaci\u00f3n de suicidio asistido"},"content":{"rendered":"<div id=\"attachment_455214\" style=\"width: 570px\" class=\"wp-caption aligncenter\"><a href=\"https:\/\/diarioelpopular.com\/wp-content\/uploads\/2014\/01\/foto-1-breves-27.jpg\"><img loading=\"lazy\" decoding=\"async\" aria-describedby=\"caption-attachment-455214\" class=\"size-large wp-image-455214\" alt=\"La Corte Suprema de Canad\u00e1 volver\u00e1 a examinar el tema del suicidio asistido. \" src=\"https:\/\/diarioelpopular.com\/wp-content\/uploads\/2014\/01\/foto-1-breves-27-560x336.jpg\" width=\"560\" height=\"336\" \/><\/a><p id=\"caption-attachment-455214\" class=\"wp-caption-text\">La Corte Suprema de Canad\u00e1 volver\u00e1 a examinar el tema del suicidio asistido.<\/p><\/div>\n<p><strong><em>OTTAWA.-<\/em><\/strong> La Corte Suprema de Canad\u00e1 nuevamente examinar\u00e1 el tema del suicidio asistido. El tribunal admiti\u00f3 un tr\u00e1mite de recurso de apelaci\u00f3n por el caso de Kay Carter y Gloria Taylor, quienes lograron retomar una ley de suicidio asistido, propuesta en el 2012.<\/p>\n<p>Un juez de British Columbia dictamin\u00f3 la ley como inconstitucional, pero retras\u00f3 su fallo durante un a\u00f1o para permitir al gobierno federal reescribir la ley, por lo que el tribunal provincial de apelaciones revoc\u00f3 esa decisi\u00f3n.<\/p>\n<p>La decisi\u00f3n del alto tribunal se remonta a m\u00e1s de 20 a\u00f1os despu\u00e9s de su fallo hist\u00f3rico sobre el caso de Sue Rodr\u00edguez, que iba en contra del suicidio asistido.<\/p>\n<p>Aunque Carter y Taylor han fallecido, la Asociaci\u00f3n de Libertades Civiles de BC contin\u00faa con la lucha.<\/p>\n<p>El juez en el caso original concedi\u00f3 a Taylor una exenci\u00f3n constitucional que le permiti\u00f3 solicitar el suicidio asistido por un m\u00e9dico.<\/p>\n<p>El tribunal de apelaci\u00f3n permiti\u00f3 la exenci\u00f3n a la fuerza, pero Taylor finalmente muri\u00f3 de una infecci\u00f3n en octubre de 2012.<\/p>\n","protected":false},"excerpt":{"rendered":"<p>La Corte Suprema de Canad\u00e1 nuevamente examinar\u00e1 el tema del suicidio asistido. El tribunal admiti\u00f3 un tr\u00e1mite de recurso de apelaci\u00f3n por el caso de Kay Carter y Gloria Taylor, quienes lograron retomar una ley de suicidio asistido, propuesta en el 2012.<\/p>\n","protected":false},"author":5842,"featured_media":0,"comment_status":"open","ping_status":"open","sticky":false,"template":"","format":"standard","meta":{"footnotes":""},"categories":[21],"tags":[],"class_list":["post-455213","post","type-post","status-publish","format-standard","hentry","category-canada"],"_links":{"self":[{"href":"https:\/\/diarioelpopular.com\/index.php\/wp-json\/wp\/v2\/posts\/455213","targetHints":{"allow":["GET"]}}],"collection":[{"href":"https:\/\/diarioelpopular.com\/index.php\/wp-json\/wp\/v2\/posts"}],"about":[{"href":"https:\/\/diarioelpopular.com\/index.php\/wp-json\/wp\/v2\/types\/post"}],"author":[{"embeddable":true,"href":"https:\/\/diarioelpopular.com\/index.php\/wp-json\/wp\/v2\/users\/5842"}],"replies":[{"embeddable":true,"href":"https:\/\/diarioelpopular.com\/index.php\/wp-json\/wp\/v2\/comments?post=455213"}],"version-history":[{"count":1,"href":"https:\/\/diarioelpopular.com\/index.php\/wp-json\/wp\/v2\/posts\/455213\/revisions"}],"predecessor-version":[{"id":455215,"href":"https:\/\/diarioelpopular.com\/index.php\/wp-json\/wp\/v2\/posts\/455213\/revisions\/455215"}],"wp:attachment":[{"href":"https:\/\/diarioelpopular.com\/index.php\/wp-json\/wp\/v2\/media?parent=455213"}],"wp:term":[{"taxonomy":"category","embeddable":true,"href":"https:\/\/diarioelpopular.com\/index.php\/wp-json\/wp\/v2\/categories?post=455213"},{"taxonomy":"post_tag","embeddable":true,"href":"https:\/\/diarioelpopular.com\/index.php\/wp-json\/wp\/v2\/tags?post=455213"}],"curies":[{"name":"wp","href":"https:\/\/api.w.org\/{rel}","templated":true}]}}