{"id":455240,"date":"2014-01-17T00:11:05","date_gmt":"2014-01-17T05:11:05","guid":{"rendered":"http:\/\/diarioelpopular.com\/?p=455240"},"modified":"2014-01-16T19:25:53","modified_gmt":"2014-01-17T00:25:53","slug":"provincias-ven-cambio-positivo-en-la-propuesta-federal-para-puestos-de-trabajo","status":"publish","type":"post","link":"https:\/\/diarioelpopular.com\/index.php\/2014\/01\/17\/provincias-ven-cambio-positivo-en-la-propuesta-federal-para-puestos-de-trabajo\/","title":{"rendered":"Provincias ven cambio positivo en la propuesta federal para puestos de trabajo"},"content":{"rendered":"<div id=\"attachment_455241\" style=\"width: 570px\" class=\"wp-caption aligncenter\"><a href=\"https:\/\/diarioelpopular.com\/wp-content\/uploads\/2014\/01\/foto-1-nota-16.jpg\"><img loading=\"lazy\" decoding=\"async\" aria-describedby=\"caption-attachment-455241\" class=\"size-large wp-image-455241\" alt=\"Ottawa y las provincias avanzan lentamente hacia un acuerdo para el Canada Job Grant, por lo que los ministros provinciales del trabajo tienen planes de abordar este \u00faltimo ofrecimiento del gobierno federal.\" src=\"https:\/\/diarioelpopular.com\/wp-content\/uploads\/2014\/01\/foto-1-nota-16-560x280.jpg\" width=\"560\" height=\"280\" \/><\/a><p id=\"caption-attachment-455241\" class=\"wp-caption-text\">Ottawa y las provincias avanzan lentamente hacia un acuerdo para el Canada Job Grant, por lo que los ministros provinciales del trabajo tienen planes de abordar este \u00faltimo ofrecimiento del gobierno federal.<\/p><\/div>\n<p><strong><em>OTTAWA.-<\/em><\/strong> British Columbia y New Brunswick cooperan para alcanzar una posici\u00f3n conjunta de las provincias sobre el fondo federal para el fomento del empleo, Canada Job Grant.<\/p>\n<p>El Premier de New Brunswick, David Alward, indic\u00f3 que la \u00faltima oferta de Ottawa ha cambiado la din\u00e1mica del tema.<\/p>\n<p>&#8220;Creo que ha habido un cambio positivo en la voluntad de encontrar una soluci\u00f3n que creemos que en \u00faltima instancia va a beneficiar a los canadienses\u201d, dijo en un evento en Fredericton cuando el Ministro Federal de Trabajo, Jason Kenney, anunci\u00f3 la armonizaci\u00f3n de los programas federales y provinciales de aprendizaje en la costa atl\u00e1ntica de Canad\u00e1.<\/p>\n<p>Las provincias hab\u00edan rechazado el plan original de Ottawa, lo que tom\u00f3 por sorpresa al gobierno federal cuando fue anunciado por primera vez en el 2013. Ottawa ha insistido en que se necesita un nuevo enfoque nacional para la formaci\u00f3n, ya que las empresas siguen advirtiendo de la escasez de habilidades y competencias en momentos de creciente desempleo.<\/p>\n<p>Asimismo, los gobiernos se enfrentan al cuestionamiento p\u00fablico por el uso generalizado de los trabajadores extranjeros temporales por parte de empresarios que alegan no disponer de trabajadores calificados que necesitan en Canad\u00e1.<\/p>\n<p>Alward coincidiendo con la Premier de Ontario Kathleen Wynne quien ha sido una abierta opositora del programa, expres\u00f3 complacencia de que el gobierno federal realiz\u00f3 cambios en el Canad\u00e1 Job Grant. &#8220;Espero un buen resultado. Creo que todav\u00eda hay algunos asuntos que necesitan ser discutidos, pero me alegro de que estamos viendo cambios\u201d.<\/p>\n<p>Los comentarios de ambos premieres son las primeras respuestas p\u00fablicas de las provincias desde que el Ministro Kenney entreg\u00f3 una nueva propuesta detallada en diciembre.<\/p>\n<p>Kenney confirm\u00f3 que ha renunciado a un requisito clave que las provincias contribuyan a los subsidios de empleo, que tendr\u00e1 un valor de hasta 15.000 d\u00f3lares, para pago por la formaci\u00f3n profesional.<\/p>\n<p>Ottawa ha ofrecido renunciar a la exigencia de que el costo de cada beca se dividir\u00e1 en partes iguales entre Ottawa, una provincia y una empresa que contrata. En su lugar, Ottawa financiar\u00e1 hasta $ 10.000 por donaci\u00f3n, con un m\u00e1ximo de $ 5,000 adicionales procedentes de un negocio.<\/p>\n<p>El gobierno federal no har\u00eda aportes adicionales, lo que significa que el n\u00famero de becas que se ofrecen por a\u00f1o ser\u00e1 considerablemente m\u00e1s bajo que el objetivo original de 130.000.<\/p>\n<p>Ottawa tambi\u00e9n se sigue planeando reducir gradualmente las transferencias provinciales anuales de formaci\u00f3n por 300 millones de d\u00f3lares para pagar por la parte federal de las subvenciones. El requisito tambi\u00e9n igualar\u00e1 las contribuciones federales que se han cancelado. Se estima que el costo para las provincias ser\u00e1 de un adicional de $ 300 millones.<\/p>\n<p>&#8220;Las provincias han dicho que est\u00e1n en circunstancias fiscales muy dif\u00edciles&#8221;, dijo Kenney. &#8220;Estas no disponen de grandes fondos para nuevos proyectos, claramente dijeron que no est\u00e1n en condiciones de igualar la contribuci\u00f3n federal\u201d.<\/p>\n<p>Mientras que las provincias parecen estar complacidas con la \u00faltima oferta de Ottawa, la reacci\u00f3n de los grupos empresariales es diversa. La mayor\u00eda de los empleadores se mostraron satisfechos pero decepcionados de que las provincias no estar\u00e1n contribuyendo a la subvenci\u00f3n.<\/p>\n","protected":false},"excerpt":{"rendered":"<p>El Ministro del Trabajo, Jason Kenney, confirm\u00f3 que el Ottawa ha renunciado a un requisito clave de que las provincias contribuyan a los subsidios de empleo, que tendr\u00e1 un valor de hasta 15.000 d\u00f3lares, para pago por formaci\u00f3n profesional.<\/p>\n","protected":false},"author":5842,"featured_media":0,"comment_status":"open","ping_status":"open","sticky":false,"template":"","format":"standard","meta":{"footnotes":""},"categories":[21],"tags":[],"class_list":["post-455240","post","type-post","status-publish","format-standard","hentry","category-canada"],"_links":{"self":[{"href":"https:\/\/diarioelpopular.com\/index.php\/wp-json\/wp\/v2\/posts\/455240","targetHints":{"allow":["GET"]}}],"collection":[{"href":"https:\/\/diarioelpopular.com\/index.php\/wp-json\/wp\/v2\/posts"}],"about":[{"href":"https:\/\/diarioelpopular.com\/index.php\/wp-json\/wp\/v2\/types\/post"}],"author":[{"embeddable":true,"href":"https:\/\/diarioelpopular.com\/index.php\/wp-json\/wp\/v2\/users\/5842"}],"replies":[{"embeddable":true,"href":"https:\/\/diarioelpopular.com\/index.php\/wp-json\/wp\/v2\/comments?post=455240"}],"version-history":[{"count":1,"href":"https:\/\/diarioelpopular.com\/index.php\/wp-json\/wp\/v2\/posts\/455240\/revisions"}],"predecessor-version":[{"id":455242,"href":"https:\/\/diarioelpopular.com\/index.php\/wp-json\/wp\/v2\/posts\/455240\/revisions\/455242"}],"wp:attachment":[{"href":"https:\/\/diarioelpopular.com\/index.php\/wp-json\/wp\/v2\/media?parent=455240"}],"wp:term":[{"taxonomy":"category","embeddable":true,"href":"https:\/\/diarioelpopular.com\/index.php\/wp-json\/wp\/v2\/categories?post=455240"},{"taxonomy":"post_tag","embeddable":true,"href":"https:\/\/diarioelpopular.com\/index.php\/wp-json\/wp\/v2\/tags?post=455240"}],"curies":[{"name":"wp","href":"https:\/\/api.w.org\/{rel}","templated":true}]}}