{"id":455247,"date":"2014-01-18T00:01:58","date_gmt":"2014-01-18T05:01:58","guid":{"rendered":"http:\/\/diarioelpopular.com\/?p=455247"},"modified":"2014-01-20T16:23:21","modified_gmt":"2014-01-20T21:23:21","slug":"primer-ministro-harper-iniciara-viaje-a-israel-cisjordania-y-jordania","status":"publish","type":"post","link":"https:\/\/diarioelpopular.com\/index.php\/2014\/01\/18\/primer-ministro-harper-iniciara-viaje-a-israel-cisjordania-y-jordania\/","title":{"rendered":"Primer ministro Harper iniciar\u00e1 viaje a Israel, Cisjordania y Jordania"},"content":{"rendered":"<div id=\"attachment_455249\" style=\"width: 570px\" class=\"wp-caption aligncenter\"><a href=\"https:\/\/diarioelpopular.com\/wp-content\/uploads\/2014\/01\/STEPHEN-HARPER-ISRAEL-large5701.jpg\"><img loading=\"lazy\" decoding=\"async\" aria-describedby=\"caption-attachment-455249\" class=\"size-large wp-image-455249\" alt=\"Foto de archivo del Primer Ministro Stephen Harper y su hom\u00f3logo israel\u00ed, Benjamin Netanyahu, durante la visita de \u00e9sta a la capital canadiense.\" src=\"https:\/\/diarioelpopular.com\/wp-content\/uploads\/2014\/01\/STEPHEN-HARPER-ISRAEL-large5701-560x233.jpg\" width=\"560\" height=\"233\" \/><\/a><p id=\"caption-attachment-455249\" class=\"wp-caption-text\">Foto de archivo del Primer Ministro Stephen Harper y su hom\u00f3logo israel\u00ed, Benjamin Netanyahu, durante la visita de \u00e9ste a la capital canadiense.<\/p><\/div>\n<p><strong><em>OTTAWA.-<\/em><\/strong> El primer ministro canadiense, Stephen Harper, anunci\u00f3 este viernes su primera visita a Israel, Cisjordania y Jordania del 18 al 25 de enero durante la que se reunir\u00e1 con su hom\u00f3logo israel\u00ed, Benjamin Netanyahu, con el presidente de la Autoridad Nacional Palestina, Mahmud Ab\u00e1s y el rey jordano Abdal\u00e1 II.<\/p>\n<div id=\"texto\">\n<div>\n<p>Desde la llegada al poder del Partido Conservador de Harper en 2006, Canad\u00e1 se ha declarado en numerosas ocasiones como el &#8220;aliado m\u00e1s fiel&#8221; de Israel y ha rechazado criticar a las autoridades israel\u00edes, lo que ha provocado profundas diferencias con sus aliados, la ONU e incluso la pol\u00edtica oficial de Ottawa.<\/p>\n<p>Estos planteamientos han hecho que la visita de Harper a Oriente Medio ya haya desatado pol\u00e9mica en el pa\u00eds, incluso antes de iniciar su viaje, tal y como se reflej\u00f3 durante la reuni\u00f3n que el portavoz del primer ministro, Jason MacDonald, mantuvo con los medios de comunicaci\u00f3n para anunciar el viaje.<\/p>\n<p>MacDonald evit\u00f3 en repetidas ocasiones condenar la ampliaci\u00f3n de los asentamientos israel\u00edes en Cisjordania e incluso denominarlos como ilegales, a pesar de que, de acuerdo con las leyes internacionales, la colonizaci\u00f3n de territorios ocupados militarmente es un acto ilegal.<\/p>\n<p>&#8220;Estoy aqu\u00ed en nombre del primer ministro y lo que estoy diciendo es que \u00e9sta es nuestra visi\u00f3n de la situaci\u00f3n. Nos gustar\u00eda que se alcanzase una soluci\u00f3n con dos estados. Decisiones unilaterales no ayudar\u00e1n a alcanzar esta soluci\u00f3n&#8221;, dijo MacDonald ante la en\u00e9sima pregunta de los periodistas sobre los asentamientos israel\u00edes.<\/p>\n<p>Pero MacDonald se resisti\u00f3 a declarar si el Gobierno canadiense considera que los asentamientos israel\u00edes son ilegales o incluidos bajo la categor\u00eda de &#8220;decisi\u00f3n unilateral&#8221;.<\/p>\n<p>&#8220;No les gusta mi respuesta y lo entiendo&#8221;, dijo MacDonald ante las protestas de los periodistas.<\/p>\n<p>La segunda controversia est\u00e1 relacionada con el s\u00e9quito que acompa\u00f1ar\u00e1 a Harper.<\/p>\n<p>MacDonald confirm\u00f3 que la delegaci\u00f3n canadiense ser\u00e1 &#8220;significativa&#8221; y que el viaje de l\u00edderes empresariales, culturales y sociales jud\u00edo-canadienses incluidos en la delegaci\u00f3n ser\u00e1 pagada por los contribuyentes.<\/p>\n<p>Aunque MacDonald no revel\u00f3 el n\u00famero de personas que viajar\u00e1 con Harper o el coste del viaje, medios de comunicaci\u00f3n canadienses ya han se\u00f1alado que ser\u00e1 de entre 150 y 200 personas. De confirmarse esta cifra, ser\u00eda una de las mayores delegaciones que ha acompa\u00f1ado a Harper en una visita al extranjero.<\/p>\n<p>Por su parte, el primer ministro dijo en un comunicado que &#8220;Canad\u00e1 tiene fuertes v\u00ednculos interpersonales y crecientes relaciones comerciales con Oriente Medio y apoya una paz justa y duradera en la regi\u00f3n, lo que beneficiar\u00e1 a israel\u00edes y palestinos&#8221;.<\/p>\n<p>Harper visitar\u00e1 Israel del 19 al 22 de enero y se reunir\u00e1 con Netanyahu, as\u00ed como con el presidente israel\u00ed, Simon Peres.<\/p>\n<p>El 20 de enero, se desplazar\u00e1 a Cisjordania para reunirse tambi\u00e9n con el presidente de la Autoridad Nacional Palestina, Mahmud Ab\u00e1s.<\/p>\n<p>Posteriormente, viajar\u00e1 a Jordania del 22 al 25 de enero donde se encontrar\u00e1 con el rey Abdal\u00e1 II.<\/p>\n<p>La visita de Harper a Israel es la primera de un primer ministro canadiense al pa\u00eds desde 2002.<\/p>\n<p>Harper viajar\u00e1 acompa\u00f1ado por los ministros de Asuntos Exteriores, John Baird; Inmigraci\u00f3n, Jason Kenney; Desarrollo Internacional, Christian Paradis; Industria, James Moore; Comercio Internacional, Ed Fast; y Recursos Naturales, Joe Oliver.<\/p>\n<\/div>\n<\/div>\n","protected":false},"excerpt":{"rendered":"<p>El primer ministro canadiense, Stephen Harper, anunci\u00f3 este viernes su primera visita a Israel, Cisjordania y Jordania del 18 al 25 de enero.<\/p>\n","protected":false},"author":5842,"featured_media":0,"comment_status":"open","ping_status":"open","sticky":false,"template":"","format":"standard","meta":{"footnotes":""},"categories":[21],"tags":[],"class_list":["post-455247","post","type-post","status-publish","format-standard","hentry","category-canada"],"_links":{"self":[{"href":"https:\/\/diarioelpopular.com\/index.php\/wp-json\/wp\/v2\/posts\/455247","targetHints":{"allow":["GET"]}}],"collection":[{"href":"https:\/\/diarioelpopular.com\/index.php\/wp-json\/wp\/v2\/posts"}],"about":[{"href":"https:\/\/diarioelpopular.com\/index.php\/wp-json\/wp\/v2\/types\/post"}],"author":[{"embeddable":true,"href":"https:\/\/diarioelpopular.com\/index.php\/wp-json\/wp\/v2\/users\/5842"}],"replies":[{"embeddable":true,"href":"https:\/\/diarioelpopular.com\/index.php\/wp-json\/wp\/v2\/comments?post=455247"}],"version-history":[{"count":2,"href":"https:\/\/diarioelpopular.com\/index.php\/wp-json\/wp\/v2\/posts\/455247\/revisions"}],"predecessor-version":[{"id":455254,"href":"https:\/\/diarioelpopular.com\/index.php\/wp-json\/wp\/v2\/posts\/455247\/revisions\/455254"}],"wp:attachment":[{"href":"https:\/\/diarioelpopular.com\/index.php\/wp-json\/wp\/v2\/media?parent=455247"}],"wp:term":[{"taxonomy":"category","embeddable":true,"href":"https:\/\/diarioelpopular.com\/index.php\/wp-json\/wp\/v2\/categories?post=455247"},{"taxonomy":"post_tag","embeddable":true,"href":"https:\/\/diarioelpopular.com\/index.php\/wp-json\/wp\/v2\/tags?post=455247"}],"curies":[{"name":"wp","href":"https:\/\/api.w.org\/{rel}","templated":true}]}}