{"id":455359,"date":"2014-01-24T00:08:12","date_gmt":"2014-01-24T05:08:12","guid":{"rendered":"http:\/\/diarioelpopular.com\/?p=455359"},"modified":"2014-01-23T20:07:04","modified_gmt":"2014-01-24T01:07:04","slug":"jonathan-islas-es","status":"publish","type":"post","link":"https:\/\/diarioelpopular.com\/index.php\/2014\/01\/24\/jonathan-islas-es\/","title":{"rendered":"Jonathan Islas es\u2026"},"content":{"rendered":"<p align=\"center\"><a href=\"https:\/\/diarioelpopular.com\/wp-content\/uploads\/2014\/01\/1.Jonathan-Islas-1.jpg\"><img loading=\"lazy\" decoding=\"async\" class=\"aligncenter size-full wp-image-455360\" alt=\"1.Jonathan-Islas--1\" src=\"https:\/\/diarioelpopular.com\/wp-content\/uploads\/2014\/01\/1.Jonathan-Islas-1.jpg\" width=\"227\" height=\"170\" \/><\/a>Luego de interpretar a Luciano Alvarado en \u201cEl Rostro de la Venganza\u201d, realizando el papel antag\u00f3nico, Jonathan Islas regresa a Telemundo para interpretar a Crist\u00f3bal Altamira, un economista t\u00edmido y de pocas luces, pero con una gran ambici\u00f3n. Su objetivo en la vida siempre ha sido superar a su hermano Eduardo. La rivalidad que siente hacia \u00e9l es enorme, lo quiere superar tanto en la naviera, como en la familia y en el coraz\u00f3n de su madre. Crist\u00f3bal ha cometido muchos errores que han hecho que su madre, Raquel, pierda la confianza en \u00e9l, pero llega una mujer a su vida la que aprovecha de su vulnerabilidad y le hace mucho da\u00f1o.<\/p>\n<p>Hablar de Crist\u00f3bal Altamira lo llena de orgullo, pues aunque es normal que los actores terminen por enamorarse de sus personajes, este tiene algo especial. \u201cSomos tres hermanos, y este es el del medio, era como el consentido de la mam\u00e1 hasta que aparece de nuevo mi hermano y ella comienza a sentir m\u00e1s cari\u00f1o por \u00e9l, esto me da rabia y comienzo a sentir mucha envidia por Eduardo\u201d, cuenta Jonathan Islas.<\/p>\n<p>Y agrega:<\/p>\n<p>\u201cViene a la historia Mariana, que fue la ex novia de mi hermano Eduardo y con la que tuvo una hija. Yo me comienzo a enamorar de ella, pues me abre los ojos para defenderme de ellos ya que yo era un chico noble, t\u00edmido, trabajador y ah\u00ed es donde empiezo a defender mis derechos\u201d.<a href=\"https:\/\/diarioelpopular.com\/wp-content\/uploads\/2014\/01\/2.Jonathan-Islas-2-.jpg\"><img loading=\"lazy\" decoding=\"async\" class=\"aligncenter size-full wp-image-455361\" alt=\"2.Jonathan Islas -2 -\" src=\"https:\/\/diarioelpopular.com\/wp-content\/uploads\/2014\/01\/2.Jonathan-Islas-2-.jpg\" width=\"484\" height=\"363\" \/><\/a><\/p>\n<p>En cuanto a la experiencia de representar una historia al lado de Bego\u00f1a Narv\u00e1ez, anota.<\/p>\n<p>\u201cLa verdad es que no nos conoc\u00edamos y es la primera vez que trabajamos juntos. Al principio si fue un poco extra\u00f1o ya que comienzas a conocer la persona y de repente llegan esas escenas m\u00e1s de contacto, o sea besos, y eso nos cost\u00f3 un poco de trabajo. Luego que entramos en confianza hablamos y ahora la considero como una buena amiga, una buena compa\u00f1era. La verdad es que nos llevamos muy bien y cada vez que hacemos una escena la planteamos logrando llevarla a donde nos piden, de hecho hemos logrado una buena qu\u00edmica\u201d.<\/p>\n<p>Este guapo gal\u00e1n, quien se encuentra radicado en Colombia, nos confiesa que est\u00e1 disfrutando cada d\u00eda m\u00e1s de las grabaciones en su pa\u00eds.<a href=\"https:\/\/diarioelpopular.com\/wp-content\/uploads\/2014\/01\/3.Jonathan-Islas-3.jpg\"><img loading=\"lazy\" decoding=\"async\" class=\"aligncenter size-full wp-image-455362\" alt=\"3.Jonathan Islas -3\" src=\"https:\/\/diarioelpopular.com\/wp-content\/uploads\/2014\/01\/3.Jonathan-Islas-3.jpg\" width=\"484\" height=\"363\" \/><\/a><\/p>\n<p>\u201cSi, esa es otra de las cosas que me encantaron ya que yo llevaba ocho a\u00f1os fuera de M\u00e9xico y el \u00faltimo a\u00f1o estuve en Miami grabando \u201cEl Rostro de la Venganza\u201d. Regreso a Colombia y es cuando me llaman para hacer el casting a M\u00e9xico, me puse s\u00faper contento porque all\u00e1 tengo a mis dos hermanas, a mi pap\u00e1, a mi abuela, a mi mam\u00e1 y a mis amigos que extra\u00f1aba mucho. De hecho a m\u00ed me ha costado mucho estar en Colombia ya que uno est\u00e1 m\u00e1s solo pues no tiene a la familia y regresar a mi terru\u00f1o es una felicidad. Aparte que es bien padre por los exteriores que se est\u00e1n haciendo y ustedes podr\u00e1n ir disfrutando de lugares como La Condesa que esta frente al Parque M\u00e9xico uno de los m\u00e1s reconocidos\u201d.<\/p>\n<p>Sobre lo que m\u00e1s le gust\u00f3 de este su personaje, Crist\u00f3bal Altamira, se\u00f1ala el actor finalmente.<\/p>\n<p>\u201cEn mi carrera llevo ya interpretando a varios villanos, entonces el empezar con esa timidez y dejarme hacerme menos por mi mam\u00e1, es otro tipo de actuaci\u00f3n. Lo hablo actoralmente, pero tambi\u00e9n me est\u00e1n permitiendo sacar un poco del villano, o sea que tengo como de todas partes para hacer diferente a mi personaje y como actor esta padre porque puedes demostrar tu versatilidad de diferentes maneras y en un solo personaje\u201d.<a href=\"https:\/\/diarioelpopular.com\/wp-content\/uploads\/2014\/01\/4.Jonathan-Islas-4.jpg\"><img loading=\"lazy\" decoding=\"async\" class=\"aligncenter size-full wp-image-455363\" alt=\"4.Jonathan Islas -4\" src=\"https:\/\/diarioelpopular.com\/wp-content\/uploads\/2014\/01\/4.Jonathan-Islas-4.jpg\" width=\"484\" height=\"363\" \/><\/a><\/p>\n<p>\u201cLa Impostora\u201d es un proyecto \u00fanico en el que muchas cosas buenas se unieron, una gran historia, un gran director, una gran asesor\u00eda y unos grandes personajes, algo dif\u00edcil que ocurra y por eso es recomendable para los amantes de las telenovelas. asi que no se la pierda.<\/p>\n<p>\u201cLa Impostora\u201d \u00a0de lunes a viernes por Telemundo a las 8PM \/ 7C.<\/p>\n","protected":false},"excerpt":{"rendered":"<p>Crist\u00f3bal Altamira, un personaje muy bien perfilado.<\/p>\n","protected":false},"author":5842,"featured_media":0,"comment_status":"open","ping_status":"open","sticky":false,"template":"","format":"standard","meta":{"footnotes":""},"categories":[80,81,2482],"tags":[],"class_list":["post-455359","post","type-post","status-publish","format-standard","hentry","category-cine-2","category-columnistas","category-espectaculo"],"_links":{"self":[{"href":"https:\/\/diarioelpopular.com\/index.php\/wp-json\/wp\/v2\/posts\/455359","targetHints":{"allow":["GET"]}}],"collection":[{"href":"https:\/\/diarioelpopular.com\/index.php\/wp-json\/wp\/v2\/posts"}],"about":[{"href":"https:\/\/diarioelpopular.com\/index.php\/wp-json\/wp\/v2\/types\/post"}],"author":[{"embeddable":true,"href":"https:\/\/diarioelpopular.com\/index.php\/wp-json\/wp\/v2\/users\/5842"}],"replies":[{"embeddable":true,"href":"https:\/\/diarioelpopular.com\/index.php\/wp-json\/wp\/v2\/comments?post=455359"}],"version-history":[{"count":1,"href":"https:\/\/diarioelpopular.com\/index.php\/wp-json\/wp\/v2\/posts\/455359\/revisions"}],"predecessor-version":[{"id":455364,"href":"https:\/\/diarioelpopular.com\/index.php\/wp-json\/wp\/v2\/posts\/455359\/revisions\/455364"}],"wp:attachment":[{"href":"https:\/\/diarioelpopular.com\/index.php\/wp-json\/wp\/v2\/media?parent=455359"}],"wp:term":[{"taxonomy":"category","embeddable":true,"href":"https:\/\/diarioelpopular.com\/index.php\/wp-json\/wp\/v2\/categories?post=455359"},{"taxonomy":"post_tag","embeddable":true,"href":"https:\/\/diarioelpopular.com\/index.php\/wp-json\/wp\/v2\/tags?post=455359"}],"curies":[{"name":"wp","href":"https:\/\/api.w.org\/{rel}","templated":true}]}}