{"id":455384,"date":"2014-01-26T15:18:33","date_gmt":"2014-01-26T20:18:33","guid":{"rendered":"http:\/\/diarioelpopular.com\/?p=455384"},"modified":"2014-01-26T15:18:33","modified_gmt":"2014-01-26T20:18:33","slug":"morenos-de-ojos-azules-asi-eran-los-europeos-hace-7-000-anos","status":"publish","type":"post","link":"https:\/\/diarioelpopular.com\/index.php\/2014\/01\/26\/morenos-de-ojos-azules-asi-eran-los-europeos-hace-7-000-anos\/","title":{"rendered":"Morenos de ojos azules, as\u00ed eran los europeos hace 7.000 a\u00f1os"},"content":{"rendered":"<div id=\"attachment_455385\" style=\"width: 570px\" class=\"wp-caption aligncenter\"><a href=\"https:\/\/diarioelpopular.com\/wp-content\/uploads\/2014\/01\/portada.jpg\"><img loading=\"lazy\" decoding=\"async\" aria-describedby=\"caption-attachment-455385\" class=\"size-large wp-image-455385\" alt=\"El Mesol\u00edtico -periodo que puso fin al Paleol\u00edtico hace 10.000 a\u00f1os- acab\u00f3 con la llegada de la agricultura y la ganader\u00eda, lo que dio paso a una nueva era: el Neol\u00edtico.\" src=\"https:\/\/diarioelpopular.com\/wp-content\/uploads\/2014\/01\/portada-560x311.jpg\" width=\"560\" height=\"311\" \/><\/a><p id=\"caption-attachment-455385\" class=\"wp-caption-text\">El Mesol\u00edtico -periodo que puso fin al Paleol\u00edtico hace 10.000 a\u00f1os- acab\u00f3 con la llegada de la agricultura y la ganader\u00eda, lo que dio paso a una nueva era: el Neol\u00edtico.<\/p><\/div>\n<p>Madrid.- Hace 7.000 a\u00f1os, los europeos ten\u00edan la piel oscura y los ojos azules, un fenotipo que hoy en d\u00eda ya no existe, seg\u00fan una investigaci\u00f3n dirigida por el bi\u00f3logo del Consejo Superior de Investigaciones Cient\u00edficas (CSIC) espa\u00f1ol Carles Lalueza-Fox.<\/p>\n<div id=\"texto\">\n<div>\n<p>En 2012, este investigador analiz\u00f3 parte del genoma de dos cazadores del Mesol\u00edtico encontrados en el yacimiento de La Bra\u00f1a-Arintero, en Valdelugueros (Le\u00f3n).<\/p>\n<p>Las muestras permitieron entonces secuenciar el uno por ciento del ADN de estos individuos y determinar que las poblaciones ib\u00e9ricas actuales no proceden gen\u00e9ticamente de estos individuos.<\/p>\n<p>Casi un a\u00f1o despu\u00e9s, en marzo de 2013, un golpe de suerte hizo que el equipo dirigido por Lalueza-Fox analizara la ra\u00edz del tercer molar de uno de los individuos, el bautizado como La Bra\u00f1a 1, una muestra que estaba muy bien conservada y que permiti\u00f3 descifrar el genoma completo del individuo.<\/p>\n<p>El resultado de estos an\u00e1lisis, realizados en colaboraci\u00f3n con el Centre for GeoGenetics de Dinamarca y publicados este domingo en la revista Nature, arroj\u00f3 varias sorpresas.<\/p>\n<p>La pigmentaci\u00f3n clara de los europeos es el resultado de cambios en dos genes, &#8220;un rasgo que hasta ahora se hab\u00eda asumido que era bastante antiguo y que se remontaba al Paleol\u00edtico Superior&#8221;, ha explicado el bi\u00f3logo catal\u00e1n.<\/p>\n<p>Sin embargo, &#8220;al estudiar los genes de este individuo descubrimos que ten\u00eda las variantes africanas y que, por lo tanto, su pigmentaci\u00f3n era m\u00e1s oscura que la de los europeos actuales&#8221;, afirma el investigador.<\/p>\n<p>Adem\u00e1s, al analizar el color de los ojos, &#8220;encontramos la mutaci\u00f3n que en los humanos producen siempre ojos azules&#8221;.<\/p>\n<p>El hallazgo muestra que, &#8220;pese al estereotipo que tenemos de que los ojos azules acompa\u00f1an a la piel clara, lo cierto es que estas dos caracter\u00edsticas vienen marcadas por genes diferentes&#8221; y que &#8220;los ojos azules precedieron a la pigmentaci\u00f3n clara de los europeos, algo realmente sorprendente&#8221; hasta ahora.<\/p>\n<p>La apariencia externa no fue el \u00fanico aspecto analizado por los investigadores espa\u00f1oles y daneses; el nuevo tipo de alimentaci\u00f3n, los desaf\u00edos metab\u00f3licos e inmunol\u00f3gicos tambi\u00e9n fueron analizados.<\/p>\n<p>El Mesol\u00edtico -periodo que puso fin al Paleol\u00edtico hace 10.000 a\u00f1os- acab\u00f3 con la llegada de la agricultura y la ganader\u00eda, lo que dio paso a una nueva era: el Neol\u00edtico.<\/p>\n<p>Con el nuevo estilo de vida, marcado por el sedentarismo, los hombres comenzaron a cultivar plantas (pasando as\u00ed de una dieta prot\u00e9ica a otra basada en carbohidratos) y a domesticar animales y contraer nuevas enfermedades v\u00edricas, como la gripe o la viruela (procedentes de los animales).<\/p>\n<p>El genoma de La Bra\u00f1a 1, asegura el investigador, permitir\u00e1 tener una referencia de &#8220;c\u00f3mo es el genoma de un cazador-recolector de antes del Neol\u00edtico&#8221;, algo muy \u00fatil para los que quieran estudiar el cambio de dieta y de metabolismo, entre otros aspectos.<\/p>\n<p>El yacimiento de La Bra\u00f1a-Arintero fue descubierto casualmente en 2006 y excavado por el arque\u00f3logo Julio Manuel Vidal Encinas.<\/p>\n<p>La cueva, localizada en una zona fr\u00eda y monta\u00f1osa, con una temperatura estable, y a 1.500 metros por debajo del nivel del mar, propici\u00f3 la &#8220;excepcional&#8221; conservaci\u00f3n del ADN de dos individuos descubiertos en su interior (denominados La Bra\u00f1a 1 y La Bra\u00f1a 2).<\/p>\n<p>Seg\u00fan I\u00f1igo Olalde, primer firmante del estudio, &#8220;la intenci\u00f3n del equipo es intentar recuperar el genoma del individuo de La Bra\u00f1a 2, que est\u00e1 peor conservado, para seguir obteniendo informaci\u00f3n sobre las caracter\u00edsticas gen\u00e9ticas de estos primeros europeos&#8221;.<\/p>\n<\/div>\n<\/div>\n","protected":false},"excerpt":{"rendered":"<p>Madrid.- Hace 7.000 a\u00f1os, los europeos ten\u00edan la piel oscura y los ojos azules, un fenotipo que hoy en d\u00eda ya no existe, seg\u00fan una&hellip;<\/p>\n","protected":false},"author":5842,"featured_media":0,"comment_status":"open","ping_status":"open","sticky":false,"template":"","format":"standard","meta":{"footnotes":""},"categories":[24],"tags":[],"class_list":["post-455384","post","type-post","status-publish","format-standard","hentry","category-mundo"],"_links":{"self":[{"href":"https:\/\/diarioelpopular.com\/index.php\/wp-json\/wp\/v2\/posts\/455384","targetHints":{"allow":["GET"]}}],"collection":[{"href":"https:\/\/diarioelpopular.com\/index.php\/wp-json\/wp\/v2\/posts"}],"about":[{"href":"https:\/\/diarioelpopular.com\/index.php\/wp-json\/wp\/v2\/types\/post"}],"author":[{"embeddable":true,"href":"https:\/\/diarioelpopular.com\/index.php\/wp-json\/wp\/v2\/users\/5842"}],"replies":[{"embeddable":true,"href":"https:\/\/diarioelpopular.com\/index.php\/wp-json\/wp\/v2\/comments?post=455384"}],"version-history":[{"count":1,"href":"https:\/\/diarioelpopular.com\/index.php\/wp-json\/wp\/v2\/posts\/455384\/revisions"}],"predecessor-version":[{"id":455386,"href":"https:\/\/diarioelpopular.com\/index.php\/wp-json\/wp\/v2\/posts\/455384\/revisions\/455386"}],"wp:attachment":[{"href":"https:\/\/diarioelpopular.com\/index.php\/wp-json\/wp\/v2\/media?parent=455384"}],"wp:term":[{"taxonomy":"category","embeddable":true,"href":"https:\/\/diarioelpopular.com\/index.php\/wp-json\/wp\/v2\/categories?post=455384"},{"taxonomy":"post_tag","embeddable":true,"href":"https:\/\/diarioelpopular.com\/index.php\/wp-json\/wp\/v2\/tags?post=455384"}],"curies":[{"name":"wp","href":"https:\/\/api.w.org\/{rel}","templated":true}]}}