{"id":455400,"date":"2014-01-26T15:54:10","date_gmt":"2014-01-26T20:54:10","guid":{"rendered":"http:\/\/diarioelpopular.com\/?p=455400"},"modified":"2014-01-26T15:58:52","modified_gmt":"2014-01-26T20:58:52","slug":"la-cij-decide-este-lunes-sobre-la-delimitacion-maritima-entre-chile-y-peru","status":"publish","type":"post","link":"https:\/\/diarioelpopular.com\/index.php\/2014\/01\/26\/la-cij-decide-este-lunes-sobre-la-delimitacion-maritima-entre-chile-y-peru\/","title":{"rendered":"La CIJ decide este lunes sobre la delimitaci\u00f3n mar\u00edtima entre Chile y Per\u00fa"},"content":{"rendered":"<div id=\"attachment_455401\" style=\"width: 405px\" class=\"wp-caption aligncenter\"><a href=\"https:\/\/diarioelpopular.com\/wp-content\/uploads\/2014\/01\/Corte-Internacional-de-Justicia..jpg\"><img loading=\"lazy\" decoding=\"async\" aria-describedby=\"caption-attachment-455401\" class=\"size-full wp-image-455401\" alt=\"La Corte Internacional de Justicia (CIJ) de La Haya.\" src=\"https:\/\/diarioelpopular.com\/wp-content\/uploads\/2014\/01\/Corte-Internacional-de-Justicia..jpg\" width=\"395\" height=\"255\" \/><\/a><p id=\"caption-attachment-455401\" class=\"wp-caption-text\">La Corte Internacional de Justicia (CIJ) de La Haya.<\/p><\/div>\n<p><strong><em>Bruselas.-<\/em><\/strong> La Corte Internacional de Justicia (CIJ) de La Haya se pronuncia este lunes sobre los l\u00edmites mar\u00edtimos entre Chile y Per\u00fa, una discordia que dura d\u00e9cadas y culmin\u00f3 en 2008 con una denuncia por parte del pa\u00eds andino ante el Tribunal internacional.<\/p>\n<div id=\"texto\">\n<div>\n<p>Lima, que argumenta que ese l\u00edmite nunca ha sido fijado ni por acuerdo ni de ninguna otra manera, ha pedido a la CIJ que la delimitaci\u00f3n sea determinada seg\u00fan establece el derecho internacional.<\/p>\n<p>En particular, pide que la frontera mar\u00edtima sea fijada en una l\u00ednea equidistante a las costas de ambos pa\u00edses y que se reconozcan sus derechos soberanos de 200 millas marinas.<\/p>\n<p>Si se reconocieran esas reivindicaciones, Per\u00fa ganar\u00eda 35.000 kil\u00f3metros cuadrados de mar que hasta ahora est\u00e1n bajo soberan\u00eda chilena.<\/p>\n<p>Chile, en cambio, defiende que la frontera mar\u00edtima qued\u00f3 establecida en el paralelo a trav\u00e9s de una declaraci\u00f3n de 1952 y de un convenio de 1954, firmados por ambos pa\u00edses y por Ecuador, que Per\u00fa respet\u00f3 durante medio siglo, pero que ahora considera solo acuerdos pesqueros.<\/p>\n<p>En base a esos acuerdos, Chile defiende que los l\u00edmites mar\u00edtimos quedaron fijados en el paralelo 18\u00ba 21&#8242; 03&#8221; Sur.<\/p>\n<p>Per\u00fa tambi\u00e9n solicita obtener soberan\u00eda sobre un tri\u00e1ngulo de mar exterior que estar\u00eda dentro de las 200 millas mar\u00edtimas de su zona econ\u00f3mica exclusiva (ZEE), pero fuera de la de Chile, as\u00ed como cambiar el punto terrestre desde el cual se proyecta el l\u00edmite mar\u00edtimo.<\/p>\n<p>Actualmente, esa \u00e1rea, que abarca unos 28.471 kil\u00f3metros cuadrados, constituye una zona de alta mar, y Chile busca que mantenga ese status quo.<\/p>\n<p>Ambos pa\u00edses han declarado en reiteradas ocasiones que acatar\u00e1n el fallo que dar\u00e1 a conocer el lunes en La Haya el presidente de la CIJ, Peter Tomka, que es de car\u00e1cter inapelable y de cumplimiento obligatorio para las partes.<\/p>\n<p>El fallo que se conocer\u00e1 ma\u00f1ana no afectar\u00e1 a la frontera terrestre, que qued\u00f3 establecida en el Tratado de 1929, que tiene como \u00e1rbitro al Gobierno de Estados Unidos, de manera que la CIJ no puede conocer el asunto.<\/p>\n<p>El pensamiento mayoritario en Chile en las \u00faltimas semanas es que, con independencia de cu\u00e1l sea finalmente el l\u00edmite mar\u00edtimo, no habr\u00e1 gestos ofensivos por ninguna de las partes y las aguas se asentar\u00e1n en un plazo relativamente corto.<\/p>\n<p>&#8220;Nosotros estamos en la tranquilidad de que los dos pa\u00edses van a recibir eso (el fallo) con la serenidad que corresponde y obviamente acatando aquello que nos hemos comprometido y cumpliendo el proceso&#8221;, manifest\u00f3 por su parte hace unos d\u00edas el primer ministro peruano, C\u00e9sar Villanueva.<\/p>\n<p><strong><em>Fallo de CIJ ser\u00e1 favorable para Per\u00fa en cualquier escenario, seg\u00fan canciller<\/em><\/strong><\/p>\n<div id=\"texto\">\n<div>\n<p>Lima.- La ministra de Relaciones Exteriores de Per\u00fa, Eda Rivas, afirm\u00f3 que el fallo que emitir\u00e1 este lunes la Corte Internacional de Justicia de La Haya (CIJ) sobre el diferendo mar\u00edtimo con Chile beneficiar\u00e1 a su pa\u00eds &#8220;en cualquier escenario&#8221;, seg\u00fan una entrevista publicada este domingo en el diario La Rep\u00fablica.<\/p>\n<p>&#8220;El fallo ser\u00e1, en cualquier escenario, favorable para nosotros. Estamos convencidos de haber presentado argumentos muy s\u00f3lidos durante el proceso, por lo que esperamos que sean acogidos por la corte&#8221;, declar\u00f3 Rivas.<\/p>\n<p>&#8220;Soy optimista y pienso que el fallo de la corte, que siempre es un derecho, acoger\u00e1 nuestros pedidos. Sabemos que los fallos dif\u00edcilmente le dan completamente la raz\u00f3n a una de las partes, pero soy consciente del trabajo realizado y de la buena defensa esgrimida a lo largo del proceso&#8221;, agreg\u00f3.<\/p>\n<p>Para Rivas, con la sentencia de la CIJ se concluye un proceso de seis a\u00f1os desde la presentaci\u00f3n de la demanda, donde se definir\u00e1 el &#8220;\u00faltimo l\u00edmite pendiente&#8221; de Per\u00fa.<\/p>\n<p>La jefa de la diplomacia peruana indic\u00f3 que desde el momento de su lectura, el veredicto de la CIJ es &#8220;jur\u00eddicamente exigible y mandatorio para ambos pa\u00edses&#8221;.<\/p>\n<p>&#8220;Hay que esperar a conocerlo y analizarlo para evaluar sus alcances y c\u00f3mo vamos a ejecutarlo. Es de alto inter\u00e9s para ambos pa\u00edses ponerle punto final a esta controversia en el m\u00e1s breve plazo posible y pensar en la profundizaci\u00f3n de mecanismos de integraci\u00f3n que ayuden al desarrollo de nuestros pueblos&#8221;, manifest\u00f3.<\/p>\n<p>Seg\u00fan Rivas, las relaciones de su pa\u00eds con Chile tras el fallo solo pueden proyectar un &#8220;futuro mejor&#8221;.<\/p>\n<p>&#8220;A lo largo de estos \u00faltimos a\u00f1os hemos logrado un nivel de relaciones in\u00e9dito en nuestra historia. La presencia de Per\u00fa y Chile en la Alianza del Pac\u00edfico, as\u00ed como en otros mecanismos de integraci\u00f3n como APEC, Unasur, Celac, refleja la intenci\u00f3n de nuestros pa\u00edses de proyectarse conjuntamente en el \u00e1mbito internacional, lo que traer\u00e1 beneficios mutuos a futuro&#8221;, precis\u00f3.<\/p>\n<p>En 2008, Per\u00fa demand\u00f3 a Chile ante la CIJ para definir los l\u00edmites mar\u00edtimos en una l\u00ednea equidistante a las costas de ambas naciones, con el argumento de que nunca han sido fijados.<\/p>\n<p>Para Chile la frontera mar\u00edtima fue definida en tratados firmados en 1952 y 1954, que Per\u00fa considera que solo son acuerdos pesqueros.<\/p>\n<p>Ambos Gobiernos han declarado en numerosas oportunidades que acatar\u00e1n el fallo que se dictar\u00e1 en La Haya, que es inapelable y de cumplimiento obligatorio para las partes.<\/p>\n<p><strong><em>Los pescadores de Arica, entre la incertidumbre y un optimismo moderado<\/em><\/strong>r<\/p>\n<div id=\"texto\">\n<div>\n<p><strong><em>Arica (Chile).-<\/em><\/strong> Los pescadores de la ciudad chilena de Arica esperan con incertidumbre y un optimismo moderado el fallo de la Corte de La Haya sobre los l\u00edmites mar\u00edtimos con Per\u00fa.<\/p>\n<p>Las consecuencias que puede tener para el sector pesquero el desenlace de la demanda que Per\u00fa present\u00f3 en 2008 mantienen en vilo a los trabajadores del mar en esta ciudad del norte de\u00a0Chile, situada a s\u00f3lo 22 kil\u00f3metros de la frontera.<\/p>\n<p>&#8220;El sector en litigio es justo donde nosotros trabajamos&#8221;, explica Manuel Guajardo, presidente de la Asociaci\u00f3n de Armadores Pesqueros de Naves Menores de Arica.<\/p>\n<p>El peor escenario para los pescadores arique\u00f1os es que la Corte Internacional de Justicia (CIJ) acoja el reclamo principal de Per\u00fa y establezca la frontera mar\u00edtima en una l\u00ednea equidistante entre ambos pa\u00edses, en lugar del paralelo que se ha aceptado durante los \u00faltimos 60 a\u00f1os.<\/p>\n<p>Si eso sucede, las aguas donde faenan a diario se convertir\u00e1n en mar peruano y los pescadores de Arica quedar\u00e1n recluidos en un estrecho corredor de apenas ocho millas.<\/p>\n<p>Los principales afectados ante este hipot\u00e9tico panorama son los pescadores artesanales, que trabajan en embarcaciones de tama\u00f1o peque\u00f1o y medio.<\/p>\n<p>Uno de los principales gremios dentro de los artesanales es la Asociaci\u00f3n de Armadores Pesqueros de Naves Menores, que agrupa a cerca de 50 embarcaciones con diez tripulantes cada una, m\u00e1s unas 200 personas de apoyo en el puerto.<\/p>\n<p>Manuel Guajardo explica que estos barcos se dedican \u00fanica y exclusivamente a pescar anchoveta, un pez de la familia de la anchoa que vive en las costas deChile\u00a0y Per\u00fa y que se utiliza para elaborar harina de pescado y aceite.<\/p>\n<p>Los pescadores de Arica capturan la anchoveta dentro de las primeras 15 millas de mar, una zona rica en nutrientes id\u00f3nea para ese tipo de pescado.<\/p>\n<p>Guajardo ha hecho n\u00fameros sobre el impacto que puede causar una nueva delimitaci\u00f3n mar\u00edtima a partir de una bisectriz entre los dos pa\u00edses y considera que la captura de anchoveta, que alcanza 120.000 toneladas al a\u00f1o, caer\u00eda entre un 60 y un 70 por ciento, con lo cual el negocio dejar\u00eda de ser rentable.<\/p>\n<p>El dirigente pesquero asegura que en el gremio se respira un ambiente de &#8220;relativa tranquilidad y relativa incertidumbre&#8221; en la v\u00edspera del fallo.<\/p>\n<p>&#8220;Chile\u00a0tiene fundamentos bien s\u00f3lidos, como que por cerca de 60 a\u00f1os se ha respetado el l\u00edmite del paralelo. Todos los pa\u00edses ribere\u00f1os que dan al Pac\u00edfico tienen sus l\u00edmites en el paralelo, entonces no tiene por qu\u00e9 ser diferente entre\u00a0Chile\u00a0y Per\u00fa&#8221;, cuenta en su peque\u00f1a oficina dentro del puerto.<\/p>\n<p>Su inquietud se debe a que &#8220;puede pasar cualquier cosa&#8221; y al desconocimiento del voto de los 15 jueces de la CIJ, a\u00f1ade Guajardo.<\/p>\n<p>Tratando de ponerse el parche antes de la herida, varios dirigentes gremiales se reunieron a principios de semana con el canciller y el ministro de Econom\u00eda para solicitarle al Gobierno un plan de mitigaci\u00f3n en caso de que el desenlace del litigio sea favorable a Per\u00fa.<\/p>\n<p>Los pescadores proponen, entre otras cosas, ampliar la cuota de pesca, permiso para faenar en aguas m\u00e1s lejanas hacia el sur de Arica e impulsar la acuicultura para crear nuevos puestos de trabajo.<\/p>\n<p>La resoluci\u00f3n de la demanda peruana se ha convertido en la comidilla del puerto de Arica, un recinto peque\u00f1o y destartalado situado en el centro de la ciudad.<\/p>\n<p>En la sede del sindicato de Buzos Mariscadores, a pocos metros del muelle, un grupo de hombres toma unos refrescos para combatir el calor y habla del tema con una mezcla de indignaci\u00f3n y miedo ante la posibilidad de un fallo contrario a los intereses de\u00a0Chile.<\/p>\n<p>&#8220;Chile\u00a0no se preocup\u00f3 de defender los l\u00edmites de los tratados que se firmaron&#8221;, dice uno de ellos en alusi\u00f3n a los acuerdos firmados en 1952 y 1954, que paraChile\u00a0definieron la frontera pero que para Per\u00fa son solo tratados pesqueros.<\/p>\n<p>La aparici\u00f3n de Arica en los titulares de las noticias y la repentina preocupaci\u00f3n del Gobierno ha reflotado el resquemor por el sentimiento de abandono que tienen muchos arique\u00f1os por parte de las autoridades, a quienes critican un excesivo centralismo.<\/p>\n<p>&#8220;El Gobierno nunca se ha preocupado por Arica y ahora vienen a sacarse las fotograf\u00edas&#8221;, lamenta a Efe Ricardo Condori, un buzo del sindicato.<\/p>\n<p>Manuel Guajardo, de la Asociaci\u00f3n de Armadores Pesqueros de Naves Menores, va un poco m\u00e1s lejos y trata de explicar el origen del problema.<\/p>\n<p>&#8220;Lo que ocurre en Arica es culpa de los gobiernos de los \u00faltimos 40 a\u00f1os. El \u00faltimo presidente que tuvo una pol\u00edtica geoestrat\u00e9gica para una regi\u00f3n fronteriza como \u00e9sta fue el general Carlos Ib\u00e1\u00f1ez del Campo&#8221;, se\u00f1ala.<\/p>\n<p>El dictador Augusto Pinochet (1973-1990), recuerda Guajardo, &#8220;convirti\u00f3 la ciudad en un fort\u00edn militar&#8221; y estableci\u00f3 una zona franca -libre de impuestos- en Iquique, un poco m\u00e1s al sur, lo que ahond\u00f3 el estancamiento de Arica.<\/p>\n<p>En su opini\u00f3n, la regi\u00f3n de Arica y Parinacota necesita un plan de desarrollo econ\u00f3mico y social acorde con el papel estrat\u00e9gico que juega como zona fronteriza.<\/p>\n<p>&#8220;Ahora es una buena oportunidad porque todo el mundo se preocupa por Arica. La mejor forma de hacer soberan\u00eda es poblando la ciudad y para eso hay que crear puestos de trabajo, solucionar el problema h\u00eddrico y la escasez de energ\u00eda&#8221;, sostiene.<\/p>\n<\/div>\n<\/div>\n<\/div>\n<\/div>\n<\/div>\n<\/div>\n","protected":false},"excerpt":{"rendered":"<p>La Corte Internacional de Justicia (CIJ) de La Haya se pronuncia este lunes sobre los l\u00edmites mar\u00edtimos entre Chile y Per\u00fa.<\/p>\n","protected":false},"author":5842,"featured_media":0,"comment_status":"open","ping_status":"open","sticky":false,"template":"","format":"standard","meta":{"footnotes":""},"categories":[23,24],"tags":[],"class_list":["post-455400","post","type-post","status-publish","format-standard","hentry","category-latinoamerica","category-mundo"],"_links":{"self":[{"href":"https:\/\/diarioelpopular.com\/index.php\/wp-json\/wp\/v2\/posts\/455400","targetHints":{"allow":["GET"]}}],"collection":[{"href":"https:\/\/diarioelpopular.com\/index.php\/wp-json\/wp\/v2\/posts"}],"about":[{"href":"https:\/\/diarioelpopular.com\/index.php\/wp-json\/wp\/v2\/types\/post"}],"author":[{"embeddable":true,"href":"https:\/\/diarioelpopular.com\/index.php\/wp-json\/wp\/v2\/users\/5842"}],"replies":[{"embeddable":true,"href":"https:\/\/diarioelpopular.com\/index.php\/wp-json\/wp\/v2\/comments?post=455400"}],"version-history":[{"count":3,"href":"https:\/\/diarioelpopular.com\/index.php\/wp-json\/wp\/v2\/posts\/455400\/revisions"}],"predecessor-version":[{"id":455404,"href":"https:\/\/diarioelpopular.com\/index.php\/wp-json\/wp\/v2\/posts\/455400\/revisions\/455404"}],"wp:attachment":[{"href":"https:\/\/diarioelpopular.com\/index.php\/wp-json\/wp\/v2\/media?parent=455400"}],"wp:term":[{"taxonomy":"category","embeddable":true,"href":"https:\/\/diarioelpopular.com\/index.php\/wp-json\/wp\/v2\/categories?post=455400"},{"taxonomy":"post_tag","embeddable":true,"href":"https:\/\/diarioelpopular.com\/index.php\/wp-json\/wp\/v2\/tags?post=455400"}],"curies":[{"name":"wp","href":"https:\/\/api.w.org\/{rel}","templated":true}]}}