{"id":455667,"date":"2014-02-13T19:00:25","date_gmt":"2014-02-14T00:00:25","guid":{"rendered":"http:\/\/diarioelpopular.com\/?p=455667"},"modified":"2014-02-13T19:00:32","modified_gmt":"2014-02-14T00:00:32","slug":"elecciones-extraordinarias-provinciales-se-celebraron-en-niagara-y-thornhill","status":"publish","type":"post","link":"https:\/\/diarioelpopular.com\/index.php\/2014\/02\/13\/elecciones-extraordinarias-provinciales-se-celebraron-en-niagara-y-thornhill\/","title":{"rendered":"Elecciones extraordinarias provinciales se celebraron en Ni\u00e1gara y Thornhill"},"content":{"rendered":"<div id=\"attachment_455668\" style=\"width: 570px\" class=\"wp-caption aligncenter\"><a href=\"https:\/\/diarioelpopular.com\/wp-content\/uploads\/2014\/02\/foto-1-breves-14.jpg\"><img loading=\"lazy\" decoding=\"async\" aria-describedby=\"caption-attachment-455668\" class=\"size-large wp-image-455668\" alt=\"Votantes acudieron a las urnas en Thornhilll y las Cataratas del Ni\u00e1gara este jueves.\" src=\"https:\/\/diarioelpopular.com\/wp-content\/uploads\/2014\/02\/foto-1-breves-14-560x314.jpg\" width=\"560\" height=\"314\" \/><\/a><p id=\"caption-attachment-455668\" class=\"wp-caption-text\">Votantes acudieron a las urnas en Thornhilll y las Cataratas del Ni\u00e1gara este jueves.<\/p><\/div>\n<p><strong><em>NIAGARA FALLS.-<\/em><\/strong> Los votantes acudieron a las urnas en Thornhilll y las Cataratas del Ni\u00e1gara este jueves. Seg\u00fan los expertos pol\u00edticos, los Nuevos Dem\u00f3cratas no tienen nada que perder y mucho que ganar en estos comicios especiales a nivel provincial, ya que en la actualidad no tienen ambos puestos.<\/p>\n<p>El NDP se encuentra en una carrera muy pugnada con los conservadores progresivos en las Cataratas del Ni\u00e1gara.<\/p>\n<p>En Thornhill es una contienda de dos v\u00edas entre los liberales de gobierno y los conservadores, que hab\u00edan sostenido la jurisdicci\u00f3n electoral.<\/p>\n<p>La Premier de Ontario, Kathleen Wynne, se hab\u00eda dirigido a los votantes diciendo que pueden votar en contra de los liberales en estas elecciones extraordinarias, lo que no iba a cambiar el estado del gobierno de minor\u00eda.<\/p>\n<p>Wynne tambi\u00e9n dijo que los resultados no van a alterar sus planes de introducir un presupuesto, rechazando los comentarios que se\u00f1alan que la Premier quer\u00eda convocar a una elecci\u00f3n en primavera si los liberales logran tomar las dos circunscripciones.<\/p>\n<p>M\u00e1s de 10.000 personas acudieron a las urnas en las encuestas anticipadas en las dos circunscripciones.<\/p>\n","protected":false},"excerpt":{"rendered":"<p>Los votantes acudieron a las urnas en Thornhilll y las Cataratas del Ni\u00e1gara este jueves. <\/p>\n","protected":false},"author":5842,"featured_media":0,"comment_status":"open","ping_status":"open","sticky":false,"template":"","format":"standard","meta":{"footnotes":""},"categories":[11191],"tags":[],"class_list":["post-455667","post","type-post","status-publish","format-standard","hentry","category-top-news"],"_links":{"self":[{"href":"https:\/\/diarioelpopular.com\/index.php\/wp-json\/wp\/v2\/posts\/455667","targetHints":{"allow":["GET"]}}],"collection":[{"href":"https:\/\/diarioelpopular.com\/index.php\/wp-json\/wp\/v2\/posts"}],"about":[{"href":"https:\/\/diarioelpopular.com\/index.php\/wp-json\/wp\/v2\/types\/post"}],"author":[{"embeddable":true,"href":"https:\/\/diarioelpopular.com\/index.php\/wp-json\/wp\/v2\/users\/5842"}],"replies":[{"embeddable":true,"href":"https:\/\/diarioelpopular.com\/index.php\/wp-json\/wp\/v2\/comments?post=455667"}],"version-history":[{"count":1,"href":"https:\/\/diarioelpopular.com\/index.php\/wp-json\/wp\/v2\/posts\/455667\/revisions"}],"predecessor-version":[{"id":455669,"href":"https:\/\/diarioelpopular.com\/index.php\/wp-json\/wp\/v2\/posts\/455667\/revisions\/455669"}],"wp:attachment":[{"href":"https:\/\/diarioelpopular.com\/index.php\/wp-json\/wp\/v2\/media?parent=455667"}],"wp:term":[{"taxonomy":"category","embeddable":true,"href":"https:\/\/diarioelpopular.com\/index.php\/wp-json\/wp\/v2\/categories?post=455667"},{"taxonomy":"post_tag","embeddable":true,"href":"https:\/\/diarioelpopular.com\/index.php\/wp-json\/wp\/v2\/tags?post=455667"}],"curies":[{"name":"wp","href":"https:\/\/api.w.org\/{rel}","templated":true}]}}