{"id":455710,"date":"2014-02-18T17:27:23","date_gmt":"2014-02-18T22:27:23","guid":{"rendered":"http:\/\/diarioelpopular.com\/?p=455710"},"modified":"2014-02-19T09:20:19","modified_gmt":"2014-02-19T14:20:19","slug":"familiares-de-victima-que-murio-despues-de-larga-espera-en-emergencia-se-retira-de-investigaciones","status":"publish","type":"post","link":"https:\/\/diarioelpopular.com\/index.php\/2014\/02\/18\/familiares-de-victima-que-murio-despues-de-larga-espera-en-emergencia-se-retira-de-investigaciones\/","title":{"rendered":"Familiares de v\u00edctima que muri\u00f3 despu\u00e9s de larga espera en emergencia se retira de investigaciones"},"content":{"rendered":"<div id=\"attachment_455711\" style=\"width: 570px\" class=\"wp-caption aligncenter\"><a href=\"https:\/\/diarioelpopular.com\/wp-content\/uploads\/2014\/02\/foto-1-breves-11.png\"><img loading=\"lazy\" decoding=\"async\" aria-describedby=\"caption-attachment-455711\" class=\"size-large wp-image-455711\" alt=\"La primera investigaci\u00f3n tuvo declaraciones de testigos que vieron a Sinclair en peligro y lo informaron al personal del hospital, pero estas preocupaciones fueron desestimadas.\" src=\"https:\/\/diarioelpopular.com\/wp-content\/uploads\/2014\/02\/foto-1-breves-11-560x420.png\" width=\"560\" height=\"420\" \/><\/a><p id=\"caption-attachment-455711\" class=\"wp-caption-text\">La primera investigaci\u00f3n tuvo declaraciones de testigos que vieron a Sinclair en peligro y lo informaron al personal del hospital, pero estas preocupaciones fueron desestimadas.<\/p><\/div>\n<p><strong><em>WINNIPEG.-<\/em><\/strong> Los familiares de Brian Sinclair, quien falleci\u00f3 durante una espera de 34 horas en una sala de emergencias en un hospital de Winnipeg, anunciaron su retiro de la siguiente fase de la investigaci\u00f3n del caso.<\/p>\n<p>Alegan que han perdido la confianza en las averiguaciones por \u201cel racismo general en el sistema de atenci\u00f3n de salud\u201d.<\/p>\n<p>Dos grupos ind\u00edgenas tambi\u00e9n se han retirado.<\/p>\n<p>Sinclair era un doble amputado que muri\u00f3 en el Centro de Ciencias de la Salud de Winnipeg en septiembre de 2008 por complicaciones derivadas de una infecci\u00f3n de vejiga.<\/p>\n<p>La primera fase de la investigaci\u00f3n tuvo declaraciones de testigos que vieron a Sinclair en peligro y lo informaron al personal del hospital, pero estas preocupaciones fueron desestimadas, de acuerdo con los testimonios.<\/p>\n<p>La familia de Sinclair esperaba que investigaci\u00f3n incluyera un amplio examen del racismo en el cuidado de la salud, pero el juez Timothy Preston dictamin\u00f3 que su mandato no era tan amplio.<\/p>\n<p>En cambio, la segunda fase se centrar\u00e1 en el hacinamiento, retrasos y procedimientos en los hospitales.<\/p>\n<p>Preston rechaz\u00f3 una moci\u00f3n en la que los grupos abor\u00edgenes anunciaron su retiro.<\/p>\n","protected":false},"excerpt":{"rendered":"<p>Los familiares de Brian Sinclair, quien falleci\u00f3 durante una espera de 34 horas en una sala de emergencias en un hospital de Winnipeg.<\/p>\n","protected":false},"author":5842,"featured_media":0,"comment_status":"open","ping_status":"open","sticky":false,"template":"","format":"standard","meta":{"footnotes":""},"categories":[21],"tags":[],"class_list":["post-455710","post","type-post","status-publish","format-standard","hentry","category-canada"],"_links":{"self":[{"href":"https:\/\/diarioelpopular.com\/index.php\/wp-json\/wp\/v2\/posts\/455710","targetHints":{"allow":["GET"]}}],"collection":[{"href":"https:\/\/diarioelpopular.com\/index.php\/wp-json\/wp\/v2\/posts"}],"about":[{"href":"https:\/\/diarioelpopular.com\/index.php\/wp-json\/wp\/v2\/types\/post"}],"author":[{"embeddable":true,"href":"https:\/\/diarioelpopular.com\/index.php\/wp-json\/wp\/v2\/users\/5842"}],"replies":[{"embeddable":true,"href":"https:\/\/diarioelpopular.com\/index.php\/wp-json\/wp\/v2\/comments?post=455710"}],"version-history":[{"count":1,"href":"https:\/\/diarioelpopular.com\/index.php\/wp-json\/wp\/v2\/posts\/455710\/revisions"}],"predecessor-version":[{"id":455712,"href":"https:\/\/diarioelpopular.com\/index.php\/wp-json\/wp\/v2\/posts\/455710\/revisions\/455712"}],"wp:attachment":[{"href":"https:\/\/diarioelpopular.com\/index.php\/wp-json\/wp\/v2\/media?parent=455710"}],"wp:term":[{"taxonomy":"category","embeddable":true,"href":"https:\/\/diarioelpopular.com\/index.php\/wp-json\/wp\/v2\/categories?post=455710"},{"taxonomy":"post_tag","embeddable":true,"href":"https:\/\/diarioelpopular.com\/index.php\/wp-json\/wp\/v2\/tags?post=455710"}],"curies":[{"name":"wp","href":"https:\/\/api.w.org\/{rel}","templated":true}]}}