{"id":455771,"date":"2014-02-21T00:07:32","date_gmt":"2014-02-21T05:07:32","guid":{"rendered":"http:\/\/diarioelpopular.com\/?p=455771"},"modified":"2014-02-20T20:58:36","modified_gmt":"2014-02-21T01:58:36","slug":"enfermeras-de-quebec-proponen-clinicas-de-24-horas-sin-medicos","status":"publish","type":"post","link":"https:\/\/diarioelpopular.com\/index.php\/2014\/02\/21\/enfermeras-de-quebec-proponen-clinicas-de-24-horas-sin-medicos\/","title":{"rendered":"Enfermeras de Quebec proponen cl\u00ednicas de 24 horas sin m\u00e9dicos"},"content":{"rendered":"<div id=\"attachment_455772\" style=\"width: 570px\" class=\"wp-caption aligncenter\"><a href=\"https:\/\/diarioelpopular.com\/wp-content\/uploads\/2014\/02\/foto-1-nota-210.jpg\"><img loading=\"lazy\" decoding=\"async\" aria-describedby=\"caption-attachment-455772\" class=\"size-large wp-image-455772\" alt=\"La Federaci\u00f3n de Sindicatos de Personal de Enfermer\u00eda de Quebec inform\u00f3 que el plan ser\u00e1 implementado primero en \u00e1reas estrat\u00e9gicas de Quebec y posteriormente en toda la provincia.\" src=\"https:\/\/diarioelpopular.com\/wp-content\/uploads\/2014\/02\/foto-1-nota-210-560x315.jpg\" width=\"560\" height=\"315\" \/><\/a><p id=\"caption-attachment-455772\" class=\"wp-caption-text\">La Federaci\u00f3n de Sindicatos de Personal de Enfermer\u00eda de Quebec inform\u00f3 que el plan ser\u00e1 implementado primero en \u00e1reas estrat\u00e9gicas de Quebec y posteriormente en toda la provincia.<\/p><\/div>\n<p><strong><em>MONTREAL.-<\/em><\/strong> La Federaci\u00f3n de Sindicatos de Personal de Enfermer\u00eda de Quebec considera que el sistema de salud de la provincia ha llegado al colapso por lo que propone que establecimientos cl\u00ednicos sean atendidos exclusivamente por enfermeras y otros profesionales de atenci\u00f3n m\u00e9dica durante 24 horas del d\u00eda.<\/p>\n<p>Roberto Bomba, representante del Comit\u00e9 Ejecutivo del mencionado gremio, reiter\u00f3 que la atenci\u00f3n a la salud en Quebec no funciona de manera expedita. &#8220;Los pacientes tienen tiempos de espera entre 14 y 16 horas en las emergencias por enfermedades o padecimientos menores que no representan una situaci\u00f3n de emergencia\u201d.<\/p>\n<p>A\u00f1adi\u00f3 que los Centros de Servicios Comunitarios Locales, CLSC, fueron creados para descongestionar las salas de emergencia. El personal de estos centros de Quebec tambi\u00e9n ten\u00eda a su cargo an\u00e1lisis de sangre y vacunas.<\/p>\n<p>Sin embargo, solo algunos centros permanec\u00edan abiertos despu\u00e9s de las 8:00 pm o durante s\u00e1bados y domingos, raz\u00f3n por la cual los pacientes acud\u00edan a una cl\u00ednica ambulatoria o a la emergencia por lesiones y enfermedades menores que podr\u00edan ser tratadas f\u00e1cilmente r\u00e1pidamente por enfermeras.<\/p>\n<p>\u201cEl modelo CLSC ha fracasado. Esto llev\u00f3 a la federaci\u00f3n proponer peque\u00f1as cl\u00ednicas, sin fines de lucro, a disposici\u00f3n de la comunidad durante todo el d\u00eda\u201d, dijo Bomba.<\/p>\n<p>Explic\u00f3 que este plan ser\u00e1 implementado gradualmente, en \u00e1reas estrat\u00e9gicas de Quebec, en primer lugar, y posteriormente ser\u00e1 ampliado a toda la provincia.<\/p>\n<p>&#8220;Lo que estamos haciendo es, simplemente, transferir los recursos financieros y los profesionales de la salud a una instituci\u00f3n&#8221;, dijo Bomba.<\/p>\n<p>Por su parte, el Ministro de Salud de Quebec R\u00e9jean H\u00e9bert expres\u00f3 su desacuerdo con la propuesta.&#8221;Nos orientamos a que la mejor atenci\u00f3n para el paciente es tener un equipo con m\u00e9dicos, enfermeras y otros profesionales de la salud&#8221;, dijo.<\/p>\n<p>Asimismo, la federaci\u00f3n solicita la instalaci\u00f3n de cl\u00ednicas vecinales, como parte de la reforma del sistema de salud \u201ccolapsado\u201d de Quebec.<\/p>\n<p>Tambi\u00e9n resalta la creaci\u00f3n de centros para la tercera edad. No se especifica si estos estar\u00e1n destinados a reemplazar o complementar los centros de atenci\u00f3n a largo plazo de Quebec (CHSLD).<\/p>\n<p>El Presidente de la Federaci\u00f3n de Sindicatos de Personal de Enfermer\u00eda de Quebec, R\u00e9gine Laurent, coment\u00f3 que el sistema de salud debe adaptarse a las necesidades de la tercera edad. \u201cNo deber\u00edamos hacer que un jubilado tenga que movilizarse para recibir atenci\u00f3n\u201d.<\/p>\n","protected":false},"excerpt":{"rendered":"<p>La Federaci\u00f3n de Sindicatos de Personal de Enfermer\u00eda de Quebec present\u00f3 un conjunto de medidas para reducir los tiempos de espera en las salas de emergencias de los hospitales.<\/p>\n","protected":false},"author":5842,"featured_media":0,"comment_status":"open","ping_status":"open","sticky":false,"template":"","format":"standard","meta":{"footnotes":""},"categories":[21],"tags":[],"class_list":["post-455771","post","type-post","status-publish","format-standard","hentry","category-canada"],"_links":{"self":[{"href":"https:\/\/diarioelpopular.com\/index.php\/wp-json\/wp\/v2\/posts\/455771","targetHints":{"allow":["GET"]}}],"collection":[{"href":"https:\/\/diarioelpopular.com\/index.php\/wp-json\/wp\/v2\/posts"}],"about":[{"href":"https:\/\/diarioelpopular.com\/index.php\/wp-json\/wp\/v2\/types\/post"}],"author":[{"embeddable":true,"href":"https:\/\/diarioelpopular.com\/index.php\/wp-json\/wp\/v2\/users\/5842"}],"replies":[{"embeddable":true,"href":"https:\/\/diarioelpopular.com\/index.php\/wp-json\/wp\/v2\/comments?post=455771"}],"version-history":[{"count":1,"href":"https:\/\/diarioelpopular.com\/index.php\/wp-json\/wp\/v2\/posts\/455771\/revisions"}],"predecessor-version":[{"id":455773,"href":"https:\/\/diarioelpopular.com\/index.php\/wp-json\/wp\/v2\/posts\/455771\/revisions\/455773"}],"wp:attachment":[{"href":"https:\/\/diarioelpopular.com\/index.php\/wp-json\/wp\/v2\/media?parent=455771"}],"wp:term":[{"taxonomy":"category","embeddable":true,"href":"https:\/\/diarioelpopular.com\/index.php\/wp-json\/wp\/v2\/categories?post=455771"},{"taxonomy":"post_tag","embeddable":true,"href":"https:\/\/diarioelpopular.com\/index.php\/wp-json\/wp\/v2\/tags?post=455771"}],"curies":[{"name":"wp","href":"https:\/\/api.w.org\/{rel}","templated":true}]}}