{"id":455893,"date":"2014-02-28T00:11:23","date_gmt":"2014-02-28T05:11:23","guid":{"rendered":"http:\/\/diarioelpopular.com\/?p=455893"},"modified":"2014-02-27T19:40:10","modified_gmt":"2014-02-28T00:40:10","slug":"aga-khan-dijo-canada-es-una-nacion-lider","status":"publish","type":"post","link":"https:\/\/diarioelpopular.com\/index.php\/2014\/02\/28\/aga-khan-dijo-canada-es-una-nacion-lider\/","title":{"rendered":"Aga Khan dijo: \u201cCanad\u00e1 es una naci\u00f3n l\u00edder\u201d"},"content":{"rendered":"<div id=\"attachment_455894\" style=\"width: 570px\" class=\"wp-caption aligncenter\"><a href=\"https:\/\/diarioelpopular.com\/wp-content\/uploads\/2014\/02\/foto-1-nota-211.jpg\"><img loading=\"lazy\" decoding=\"async\" aria-describedby=\"caption-attachment-455894\" class=\"size-large wp-image-455894\" alt=\"El l\u00edder espiritual y Harper firmar\u00e1n un protocolo de acuerdo para reforzar los lazos entre Imamat y Canad\u00e1. \" src=\"https:\/\/diarioelpopular.com\/wp-content\/uploads\/2014\/02\/foto-1-nota-211-560x315.jpg\" width=\"560\" height=\"315\" \/><\/a><p id=\"caption-attachment-455894\" class=\"wp-caption-text\">El l\u00edder espiritual y Harper firmar\u00e1n un protocolo de acuerdo para reforzar los lazos entre Imamat y Canad\u00e1.<\/p><\/div>\n<p><strong><em>OTTAWA.-<\/em> <\/strong>El Aga Khan fue recibido en su visita a Canad\u00e1 en la C\u00e1mara de los Comunes, donde aclam\u00f3 que &#8220;Canad\u00e1 es un l\u00edder en la comunidad de naciones&#8221;.<\/p>\n<p>El l\u00edder, de 77 a\u00f1os de edad, fue recibido en medio de ovaciones repetidas por miembros del parlamento y senadores, adem\u00e1s de representantes musulmanes ismaelitas invitados para la ocasi\u00f3n.<\/p>\n<p>Anunci\u00f3 que su fundaci\u00f3n se sumar\u00e1 a las celebraciones del 150 aniversario de Canad\u00e1 en el 2017.<\/p>\n<p>Luego de su discurso, sostuvo una reuni\u00f3n privada con el Primer Ministro Canadiense, Stephen Harper, quien le dio la bienvenida alab\u00e1ndole como un humanitario incansable y resalt\u00e1ndolo por sus proyectos de desarrollo en \u00c1frica, Asia y en Afganist\u00e1n.<\/p>\n<p>Harper dijo que su defensa de la tolerancia y el pluralismo ha ido &#8220;m\u00e1s all\u00e1 de las palabras&#8221;.<\/p>\n<p>Aga Khan posee un t\u00edtulo hereditario de su cargo religioso. Es un asiduo visitante de Canad\u00e1. Sus viajes m\u00e1s recientes fueron en el 2008 y 2010. Se le concedi\u00f3 la ciudadan\u00eda honoraria de Canad\u00e1 durante esta \u00faltima visita.<\/p>\n<p>Harper tambi\u00e9n agradeci\u00f3 a Aga Khan por su apoyo a la iniciativa de salud materna que se puso en marcha en 2010.<\/p>\n<p>&#8220;Los canadienses somos m\u00e1s fuertes cuando tenemos el apoyo de quienes comparten nuestros valores&#8221;, dijo Harper.<\/p>\n<p>Aga Khan se convirti\u00f3 en la 49 \u00aa Imam de los chiitas ismaelitas musulmanes en 1957, cuando sucedi\u00f3 a su abuelo.<\/p>\n<p>Hay alrededor de 100.000 chiitas ismaelitas musulmanes en Canad\u00e1.<\/p>\n<p>Aga Khan culp\u00f3 a la visi\u00f3n negativa de los musulmanes sobre las ambiciones pol\u00edticas, en su emotivo discurso sobre temas de inclusi\u00f3n y las lecciones de la pluralidad de la fe musulmana.<\/p>\n<p>El l\u00edder abord\u00f3 la gran variaci\u00f3n de las culturas musulmanas y los conceptos err\u00f3neos acerca de c\u00f3mo los musulmanes ven el mundo. &#8220;Esencialmente, ellos no comparten las impresiones de occidente. Se ha convertido en un lugar com\u00fan, para algunos, hablar de un choque inevitable entre el occidente industrial y civilizaciones isl\u00e1micas. Pero la mayor\u00eda de los musulmanes no ven las cosas de esta manera&#8221;, dijo en su discurso.<\/p>\n<p>Habl\u00f3 de los profundos lazos entre Canad\u00e0 e Imamat, la entidad que representa la sucesi\u00f3n de los l\u00edderes espirituales, sobre todo en lo que respecta a la diversidad.<\/p>\n<p>El l\u00edder espiritual y Harper firmar\u00e1n un protocolo de acuerdo para reforzar los lazos entre Imamat y Canad\u00e1. &#8220;Nuestra asociaci\u00f3n en Canad\u00e1 se ha fortalecido inmensamente por la presencia -por m\u00e1s de cuatro d\u00e9cadas- de una significativa comunidad Ismaili&#8221;, dijo.<\/p>\n","protected":false},"excerpt":{"rendered":"<p>El l\u00edder espiritual de unos 15 millones de chiitas ismaelitas musulmanes en el \u00e1mbito internacional se dirigi\u00f3 a la C\u00e1mara de los Comunes, exhortando a Canad\u00e1 a unirse para hacer del mundo un lugar pac\u00edfico m\u00e1s tolerante.<\/p>\n","protected":false},"author":5842,"featured_media":0,"comment_status":"open","ping_status":"open","sticky":false,"template":"","format":"standard","meta":{"footnotes":""},"categories":[21],"tags":[],"class_list":["post-455893","post","type-post","status-publish","format-standard","hentry","category-canada"],"_links":{"self":[{"href":"https:\/\/diarioelpopular.com\/index.php\/wp-json\/wp\/v2\/posts\/455893","targetHints":{"allow":["GET"]}}],"collection":[{"href":"https:\/\/diarioelpopular.com\/index.php\/wp-json\/wp\/v2\/posts"}],"about":[{"href":"https:\/\/diarioelpopular.com\/index.php\/wp-json\/wp\/v2\/types\/post"}],"author":[{"embeddable":true,"href":"https:\/\/diarioelpopular.com\/index.php\/wp-json\/wp\/v2\/users\/5842"}],"replies":[{"embeddable":true,"href":"https:\/\/diarioelpopular.com\/index.php\/wp-json\/wp\/v2\/comments?post=455893"}],"version-history":[{"count":1,"href":"https:\/\/diarioelpopular.com\/index.php\/wp-json\/wp\/v2\/posts\/455893\/revisions"}],"predecessor-version":[{"id":455895,"href":"https:\/\/diarioelpopular.com\/index.php\/wp-json\/wp\/v2\/posts\/455893\/revisions\/455895"}],"wp:attachment":[{"href":"https:\/\/diarioelpopular.com\/index.php\/wp-json\/wp\/v2\/media?parent=455893"}],"wp:term":[{"taxonomy":"category","embeddable":true,"href":"https:\/\/diarioelpopular.com\/index.php\/wp-json\/wp\/v2\/categories?post=455893"},{"taxonomy":"post_tag","embeddable":true,"href":"https:\/\/diarioelpopular.com\/index.php\/wp-json\/wp\/v2\/tags?post=455893"}],"curies":[{"name":"wp","href":"https:\/\/api.w.org\/{rel}","templated":true}]}}