{"id":455986,"date":"2014-03-07T00:12:26","date_gmt":"2014-03-07T05:12:26","guid":{"rendered":"http:\/\/diarioelpopular.com\/?p=455986"},"modified":"2014-03-10T09:01:39","modified_gmt":"2014-03-10T13:01:39","slug":"comienza-campana-en-quebec-para-elecciones-provinciales-del-7-de-abril","status":"publish","type":"post","link":"https:\/\/diarioelpopular.com\/index.php\/2014\/03\/07\/comienza-campana-en-quebec-para-elecciones-provinciales-del-7-de-abril\/","title":{"rendered":"Comienza campa\u00f1a en Quebec para elecciones provinciales del 7 de abril"},"content":{"rendered":"<div id=\"attachment_455987\" style=\"width: 570px\" class=\"wp-caption aligncenter\"><a href=\"https:\/\/diarioelpopular.com\/wp-content\/uploads\/2014\/03\/foto-1-nota-13.jpg\"><img loading=\"lazy\" decoding=\"async\" aria-describedby=\"caption-attachment-455987\" class=\"size-large wp-image-455987\" alt=\"Analistas predicen que el partido de Marois podr\u00eda obtener la mayor\u00eda para el momento en que los electores de Quebec vayan a las urnas el pr\u00f3ximo mes.\" src=\"https:\/\/diarioelpopular.com\/wp-content\/uploads\/2014\/03\/foto-1-nota-13-560x406.jpg\" width=\"560\" height=\"406\" \/><\/a><p id=\"caption-attachment-455987\" class=\"wp-caption-text\">Analistas predicen que el partido de Marois podr\u00eda obtener la mayor\u00eda para el momento en que los electores de Quebec vayan a las urnas el pr\u00f3ximo mes.<\/p><\/div>\n<p><strong><em>MONTREAL.-<\/em> <\/strong>La L\u00edder del Partido Qu\u00e9b\u00e9cois, Pauline Marois, estableci\u00f3 oficialmente que el 7 de abril ser\u00e1 la fecha para las elecciones de Quebec.<\/p>\n<p>Marois se subi\u00f3 a su autob\u00fas de campa\u00f1a en la ciudad de Quebec s\u00f3lo despu\u00e9s de las 10:30 am, tras una reuni\u00f3n con el gobernador, Pierre Duchesne, para disolver la legislatura provincial y emitir un decreto para las elecciones.<\/p>\n<p>Dieciocho meses despu\u00e9s de que el Partido Qu\u00e9b\u00e9cois gan\u00f3 un gobierno en minor\u00eda, los partidos provinciales pusieron en marcha su campa\u00f1a de 33 d\u00edas.<\/p>\n<p>Marois dijo que su gobierno alcanz\u00f3 grandes progresos para mejorar la provincia, pero a\u00fan tiene mucho por hacer.<\/p>\n<p>\u201cSoy una Premier con determinaci\u00f3n, soy una mujer decidida\u201d, dijo Pauline Marois, l\u00edder de la organizaci\u00f3n Quebequense.<\/p>\n<p>&#8220;Tenemos un plan y un equipo de trabajo para lograrlo&#8221;, dijo Marois ante el gabinete de su partido en las instalaciones del gabinete.<\/p>\n<p>&#8220;Desafortunadamente los liberales y la Coalici\u00f3n Avenir Qu\u00e9bec (CAQ) s\u00f3lo tienen un objetivo. Y eso es para bloquear nuestro gobierno\u2026 Hemos presentado un presupuesto responsable, pero decidieron oponerse a ello incluso antes de leerlo&#8221;, dijo Marois.<\/p>\n<p>Se espera que el Partido Liberal de Quebec celebre un mitin en Quebec City. La Coalici\u00f3n Avenir Qu\u00e9bec y Qu\u00e9bec Solidaire iniciaron tambi\u00e9n sus campa\u00f1as, pero a\u00fan no han anunciado sus actividades.<\/p>\n<p>Las partes se enfrentaron en una serie de temas, pero todos coincidieron en un asunto: la incapacidad del gobierno del PQ de afrontar las dificultades de la econom\u00eda.<\/p>\n<p>El l\u00edder del CAQ, Fran\u00e7ois Legault, dijo Marois ha estado usando la llamada Carta de Valores para distraer a los quebequenses de las cuestiones financieras de la provincia. \u201cMarois ha venido trabajando para crear una elecci\u00f3n que se centrar\u00e1 en un tema, su famosa Carta de Valores\u201d<\/p>\n<p>Legault dijo que si Marois realmente aspiraba a la instalaci\u00f3n de un estatuto laico, tendr\u00eda que haber estado dispuesta a conversar y negociar.<\/p>\n<p>Al contrario, Legault acus\u00f3 al PQ de usar la Carta para su propio beneficio pol\u00edtico.<\/p>\n<p>La independencia de Quebec fue otro tema \u2018\u00e1lgido. El l\u00edder de los liberales de Quebec, Philippe Couillard, conden\u00f3 a Marois por la creaci\u00f3n de una financiera &#8220;fiasco&#8221;, culpando al gobierno PQ por la expiraci\u00f3n del Plan Nord.<\/p>\n<p>Marois se ha comprometido a comenzar una nueva etapa en la soberan\u00eda de Quebec.<\/p>\n<p>Couillard inici\u00f3 su campa\u00f1a condenando al gobierno del PQ de presentar un presupuesto &#8220;incompleto&#8221;. Dijo que la agenda separatista del gobierno PQ estaba dividiendo a los quebequenses.<\/p>\n<p>&#8220;Es irresponsable fomentar la divisi\u00f3n entre las comunidades de Quebec. No puedo aceptar eso. Vamos a trabajar duro para que todos los quebequenses se sientan unidos bajo nuestra identidad: Quebec&#8221;.<\/p>\n<p>El PQ no se ha comprometido a un refer\u00e9ndum y ha sostenido que cuando exista suficiente apoyo para otro, lo propondr\u00e1.<\/p>\n<p>El vocero de Quebec Solidaire, Fran\u00e7oise David, destac\u00f3 la postura pro-independentista de su partido en el lanzamiento de campa\u00f1a en Montreal.<\/p>\n<p>&#8220;Vamos a estar hablando de soberan\u00eda. Quebec debe basarse en valores comunes: igualdad de derechos para hombres y mujeres, laicismo, pero eso no es todo. Tambi\u00e9n est\u00e1 el medio ambiente, la justicia social, la democracia. Vamos a hablar de todo esto en las pr\u00f3ximas semanas&#8221;.<\/p>\n<p>Alentados por el apoyo popular que rodea la llamada Carta de Valores, los analistas predicen que el partido de Marois podr\u00eda obtener la mayor\u00eda para el momento en que los electores de Quebec vayan a las urnas el pr\u00f3ximo mes.<\/p>\n<p>A\u00fan as\u00ed, Marois ha se\u00f1alado p\u00fablicamente como necesario el apoyo de los partidos de la oposici\u00f3n para el presupuesto provincial recientemente presentado.<\/p>\n<div id=\"attachment_455988\" style=\"width: 570px\" class=\"wp-caption aligncenter\"><a href=\"https:\/\/diarioelpopular.com\/wp-content\/uploads\/2014\/03\/foto-2-nota-1.jpg\"><img loading=\"lazy\" decoding=\"async\" aria-describedby=\"caption-attachment-455988\" class=\"size-large wp-image-455988\" alt=\"Dieciocho meses despu\u00e9s de que el Partido Qu\u00e9b\u00e9cois gan\u00f3 un gobierno en minor\u00eda, los partidos provinciales pusieron en marcha su campa\u00f1a de 33 d\u00edas.\" src=\"https:\/\/diarioelpopular.com\/wp-content\/uploads\/2014\/03\/foto-2-nota-1-560x315.jpg\" width=\"560\" height=\"315\" \/><\/a><p id=\"caption-attachment-455988\" class=\"wp-caption-text\">Dieciocho meses despu\u00e9s de que el Partido Qu\u00e9b\u00e9cois gan\u00f3 un gobierno en minor\u00eda, los partidos provinciales pusieron en marcha su campa\u00f1a de 33 d\u00edas.<\/p><\/div>\n","protected":false},"excerpt":{"rendered":"<p>Los l\u00edderes de los diferentes partidos se enfrentar\u00e1n por la soberan\u00eda y la econom\u00eda en una campa\u00f1a electoral que se pone en marcha durante 33 d\u00edas.<\/p>\n","protected":false},"author":5842,"featured_media":0,"comment_status":"open","ping_status":"open","sticky":false,"template":"","format":"standard","meta":{"footnotes":""},"categories":[21],"tags":[],"class_list":["post-455986","post","type-post","status-publish","format-standard","hentry","category-canada"],"_links":{"self":[{"href":"https:\/\/diarioelpopular.com\/index.php\/wp-json\/wp\/v2\/posts\/455986","targetHints":{"allow":["GET"]}}],"collection":[{"href":"https:\/\/diarioelpopular.com\/index.php\/wp-json\/wp\/v2\/posts"}],"about":[{"href":"https:\/\/diarioelpopular.com\/index.php\/wp-json\/wp\/v2\/types\/post"}],"author":[{"embeddable":true,"href":"https:\/\/diarioelpopular.com\/index.php\/wp-json\/wp\/v2\/users\/5842"}],"replies":[{"embeddable":true,"href":"https:\/\/diarioelpopular.com\/index.php\/wp-json\/wp\/v2\/comments?post=455986"}],"version-history":[{"count":1,"href":"https:\/\/diarioelpopular.com\/index.php\/wp-json\/wp\/v2\/posts\/455986\/revisions"}],"predecessor-version":[{"id":455989,"href":"https:\/\/diarioelpopular.com\/index.php\/wp-json\/wp\/v2\/posts\/455986\/revisions\/455989"}],"wp:attachment":[{"href":"https:\/\/diarioelpopular.com\/index.php\/wp-json\/wp\/v2\/media?parent=455986"}],"wp:term":[{"taxonomy":"category","embeddable":true,"href":"https:\/\/diarioelpopular.com\/index.php\/wp-json\/wp\/v2\/categories?post=455986"},{"taxonomy":"post_tag","embeddable":true,"href":"https:\/\/diarioelpopular.com\/index.php\/wp-json\/wp\/v2\/tags?post=455986"}],"curies":[{"name":"wp","href":"https:\/\/api.w.org\/{rel}","templated":true}]}}