{"id":456013,"date":"2014-03-12T00:06:50","date_gmt":"2014-03-12T04:06:50","guid":{"rendered":"http:\/\/diarioelpopular.com\/?p=456013"},"modified":"2014-03-11T21:38:36","modified_gmt":"2014-03-12T01:38:36","slug":"canada-anuncio-acuerdo-de-libre-comercio-con-corea-del-sur-ampliando-la-economia-en-1-7-mil-millones","status":"publish","type":"post","link":"https:\/\/diarioelpopular.com\/index.php\/2014\/03\/12\/canada-anuncio-acuerdo-de-libre-comercio-con-corea-del-sur-ampliando-la-economia-en-1-7-mil-millones\/","title":{"rendered":"Canad\u00e1 anunci\u00f3 acuerdo de libre comercio con Corea del Sur ampliando la econom\u00eda en $1.7 mil millones"},"content":{"rendered":"<div id=\"attachment_456014\" style=\"width: 570px\" class=\"wp-caption aligncenter\"><a href=\"https:\/\/diarioelpopular.com\/wp-content\/uploads\/2014\/03\/foto-1-nota2.jpg\"><img loading=\"lazy\" decoding=\"async\" aria-describedby=\"caption-attachment-456014\" class=\"size-large wp-image-456014\" alt=\"Se espera que el acuerdo aumente las exportaciones canadienses a Corea del Sur en un 32 por ciento y expandir\u00e1 la econom\u00eda en $ 1.7 mil millones.\" src=\"https:\/\/diarioelpopular.com\/wp-content\/uploads\/2014\/03\/foto-1-nota2-560x373.jpg\" width=\"560\" height=\"373\" \/><\/a><p id=\"caption-attachment-456014\" class=\"wp-caption-text\">Se espera que el acuerdo aumente las exportaciones canadienses a Corea del Sur en un 32 por ciento y expandir\u00e1 la econom\u00eda en $ 1.7 mil millones.<\/p><\/div>\n<div id=\"attachment_456014\" style=\"width: 570px\" class=\"wp-caption aligncenter\"><a href=\"https:\/\/diarioelpopular.com\/wp-content\/uploads\/2014\/03\/foto-1-nota2.jpg\"><img loading=\"lazy\" decoding=\"async\" aria-describedby=\"caption-attachment-456014\" class=\"size-large wp-image-456014\" alt=\"Se espera que el acuerdo aumente las exportaciones canadienses a Corea del Sur en un 32 por ciento y expandir\u00e1 la econom\u00eda en $ 1.7 mil millones.\" src=\"https:\/\/diarioelpopular.com\/wp-content\/uploads\/2014\/03\/foto-1-nota2-560x373.jpg\" width=\"560\" height=\"373\" \/><\/a><p id=\"caption-attachment-456014\" class=\"wp-caption-text\">Se espera que el acuerdo aumente las exportaciones canadienses a Corea del Sur en un 32 por ciento y expandir\u00e1 la econom\u00eda en $ 1.7 mil millones.<\/p><\/div>\n<p>OTTAWA.- El anuncio pone fin a casi una d\u00e9cada de conversaciones y marca la primera incursi\u00f3n de libre comercio de Canad\u00e1 en la regi\u00f3n de Asia-Pac\u00edfico, que el gobierno de los conservadores han apuntado como esencial para el bienestar econ\u00f3mico del pa\u00eds.<\/p>\n<p>&#8220;Este acuerdo es un gran negocio para ambos pa\u00edses. Se va a crear empleos y oportunidades para los canadienses de hoy y para las futuras generaciones&#8221;, dijo Harper.<\/p>\n<p>&#8220;Este pacto dar\u00e1 a las empresas canadienses el acceso a una econom\u00eda del G-20 en pleno auge y lo m\u00e1s importante a las cadenas clave de suministro que comienzan en Corea y de ah\u00ed se desplazan por toda Asia&#8221;, enfatiz\u00f3 el Primer Ministro.<\/p>\n<p>Una vez en vigor, se eliminar\u00eda pr\u00e1cticamente la totalidad de los aranceles entre los pa\u00edses. Con Corea del Sur se reducir\u00e1 el 81,9 por ciento de los derechos y Canad\u00e1 eliminar\u00eda el 76,4 por ciento de los grav\u00e1menes. Algunos aranceles, por ejemplo los del sector de agricultura, tardar\u00e1n m\u00e1s de una docena de a\u00f1os en ser totalmente eliminadas.<\/p>\n<p>Los documentos del gobierno se\u00f1alaron que las empresas canadienses tendr\u00e1n la posibilidad de obtener las ganancias ya que los aranceles de Corea del Sur, en la actualidad, son de un promedio de cerca de tres veces de Canad\u00e1, 13,3 por ciento frente al 4,3 por ciento, respectivamente.<\/p>\n<p>Las autoridades aclararon que el pacto se concret\u00f3 plenamente y no se trat\u00f3 de un principio de acuerdo, como fue el caso de la Uni\u00f3n Europea, lo que podr\u00eda entrar en vigor dentro de un a\u00f1o.<\/p>\n<p>El acuerdo tambi\u00e9n es diferente es lo que respecta a la contrataci\u00f3n sub-nacional, por lo que Ottawa no requerir\u00e1 aprobaci\u00f3n provincial.<\/p>\n<p>Las partes interesadas que representan a las industrias aeroespaciales, carne vacuna y de cerdo mostraron satisfacci\u00f3n con lo que la eliminaci\u00f3n de los aranceles de Corea del Sur, por lo que podr\u00eda significar para sus productores.<\/p>\n<p>Seg\u00fan el comunicado del gobierno, se espera que el acuerdo aumente las exportaciones canadienses a Corea del Sur en un 32 por ciento y expandir\u00e1 la econom\u00eda en $ 1.7 mil millones.<\/p>\n<p>Los grandes ganadores de la parte canadiense probablemente ser\u00e1n en el sector de la agricultura, el ganado de res y de cerdo, la industria forestal y la exportaci\u00f3n de productos pesqueros, los cuales se enfrentan a altos aranceles para el env\u00edo al mercado de Corea compuesto de 50 millones de personas.<\/p>\n<p>Pero Ottawa ya enfrenta reacciones de Ontario y del sector automotriz nacional, que ver\u00e1 la obligaci\u00f3n de 6,1 por ciento en las exportaciones coreanas de los veh\u00edculos Hyundai y Kia, una vez en vigencia el acuerdo, haciendo que las marcas fuertes vendan a\u00fan m\u00e1s competitivamente en el mercado canadiense.<\/p>\n<p>El Presidente del Sindicato de Trabajadores del Autom\u00f3vil Unifor, Jerry Dias, dijo que los precios para los coches coreanos disminuir\u00e1n en los pr\u00f3ximos dos a\u00f1os y esto perjudicar\u00eda a las compa\u00f1\u00edas canadienses. \u201cSe perder\u00e1n m\u00e1s de 30.000 puestos de trabajo\u201d.<\/p>\n","protected":false},"excerpt":{"rendered":"<p>El Primer Ministro Stephen Harper est\u00e1 promoviendo un acuerdo de libre comercio con Corea del Sur como gran impulso para los exportadores canadienses en busca de un punto de apoyo en el lucrativo mercado asi\u00e1tico.<\/p>\n","protected":false},"author":5842,"featured_media":0,"comment_status":"open","ping_status":"open","sticky":false,"template":"","format":"standard","meta":{"footnotes":""},"categories":[21],"tags":[],"class_list":["post-456013","post","type-post","status-publish","format-standard","hentry","category-canada"],"_links":{"self":[{"href":"https:\/\/diarioelpopular.com\/index.php\/wp-json\/wp\/v2\/posts\/456013","targetHints":{"allow":["GET"]}}],"collection":[{"href":"https:\/\/diarioelpopular.com\/index.php\/wp-json\/wp\/v2\/posts"}],"about":[{"href":"https:\/\/diarioelpopular.com\/index.php\/wp-json\/wp\/v2\/types\/post"}],"author":[{"embeddable":true,"href":"https:\/\/diarioelpopular.com\/index.php\/wp-json\/wp\/v2\/users\/5842"}],"replies":[{"embeddable":true,"href":"https:\/\/diarioelpopular.com\/index.php\/wp-json\/wp\/v2\/comments?post=456013"}],"version-history":[{"count":1,"href":"https:\/\/diarioelpopular.com\/index.php\/wp-json\/wp\/v2\/posts\/456013\/revisions"}],"predecessor-version":[{"id":456015,"href":"https:\/\/diarioelpopular.com\/index.php\/wp-json\/wp\/v2\/posts\/456013\/revisions\/456015"}],"wp:attachment":[{"href":"https:\/\/diarioelpopular.com\/index.php\/wp-json\/wp\/v2\/media?parent=456013"}],"wp:term":[{"taxonomy":"category","embeddable":true,"href":"https:\/\/diarioelpopular.com\/index.php\/wp-json\/wp\/v2\/categories?post=456013"},{"taxonomy":"post_tag","embeddable":true,"href":"https:\/\/diarioelpopular.com\/index.php\/wp-json\/wp\/v2\/tags?post=456013"}],"curies":[{"name":"wp","href":"https:\/\/api.w.org\/{rel}","templated":true}]}}