{"id":456317,"date":"2014-04-04T00:05:53","date_gmt":"2014-04-04T04:05:53","guid":{"rendered":"http:\/\/diarioelpopular.com\/?p=456317"},"modified":"2014-04-03T19:06:36","modified_gmt":"2014-04-03T23:06:36","slug":"sospechoso-de-st-leonard-en-custodia-despues-de-violento-incidente","status":"publish","type":"post","link":"https:\/\/diarioelpopular.com\/index.php\/2014\/04\/04\/sospechoso-de-st-leonard-en-custodia-despues-de-violento-incidente\/","title":{"rendered":"Sospechoso de St-Leonard en custodia despu\u00e9s de violento incidente"},"content":{"rendered":"<div id=\"attachment_456318\" style=\"width: 522px\" class=\"wp-caption aligncenter\"><a href=\"https:\/\/diarioelpopular.com\/wp-content\/uploads\/2014\/04\/foto-1-breves-22.jpg\"><img loading=\"lazy\" decoding=\"async\" aria-describedby=\"caption-attachment-456318\" class=\"size-full wp-image-456318\" alt=\"La Polic\u00eda de Montreal detuvo a un presunto responsable de una serie de ataques violentos ocurridos en St-Leonard. Foto Cortesia CBC.\" src=\"https:\/\/diarioelpopular.com\/wp-content\/uploads\/2014\/04\/foto-1-breves-22.jpg\" width=\"512\" height=\"289\" \/><\/a><p id=\"caption-attachment-456318\" class=\"wp-caption-text\">La Polic\u00eda de Montreal detuvo a un presunto responsable de una serie de ataques violentos ocurridos en St-Leonard. Foto Cortesia CBC.<\/p><\/div>\n<p><strong><em>MONTREAL.-<\/em> <\/strong>La Polic\u00eda de Montreal mantiene a un hombre detenido despu\u00e9s de una serie de ataques violentos ocurridos en St-Leonard, cuatro personas golpeadas y una pareja de ancianos estaban atemorizados ante el ingreso forzado del antisocial a su vivienda.<\/p>\n<p>El cuerpo policial atendi\u00f3 una llamada al 911 a las 4:30 am sobre un incidente de pu\u00f1aladas en un bloque de apartamentos situado en la intersecci\u00f3n de las calles Cannes y Jean-Talon East en St-Leonard.<\/p>\n<p>Agentes policiales encontraron en la escena a una mujer de alrededor de 50 a\u00f1os gravemente herida en el cuello, con un arma blanca, y otra que hab\u00eda sido asaltada f\u00edsicamente.<\/p>\n<p>El sospechoso huy\u00f3 a pie y se maneja la hip\u00f3tesis de que ha asaltado un conductor de cami\u00f3n de basura, un conductor de autob\u00fas y varios peatones antes de que entrar en el apartamento de una pareja de ancianos.<\/p>\n<p>Un equipo de perros de la polic\u00eda rastre\u00f3 al sospechoso hasta su vivienda, donde fue detenido y puesto bajo custodia a las 6:00 am.<\/p>\n","protected":false},"excerpt":{"rendered":"<p>La Polic\u00eda de Montreal mantiene a un hombre detenido despu\u00e9s de una serie de ataques violentos ocurridos en St-Leonard.<\/p>\n","protected":false},"author":5842,"featured_media":0,"comment_status":"open","ping_status":"open","sticky":false,"template":"","format":"standard","meta":{"footnotes":""},"categories":[21],"tags":[],"class_list":["post-456317","post","type-post","status-publish","format-standard","hentry","category-canada"],"_links":{"self":[{"href":"https:\/\/diarioelpopular.com\/index.php\/wp-json\/wp\/v2\/posts\/456317","targetHints":{"allow":["GET"]}}],"collection":[{"href":"https:\/\/diarioelpopular.com\/index.php\/wp-json\/wp\/v2\/posts"}],"about":[{"href":"https:\/\/diarioelpopular.com\/index.php\/wp-json\/wp\/v2\/types\/post"}],"author":[{"embeddable":true,"href":"https:\/\/diarioelpopular.com\/index.php\/wp-json\/wp\/v2\/users\/5842"}],"replies":[{"embeddable":true,"href":"https:\/\/diarioelpopular.com\/index.php\/wp-json\/wp\/v2\/comments?post=456317"}],"version-history":[{"count":1,"href":"https:\/\/diarioelpopular.com\/index.php\/wp-json\/wp\/v2\/posts\/456317\/revisions"}],"predecessor-version":[{"id":456319,"href":"https:\/\/diarioelpopular.com\/index.php\/wp-json\/wp\/v2\/posts\/456317\/revisions\/456319"}],"wp:attachment":[{"href":"https:\/\/diarioelpopular.com\/index.php\/wp-json\/wp\/v2\/media?parent=456317"}],"wp:term":[{"taxonomy":"category","embeddable":true,"href":"https:\/\/diarioelpopular.com\/index.php\/wp-json\/wp\/v2\/categories?post=456317"},{"taxonomy":"post_tag","embeddable":true,"href":"https:\/\/diarioelpopular.com\/index.php\/wp-json\/wp\/v2\/tags?post=456317"}],"curies":[{"name":"wp","href":"https:\/\/api.w.org\/{rel}","templated":true}]}}