{"id":456430,"date":"2014-04-11T00:09:27","date_gmt":"2014-04-11T04:09:27","guid":{"rendered":"http:\/\/diarioelpopular.com\/?p=456430"},"modified":"2014-04-10T19:18:09","modified_gmt":"2014-04-10T23:18:09","slug":"carlos-vives-2","status":"publish","type":"post","link":"https:\/\/diarioelpopular.com\/index.php\/2014\/04\/11\/carlos-vives-2\/","title":{"rendered":"Carlos Vives"},"content":{"rendered":"<p align=\"center\"><a href=\"https:\/\/diarioelpopular.com\/wp-content\/uploads\/2014\/04\/web.24.DSC_0024.jpg\"><img loading=\"lazy\" decoding=\"async\" class=\"aligncenter size-large wp-image-456431\" alt=\"web.24.DSC_0024\" src=\"https:\/\/diarioelpopular.com\/wp-content\/uploads\/2014\/04\/web.24.DSC_0024-560x834.jpg\" width=\"560\" height=\"834\" \/><\/a>El cantante samario, nombrado como el primer embajador de inclusi\u00f3n de la Agencia de los Estados Unidos para el Desarrollo Internacional m\u00e1s conocida como USAID, recibi\u00f3 este pasado viernes, en el The Brickell Room del Hotel Intercontinental de Miami, a los medios de comunicaci\u00f3n en una concurrida conferencia de prensa.<\/p>\n<p>De instancia pudimos disfrutar del video en el que cantautor nadaba por las profundidades de los arrecifes de coral de Bah\u00eda Concha, encontr\u00e1ndose con dos ni\u00f1as ind\u00edgenas que lo recib\u00edan en la playa al salir del mar y caminaba con ellas por antiguos callejones de Santa Marta hasta llegar a la Sierra Nevada en donde los tres se sumerg\u00edan en las aguas de una hermosa cascada.<\/p>\n<p>\u201cHemos disfrutado de los ancestros ind\u00edgenas y africanos en la m\u00fasica, pero nunca antes hemos hecho conciencia de su problem\u00e1tica y es una lecci\u00f3n que estoy aprendiendo. Estamos en deuda con ellos, hoy hago m\u00e1s conciencia de muchas de sus situaciones e historias y creo que es el momento de que actuemos. Siento verg\u00fcenza de que tanta gente haya vivido en el olvido. Voy a incrementar la conciencia y el entendimiento sobre la diversidad poblacional, los derechos de las minor\u00edas y la herencia cultural colombiana\u201d, expresaba un emocionado Vives.<\/p>\n<p>La agencia trabaja desde hace 50 a\u00f1os en Colombia y desde hace tres implementa un programa para afrodescendientes e ind\u00edgenas, cuyo objetivo es allanar oportunidades de inclusi\u00f3n socioecon\u00f3mica y pol\u00edtica en esos sectores.<a href=\"https:\/\/diarioelpopular.com\/wp-content\/uploads\/2014\/04\/web.28.DSC_0028.jpg\"><img loading=\"lazy\" decoding=\"async\" class=\"aligncenter size-large wp-image-456432\" alt=\"web.28.DSC_0028\" src=\"https:\/\/diarioelpopular.com\/wp-content\/uploads\/2014\/04\/web.28.DSC_0028-560x375.jpg\" width=\"560\" height=\"375\" \/><\/a><\/p>\n<p>&#8220;Para que Colombia avance hacia la paz y prosperidad tienen que tomarse en cuenta el bienestar y los derechos de todos los colombianos, especialmente de los grupos afroamericanos e ind\u00edgenas que han sido hist\u00f3ricamente marginados&#8221;, anoto Mark Feierstein, administrador de USAID.<\/p>\n<p>Adem\u00e1s bromeando dijo: \u201cCarlos habla mejor espa\u00f1ol, pero yo canto mejor que \u00e9l. Mi asesora de m\u00fasica es mi ni\u00f1a que tiene 20 a\u00f1os, ella tambi\u00e9n es latina y en su iPhone tiene algunas canciones de Shakira, algunas de Juanes, pero tiene todas las de Carlos Vives\u201d.<\/p>\n<p>Y a\u00f1ade, el artista.<\/p>\n<p>\u201cEstoy muy contento de no estar solo, en algo que venimos trabajando desde hace a\u00f1os. Haberlos excluido es no haber utilizado ese potencial m\u00e1s all\u00e1 de la m\u00fasica, m\u00e1s all\u00e1 de lo art\u00edstico y es el momento de aprovechar el abrazo que nos da USAID para hacer conciencia\u201d.<\/p>\n<p>Carlos Vives, que en mayo lanzar\u00e1 la segunda parte de su disco llamada \u201c+Coraz\u00f3n Abierto\u201d, vivi\u00f3 a piel junto a la prensa la presentaci\u00f3n del video del tema \u2018Mar de sus ojos\u2019, en donde participa tambi\u00e9n el grupo de hip hop colombiano ChocQuibTown de ascendencia afrocolombiana, arrancando un aplauso interminable.<a href=\"https:\/\/diarioelpopular.com\/wp-content\/uploads\/2014\/04\/web.80.DSC_0080-A.jpg\"><img loading=\"lazy\" decoding=\"async\" class=\"aligncenter size-large wp-image-456433\" alt=\"web.80.DSC_0080-A\" src=\"https:\/\/diarioelpopular.com\/wp-content\/uploads\/2014\/04\/web.80.DSC_0080-A-560x366.jpg\" width=\"560\" height=\"366\" \/><\/a><\/p>\n<p align=\"center\"><b>Claudia Elena V\u00e1squez &#8211; Zulia Mena \u2013 Carlos Vives<\/b><\/p>\n<p>Aunque uno de los momentos m\u00e1s emotivos fue cuando supo que Zulia Mena, alcaldesa de Quibd\u00f3 y de raza negra, se encontraba presente, asi Carlos le record\u00f3.<\/p>\n<p>\u201cYo te cont\u00e9 una historia que tengo del Choco y es dif\u00edcil (su voz se quebr\u00f3). El maestro C\u00f3rdoba fue un m\u00fasico famoso en Bogot\u00e1, dado a su comunidad, trabajo muy fuerte en Choco, y en Quibd\u00f3. Yo llegu\u00e9 a trabajar como mesero en el a\u00f1o 81 a un lugar en donde se hac\u00eda m\u00fasica en vivo y el maestro, quien era un gran bolerista, me daba la oportunidad de subirme a la tarima a cantar con \u00e9l muchos boleros, por eso lo quiero y lo recuerdo mucho\u201d.<a href=\"https:\/\/diarioelpopular.com\/wp-content\/uploads\/2014\/04\/web.73.DSC_0073.jpg\"><img loading=\"lazy\" decoding=\"async\" class=\"aligncenter size-large wp-image-456434\" alt=\"web.73.DSC_0073\" src=\"https:\/\/diarioelpopular.com\/wp-content\/uploads\/2014\/04\/web.73.DSC_0073-560x375.jpg\" width=\"560\" height=\"375\" \/><\/a><\/p>\n<p>Carlos Vives, multiganador del Grammy Latino y aclamado productor, compositor y cantante, finalmente recibi\u00f3 un \u2018Disco de Oro\u2019 por las ventas de Coraz\u00f3n Profundo en Estados Unidos y con el que ya gan\u00f3 tres premios Grammy Latino en el 2013.<\/p>\n<p><b>Fotos: Frank.<\/b><\/p>\n","protected":false},"excerpt":{"rendered":"<p>\u201cEs el momento de aprovechar el abrazo que nos da USAID para hacer conciencia\u201d<\/p>\n","protected":false},"author":5842,"featured_media":0,"comment_status":"open","ping_status":"open","sticky":false,"template":"","format":"standard","meta":{"footnotes":""},"categories":[80,81,2482],"tags":[],"class_list":["post-456430","post","type-post","status-publish","format-standard","hentry","category-cine-2","category-columnistas","category-espectaculo"],"_links":{"self":[{"href":"https:\/\/diarioelpopular.com\/index.php\/wp-json\/wp\/v2\/posts\/456430","targetHints":{"allow":["GET"]}}],"collection":[{"href":"https:\/\/diarioelpopular.com\/index.php\/wp-json\/wp\/v2\/posts"}],"about":[{"href":"https:\/\/diarioelpopular.com\/index.php\/wp-json\/wp\/v2\/types\/post"}],"author":[{"embeddable":true,"href":"https:\/\/diarioelpopular.com\/index.php\/wp-json\/wp\/v2\/users\/5842"}],"replies":[{"embeddable":true,"href":"https:\/\/diarioelpopular.com\/index.php\/wp-json\/wp\/v2\/comments?post=456430"}],"version-history":[{"count":1,"href":"https:\/\/diarioelpopular.com\/index.php\/wp-json\/wp\/v2\/posts\/456430\/revisions"}],"predecessor-version":[{"id":456435,"href":"https:\/\/diarioelpopular.com\/index.php\/wp-json\/wp\/v2\/posts\/456430\/revisions\/456435"}],"wp:attachment":[{"href":"https:\/\/diarioelpopular.com\/index.php\/wp-json\/wp\/v2\/media?parent=456430"}],"wp:term":[{"taxonomy":"category","embeddable":true,"href":"https:\/\/diarioelpopular.com\/index.php\/wp-json\/wp\/v2\/categories?post=456430"},{"taxonomy":"post_tag","embeddable":true,"href":"https:\/\/diarioelpopular.com\/index.php\/wp-json\/wp\/v2\/tags?post=456430"}],"curies":[{"name":"wp","href":"https:\/\/api.w.org\/{rel}","templated":true}]}}