{"id":4565,"date":"2011-07-12T23:58:49","date_gmt":"2011-07-13T03:58:49","guid":{"rendered":"http:\/\/retrolab.ca\/elpopular\/?p=4565"},"modified":"2011-07-12T23:58:49","modified_gmt":"2011-07-13T03:58:49","slug":"uruguay-pasa-a-cuartos-y-mexico-se-vuelve-a-casa","status":"publish","type":"post","link":"https:\/\/diarioelpopular.com\/index.php\/2011\/07\/12\/uruguay-pasa-a-cuartos-y-mexico-se-vuelve-a-casa\/","title":{"rendered":"Uruguay pasa a cuartos y M\u00e9xico se vuelve a casa"},"content":{"rendered":"<div id=\"attachment_4569\" style=\"width: 810px\" class=\"wp-caption aligncenter\"><a href=\"http:\/\/retrolab.ca\/elpopular\/wp-content\/uploads\/2011\/07\/Uruguay.jpeg\"><img loading=\"lazy\" decoding=\"async\" aria-describedby=\"caption-attachment-4569\" class=\"size-full wp-image-4569\" title=\"El jugador uruguayo \u00c1lvaro Pereira festeja su gol ante M\u00e9xico. Foto: Mauricio Due\u00f1as \/ Efe\" src=\"http:\/\/retrolab.ca\/elpopular\/wp-content\/uploads\/2011\/07\/Uruguay.jpeg\" alt=\"\" width=\"800\" height=\"625\" \/><\/a><p id=\"caption-attachment-4569\" class=\"wp-caption-text\">El jugador uruguayo \u00c1lvaro Pereira festeja su gol ante M\u00e9xico. Foto: Mauricio Due\u00f1as \/ Efe<\/p><\/div>\n<p><em>I\u00f1aki Dufour. La Plata (Argentina).- <\/em>Un gol de \u00c1lvaro Pereira en la primera parte sentenci\u00f3 la clasificaci\u00f3n para cuartos de final de la Copa Am\u00e9rica de la selecci\u00f3n de\u00a0Uruguay, que obtuvo un triunfo merecido, con m\u00e1s inquietud de la esperada por su falta de efectividad ofensiva, ante un rival inferior en f\u00fatbol y ocasiones.<\/p>\n<p>A los celestes, que acceden a la siguiente ronda como segundos de grupo, ya <a href=\"https:\/\/diarioelpopular.com\/2011\/07\/argentina-se-redime-al-vencer-a-costa-rica-3-0\/\">les espera Argentina<\/a>, su rival el pr\u00f3ximo s\u00e1bado por un puesto en las semifinales; M\u00e9xico, en cambio, se despidi\u00f3 del torneo sin ning\u00fan punto, en su peor participaci\u00f3n en esta competici\u00f3n de la historia, en la que siempre hab\u00eda superado la primera fase.<\/p>\n<p>Uruguay\u00a0no especul\u00f3 ni un instante. Ya no pod\u00eda ser primero de grupo, despu\u00e9s del <a href=\"https:\/\/diarioelpopular.com\/2011\/07\/chile-lider-tras-ganar-a-peru-en-el-ultimo-minuto\/\">triunfo de Chile sobre Per\u00fa<\/a>, pero estaba obligado a ganar para asegurar su clasificaci\u00f3n, igual que M\u00e9xico, un equipo inofensivo en las dos anteriores jornadas y que hoy cambi\u00f3 su conservador sistema en la b\u00fasqueda de la victoria.<\/p>\n<p>No le sirvi\u00f3 de mucho, porque la selecci\u00f3n celeste, a golpe de intensidad, presi\u00f3n y ambici\u00f3n, tom\u00f3 el mando del juego desde el primer segundo y la ventaja en el marcador a los doce minutos, en un rechace del portero Luis Michel, que no ataj\u00f3 un bal\u00f3n aparentemente f\u00e1cil, aprovechado por \u00c1lvaro Pereira para firmar el 1-0.<\/p>\n<p>M\u00e9xico, menos aislado en ataque que en partidos precedentes, pero a\u00fan tan lejos del \u00e1rea rival que el empate parec\u00eda una misi\u00f3n imposible, s\u00f3lo tuvo capacidad de respuesta en las botas de Giovani dos Santos. Una acci\u00f3n suya, en un error may\u00fasculo en el despeje de Diego Lugano, oblig\u00f3 a estirarse a Muslera para evitar el 1-1.<\/p>\n<p>Un susto, un aviso, para\u00a0Uruguay, que hab\u00eda desacelerado con el gol y que hab\u00eda concedido m\u00e1s metros a su oponente, pero que a\u00fan manejaba un duelo m\u00e1s equilibrado y que monopolizaba las ocasiones, muchas por regalos defensivos, otras por tiros lejanos y ninguna de ellas transformada en el 2-0, como un remate al poste de Diego Forl\u00e1n, antes de cerrar una primera parte de claro color celeste.<\/p>\n<p>Tambi\u00e9n lo fue la segunda mitad, aunque M\u00e9xico, a pesar de la sustituci\u00f3n de Giovani en el descanso por Oribe Peralta, gener\u00f3 algo m\u00e1s de inquietud, con un remate de M\u00e1rquez Lugo o alguna jugada por banda de Javier Aquino, suficiente para alertar a\u00a0Uruguay\u00a0de que a\u00fan quedaban muchos minutos, de que el triunfo todav\u00eda no estaba hecho.<\/p>\n<p>Le falt\u00f3 punter\u00eda al equipo celeste para sentenciar el encuentro. Perdon\u00f3 Cristian Rodr\u00edguez, en dos cabezazos; Forl\u00e1n, en una buena ocasi\u00f3n dentro del \u00e1rea; Luis Su\u00e1rez, en un mano a mano ante Luis Michel que malgast\u00f3 con un tiro demasiado cruzado; \u00c1lvarez Gonz\u00e1lez y Diego P\u00e9rez, con un potente disparo, ante la debilidad rival.<\/p>\n<p>Uruguay, incomprensiblemente con s\u00f3lo un gol en el marcador, a\u00fan ve\u00eda su ventaja en duda, m\u00e1s por la incre\u00edble falta de efectividad de un equipo con goleadores magn\u00edficos como Forl\u00e1n o Luis Su\u00e1rez o por las paradas de Luis Michel que por los m\u00e9ritos de M\u00e9xico, que repet\u00eda una y otra vez sus dificultades ofensivas, pero que introdujo al conjunto celeste en un escenario cada vez m\u00e1s inc\u00f3modo.<\/p>\n<p>Un gol anulado a Rafael M\u00e1rquez Lugo por supuesto fuera de juego encendi\u00f3 definitivamente las alarmas de\u00a0Uruguay, que ya no sufri\u00f3 para asegurar la victoria, para plantarse en los cuartos de final de la Copa Am\u00e9rica como segundo clasificado del grupo C. Argentina, el anfitri\u00f3n, ser\u00e1 su siguiente reto en un duelo enorme.<\/p>\n<p><strong>Ficha t\u00e9cnica:<\/strong><\/p>\n<ul>\n<li><strong>1 &#8211;\u00a0Uruguay: <\/strong>Muslera; Maxi Pereira, Coates, Lugano, \u00c1lvaro Pereira; \u00c1lvaro Gonz\u00e1lez (Lodeiro, m. 66), Diego P\u00e9rez, Ar\u00e9valo R\u00edos, Cristian Rodr\u00edguez (Eguren, m. 84); Luis Su\u00e1rez y Forl\u00e1n )<\/li>\n<li><strong>0 &#8211; M\u00e9xico: <\/strong>Michel; Mier, Araujo, Reynoso, Ch\u00e1vez; Aguilar (Aquino, m. 46), Reyes, Enr\u00edquez, Ponce (Pacheco, m. 68); Giovani (Oribe Peralta, m. 46) y M\u00e1rquez Lugo.<\/li>\n<li><strong>Gol:<\/strong> 1-0, m. 12: \u00c1lvaro Pereira aprovecha un rechace en el \u00e1rea.<\/li>\n<li><strong>\u00c1rbitro:<\/strong> Ra\u00fal Orozco (Bolivia). Amonest\u00f3 al uruguayo Coates (m. 90) y a los mexicanos Aguilar (m. 41), Reynoso (m. 55) y M\u00e1rquez Lugo (m. 82).<\/li>\n<li><strong>Incidencias: <\/strong>Partido correspondiente a la tercera y \u00faltima jornada del grupo C de la primera fase de la Copa Am\u00e9rica 2011, disputado en el estadio \u00danico Ciudad de La Plata ante unos 35.000 espectadores.<\/li>\n<\/ul>\n<p>&nbsp;<\/p>\n","protected":false},"excerpt":{"rendered":"<p>Un gol de \u00c1lvaro Pereira sentenci\u00f3 la clasificaci\u00f3n para cuartos de final de la Copa Am\u00e9rica de la selecci\u00f3n de Uruguay, que obtuvo un triunfo merecido, con m\u00e1s inquietud de la esperada por su falta de efectividad ofensiva, ante un rival inferior en f\u00fatbol y ocasiones.<\/p>\n","protected":false},"author":1,"featured_media":4567,"comment_status":"closed","ping_status":"open","sticky":false,"template":"","format":"standard","meta":{"footnotes":""},"categories":[28],"tags":[6506,179,167,182],"class_list":["post-4565","post","type-post","status-publish","format-standard","has-post-thumbnail","hentry","category-deportes","tag-copa-america","tag-futbol-2","tag-mexico","tag-uruguay"],"_links":{"self":[{"href":"https:\/\/diarioelpopular.com\/index.php\/wp-json\/wp\/v2\/posts\/4565","targetHints":{"allow":["GET"]}}],"collection":[{"href":"https:\/\/diarioelpopular.com\/index.php\/wp-json\/wp\/v2\/posts"}],"about":[{"href":"https:\/\/diarioelpopular.com\/index.php\/wp-json\/wp\/v2\/types\/post"}],"author":[{"embeddable":true,"href":"https:\/\/diarioelpopular.com\/index.php\/wp-json\/wp\/v2\/users\/1"}],"replies":[{"embeddable":true,"href":"https:\/\/diarioelpopular.com\/index.php\/wp-json\/wp\/v2\/comments?post=4565"}],"version-history":[{"count":0,"href":"https:\/\/diarioelpopular.com\/index.php\/wp-json\/wp\/v2\/posts\/4565\/revisions"}],"wp:featuredmedia":[{"embeddable":true,"href":"https:\/\/diarioelpopular.com\/index.php\/wp-json\/"}],"wp:attachment":[{"href":"https:\/\/diarioelpopular.com\/index.php\/wp-json\/wp\/v2\/media?parent=4565"}],"wp:term":[{"taxonomy":"category","embeddable":true,"href":"https:\/\/diarioelpopular.com\/index.php\/wp-json\/wp\/v2\/categories?post=4565"},{"taxonomy":"post_tag","embeddable":true,"href":"https:\/\/diarioelpopular.com\/index.php\/wp-json\/wp\/v2\/tags?post=4565"}],"curies":[{"name":"wp","href":"https:\/\/api.w.org\/{rel}","templated":true}]}}