{"id":456676,"date":"2014-05-02T00:01:07","date_gmt":"2014-05-02T04:01:07","guid":{"rendered":"http:\/\/diarioelpopular.com\/?p=456676"},"modified":"2014-05-01T18:37:53","modified_gmt":"2014-05-01T22:37:53","slug":"alcaldia-de-montreal-propone-reemplazar-arboles-infestados","status":"publish","type":"post","link":"https:\/\/diarioelpopular.com\/index.php\/2014\/05\/02\/alcaldia-de-montreal-propone-reemplazar-arboles-infestados\/","title":{"rendered":"Alcaldia de Montreal propone reemplazar \u00e1rboles infestados"},"content":{"rendered":"<div id=\"attachment_456677\" style=\"width: 570px\" class=\"wp-caption aligncenter\"><a href=\"https:\/\/diarioelpopular.com\/wp-content\/uploads\/2014\/05\/foto-1-breves-2.jpg\"><img loading=\"lazy\" decoding=\"async\" aria-describedby=\"caption-attachment-456677\" class=\"size-large wp-image-456677\" src=\"https:\/\/diarioelpopular.com\/wp-content\/uploads\/2014\/05\/foto-1-breves-2-560x315.jpg\" alt=\"Montreal ha invertido una suma adicional de $ 1.4 millones en el tratamiento de \u00e1rboles infestados este a\u00f1o.\" width=\"560\" height=\"315\" \/><\/a><p id=\"caption-attachment-456677\" class=\"wp-caption-text\">Montreal ha invertido una suma adicional de $ 1.4 millones en el tratamiento de \u00e1rboles infestados este a\u00f1o.<\/p><\/div>\n<p><strong><em>MONTREAL.-<\/em><\/strong> Un debate suscit\u00f3 entre las autoridades municipales ante la salida propuesta por la Alcad\u00eda de Montreal de controlar los \u00e1rboles atacados masivamente por insectos.<\/p>\n<p>Contrario a la jurisdicci\u00f3n de St-Laurent que es partidaria del uso de un bio-insecticida para el combate del escarabajo, la ciudad de Montreal plante\u00f3 la posibilidad de podar los \u00e1rboles infestados y sustituirlos con un nuevo lote.<\/p>\n<p>En St. Laurent se promueve la inyecci\u00f3n del qu\u00edmico bajo la corteza de los \u00e1rboles para matar las larvas del insectos.<\/p>\n<p>Del mismo modo, el Alcalde de Hampstead, Bill Steinberg, considera que el enfoque de Montreal es err\u00f3neo para la eliminaci\u00f3n de la especie invasora que est\u00e1 causando estragos en el sur de Quebec.<\/p>\n<p>Sin embargo, Montreal ha invertido una suma adicional de $ 1.4 millones en el tratamiento este a\u00f1o, por encima de los $ 2 millones ya asignados al programa.<\/p>\n<p>Steinberg dijo que la eliminaci\u00f3n de los \u00e1rboles y su sustituci\u00f3n en la propiedad p\u00fablica constituyen un incentivo para los residentes de talar los \u00e1rboles en su propiedad tambi\u00e9n.<\/p>\n","protected":false},"excerpt":{"rendered":"<p>Un debate suscit\u00f3 entre las autoridades municipales ante la salida propuesta por la Alcad\u00eda de Montreal de controlar los \u00e1rboles atacados masivamente por insectos.<\/p>\n","protected":false},"author":5842,"featured_media":0,"comment_status":"open","ping_status":"open","sticky":false,"template":"","format":"standard","meta":{"footnotes":""},"categories":[21],"tags":[],"class_list":["post-456676","post","type-post","status-publish","format-standard","hentry","category-canada"],"_links":{"self":[{"href":"https:\/\/diarioelpopular.com\/index.php\/wp-json\/wp\/v2\/posts\/456676","targetHints":{"allow":["GET"]}}],"collection":[{"href":"https:\/\/diarioelpopular.com\/index.php\/wp-json\/wp\/v2\/posts"}],"about":[{"href":"https:\/\/diarioelpopular.com\/index.php\/wp-json\/wp\/v2\/types\/post"}],"author":[{"embeddable":true,"href":"https:\/\/diarioelpopular.com\/index.php\/wp-json\/wp\/v2\/users\/5842"}],"replies":[{"embeddable":true,"href":"https:\/\/diarioelpopular.com\/index.php\/wp-json\/wp\/v2\/comments?post=456676"}],"version-history":[{"count":1,"href":"https:\/\/diarioelpopular.com\/index.php\/wp-json\/wp\/v2\/posts\/456676\/revisions"}],"predecessor-version":[{"id":456678,"href":"https:\/\/diarioelpopular.com\/index.php\/wp-json\/wp\/v2\/posts\/456676\/revisions\/456678"}],"wp:attachment":[{"href":"https:\/\/diarioelpopular.com\/index.php\/wp-json\/wp\/v2\/media?parent=456676"}],"wp:term":[{"taxonomy":"category","embeddable":true,"href":"https:\/\/diarioelpopular.com\/index.php\/wp-json\/wp\/v2\/categories?post=456676"},{"taxonomy":"post_tag","embeddable":true,"href":"https:\/\/diarioelpopular.com\/index.php\/wp-json\/wp\/v2\/tags?post=456676"}],"curies":[{"name":"wp","href":"https:\/\/api.w.org\/{rel}","templated":true}]}}