{"id":456695,"date":"2014-05-02T00:06:52","date_gmt":"2014-05-02T04:06:52","guid":{"rendered":"http:\/\/diarioelpopular.com\/?p=456695"},"modified":"2014-05-01T18:51:24","modified_gmt":"2014-05-01T22:51:24","slug":"hombre-que-mato-al-policia-con-quitanieves-debe-permanecer-bajo-estricta-seguridad","status":"publish","type":"post","link":"https:\/\/diarioelpopular.com\/index.php\/2014\/05\/02\/hombre-que-mato-al-policia-con-quitanieves-debe-permanecer-bajo-estricta-seguridad\/","title":{"rendered":"Hombre que mat\u00f3 al polic\u00eda con quitanieves debe permanecer bajo estricta seguridad"},"content":{"rendered":"<div id=\"attachment_456696\" style=\"width: 555px\" class=\"wp-caption aligncenter\"><a href=\"https:\/\/diarioelpopular.com\/wp-content\/uploads\/2014\/05\/foto-1-breves-2-.jpg\"><img loading=\"lazy\" decoding=\"async\" aria-describedby=\"caption-attachment-456696\" class=\"size-full wp-image-456696\" src=\"https:\/\/diarioelpopular.com\/wp-content\/uploads\/2014\/05\/foto-1-breves-2-.jpg\" alt=\"Richard Kachkar fue acusado por asesinato en primer grado de la muerte del Sargento de la Polic\u00eda de Toronto, Ryan Russell. \" width=\"545\" height=\"365\" \/><\/a><p id=\"caption-attachment-456696\" class=\"wp-caption-text\">Richard Kachkar fue acusado por asesinato en primer grado de la muerte del Sargento de la Polic\u00eda de Toronto, Ryan Russell.<\/p><\/div>\n<p><strong><em>WHITBY.-<\/em><\/strong> Una junta de revisi\u00f3n ha dictaminado que Richard Kachkar debe permanecer en la unidad de seguridad de un hospital de salud mental.<\/p>\n<p>Kachkar se encuentra en un centro en Whitby, Ontario, hasta completar un a\u00f1o luego de haber sido dictaminado como penalmente no responsable de matar al Sargento Ryan Russell.<\/p>\n<p>Kachkar mat\u00f3 al Polic\u00eda de Toronto con una m\u00e1quina quitanieves.<\/p>\n<p>En su primera audiencia anual ante la Junta de Revisi\u00f3n de Ontario, los abogados de Kachkar solicitaron su traslado a una unidad forense general.<\/p>\n<p>Esta instancia emiti\u00f3 la orden de que el Kachkar debe permanecer en la unidad de seguridad bajo las mismas condiciones, incluido el acceso a la comunidad.<\/p>\n<p>En audiencia inicial, esta junta permiti\u00f3 a Kachkar recorrer la comunidad y la Corona apel\u00f3 infructuosamente dicha disposici\u00f3n.<\/p>\n<p>El psiquiatra de Kachkar dijo a la audiencia que el equipo m\u00e9dico consider\u00f3 que su paciente no estaba apto para ubicarse en una unidad general, donde la proporci\u00f3n del personal es menor a la de los pacientes.<\/p>\n","protected":false},"excerpt":{"rendered":"<p>Una junta de revisi\u00f3n ha dictaminado que Richard Kachkar debe permanecer en la unidad de seguridad de un hospital de salud mental.<\/p>\n","protected":false},"author":5842,"featured_media":0,"comment_status":"open","ping_status":"open","sticky":false,"template":"","format":"standard","meta":{"footnotes":""},"categories":[21],"tags":[],"class_list":["post-456695","post","type-post","status-publish","format-standard","hentry","category-canada"],"_links":{"self":[{"href":"https:\/\/diarioelpopular.com\/index.php\/wp-json\/wp\/v2\/posts\/456695","targetHints":{"allow":["GET"]}}],"collection":[{"href":"https:\/\/diarioelpopular.com\/index.php\/wp-json\/wp\/v2\/posts"}],"about":[{"href":"https:\/\/diarioelpopular.com\/index.php\/wp-json\/wp\/v2\/types\/post"}],"author":[{"embeddable":true,"href":"https:\/\/diarioelpopular.com\/index.php\/wp-json\/wp\/v2\/users\/5842"}],"replies":[{"embeddable":true,"href":"https:\/\/diarioelpopular.com\/index.php\/wp-json\/wp\/v2\/comments?post=456695"}],"version-history":[{"count":1,"href":"https:\/\/diarioelpopular.com\/index.php\/wp-json\/wp\/v2\/posts\/456695\/revisions"}],"predecessor-version":[{"id":456697,"href":"https:\/\/diarioelpopular.com\/index.php\/wp-json\/wp\/v2\/posts\/456695\/revisions\/456697"}],"wp:attachment":[{"href":"https:\/\/diarioelpopular.com\/index.php\/wp-json\/wp\/v2\/media?parent=456695"}],"wp:term":[{"taxonomy":"category","embeddable":true,"href":"https:\/\/diarioelpopular.com\/index.php\/wp-json\/wp\/v2\/categories?post=456695"},{"taxonomy":"post_tag","embeddable":true,"href":"https:\/\/diarioelpopular.com\/index.php\/wp-json\/wp\/v2\/tags?post=456695"}],"curies":[{"name":"wp","href":"https:\/\/api.w.org\/{rel}","templated":true}]}}