{"id":456771,"date":"2014-05-09T00:04:36","date_gmt":"2014-05-09T04:04:36","guid":{"rendered":"http:\/\/diarioelpopular.com\/?p=456771"},"modified":"2014-05-13T19:17:30","modified_gmt":"2014-05-13T23:17:30","slug":"campana-empezo-con-descredito-a-harper-y-promesas-de-200-mil-empleos","status":"publish","type":"post","link":"https:\/\/diarioelpopular.com\/index.php\/2014\/05\/09\/campana-empezo-con-descredito-a-harper-y-promesas-de-200-mil-empleos\/","title":{"rendered":"Campa\u00f1a empez\u00f3 con descr\u00e9dito a Harper y promesas de 200 mil empleos"},"content":{"rendered":"<div id=\"attachment_456772\" style=\"width: 570px\" class=\"wp-caption aligncenter\"><a href=\"https:\/\/diarioelpopular.com\/wp-content\/uploads\/2014\/05\/foto-1-nota-14.jpg\"><img loading=\"lazy\" decoding=\"async\" aria-describedby=\"caption-attachment-456772\" class=\"size-large wp-image-456772\" src=\"https:\/\/diarioelpopular.com\/wp-content\/uploads\/2014\/05\/foto-1-nota-14-560x373.jpg\" alt=\"La l\u00edder liberal, Kathleen Wynne, pronunci\u00f3 un discurso en un evento en Ottawa. Foto Cortes\u00eda The Canadian Press. \" width=\"560\" height=\"373\" \/><\/a><p id=\"caption-attachment-456772\" class=\"wp-caption-text\">La l\u00edder liberal, Kathleen Wynne, pronunci\u00f3 un discurso en un evento en Ottawa. Foto Cortes\u00eda The Canadian Press.<\/p><\/div>\n<p><strong><em>TORONTO.-<\/em> <\/strong>En la campa\u00f1a para las elecciones de Ontario, la Premier Kathleen Wynne dijo que el gobierno de Stephen Harper hace omiso de los problemas de la provincia m\u00e1s poblada de Canad\u00e1.<\/p>\n<p>Wynne vaticin\u00f3 que su rival del partido progresivo, Tim Hudak, no se enfrentar\u00e1 a los conversadores del Primer Ministro Harper para buscar soluciones para Ontario.<\/p>\n<p>La Premier enumer\u00f3 una serie de quejas, acusando a Harper de recortes en los fondos de transferencia federal para Ontario, adem\u00e1s de ignorar una crisis de ingresos de jubilaci\u00f3n.<\/p>\n<p>El l\u00edder liberal hizo los comentarios a poca distancia de Parliament Hill, donde los conservadores federales no han expresado su posici\u00f3n en relaci\u00f3n al desarrollo del Fire Ring, \u00e1rea de riqueza mineral en el norte de Ontario.<\/p>\n<p>Wynne dijo que su primer deber como l\u00edder de la provincia es abogar por los intereses de sus residentes, incluso si eso significa ir en contra de Harper.<\/p>\n<p>Pero los conservadores provinciales calificaron los ataques de Wynne como un intento de desesperaci\u00f3n por desviar la atenci\u00f3n p\u00fablica del esc\u00e1ndalo de gastos de su propio gobierno y la ineficiencia en la gesti\u00f3n fiscal, que incluye un d\u00e9ficit de $ 12,5 mil millones.<\/p>\n<p>En Vaughan, Tim Hudak, l\u00edder de los conservadores, propuso 200 mil puestos de trabajo especializados, eliminando las restricciones en la creaci\u00f3n de empleo en oficios calificados.<\/p>\n<p>Hudak dijo que el programa de trabajo estar\u00e1 dirigido a la formaci\u00f3n de j\u00f3venes como aprendices para que puedan conseguir trabajo como t\u00e9cnicos, soldadores o electricistas.<\/p>\n<p>El l\u00edder del PC estuvo en campa\u00f1a en una planta de construcci\u00f3n residencial en Vaughan, cerca de Weston Road y Stanton Avenue.<\/p>\n<p>Explic\u00f3 que la pol\u00edtica del gobierno liberal limita el n\u00famero de aprendices capacitados y ha dado lugar a un menor n\u00famero de personas en oficios de Ontario que en el resto de las provincias.<\/p>\n<p>Hudak dijo que su partido habilitar\u00e1 un centro educativo de la comunidad para ofrecer capacitaci\u00f3n oficios mediante cursos.<\/p>\n<p>Tambi\u00e9n anunci\u00f3 que la Escuela de Oficios, un organismo de autorregulaci\u00f3n para los comercios especializados creado por los liberales, ser\u00e1 reestructurado.<\/p>\n<p>Seg\u00fan Hudak, \u201cla universidad es burocracia que genera burocracia y nuevos impuestos, lo que impide que muchos j\u00f3venes se unan a oficios especializados\u201d.<\/p>\n<p>Hudak reiter\u00f3 que las elecciones provinciales del pr\u00f3ximo 12 de junio tiene un solo significado: \u201cempleo\u201d.<\/p>\n<p>En su anuncio, el l\u00edder conservador anunci\u00f3 un plan para crear un mill\u00f3n de puestos de trabajo en la provincia, en un lapso de ocho a\u00f1os.<\/p>\n<div id=\"attachment_456773\" style=\"width: 570px\" class=\"wp-caption aligncenter\"><a href=\"https:\/\/diarioelpopular.com\/wp-content\/uploads\/2014\/05\/foto-2-nota-13.jpg\"><img loading=\"lazy\" decoding=\"async\" aria-describedby=\"caption-attachment-456773\" class=\"size-large wp-image-456773\" src=\"https:\/\/diarioelpopular.com\/wp-content\/uploads\/2014\/05\/foto-2-nota-13-560x420.jpg\" alt=\"El l\u00edder del PC estuvo en campa\u00f1a en una planta de construcci\u00f3n residencial en Vaughan, cerca de Weston Road y Stanton Avenue.\" width=\"560\" height=\"420\" \/><\/a><p id=\"caption-attachment-456773\" class=\"wp-caption-text\">El l\u00edder del PC estuvo en campa\u00f1a en una planta de construcci\u00f3n residencial en Vaughan, cerca de Weston Road y Stanton Avenue.<\/p><\/div>\n","protected":false},"excerpt":{"rendered":"<p>Wynne conden\u00f3 a los conservadores por no responder a las necesidades de la poblaci\u00f3n, mientras que Hudak prometi\u00f3 la creaci\u00f3n de 200.000 empleos capacitados.<\/p>\n","protected":false},"author":5842,"featured_media":0,"comment_status":"open","ping_status":"open","sticky":false,"template":"","format":"standard","meta":{"footnotes":""},"categories":[21],"tags":[],"class_list":["post-456771","post","type-post","status-publish","format-standard","hentry","category-canada"],"_links":{"self":[{"href":"https:\/\/diarioelpopular.com\/index.php\/wp-json\/wp\/v2\/posts\/456771","targetHints":{"allow":["GET"]}}],"collection":[{"href":"https:\/\/diarioelpopular.com\/index.php\/wp-json\/wp\/v2\/posts"}],"about":[{"href":"https:\/\/diarioelpopular.com\/index.php\/wp-json\/wp\/v2\/types\/post"}],"author":[{"embeddable":true,"href":"https:\/\/diarioelpopular.com\/index.php\/wp-json\/wp\/v2\/users\/5842"}],"replies":[{"embeddable":true,"href":"https:\/\/diarioelpopular.com\/index.php\/wp-json\/wp\/v2\/comments?post=456771"}],"version-history":[{"count":1,"href":"https:\/\/diarioelpopular.com\/index.php\/wp-json\/wp\/v2\/posts\/456771\/revisions"}],"predecessor-version":[{"id":456774,"href":"https:\/\/diarioelpopular.com\/index.php\/wp-json\/wp\/v2\/posts\/456771\/revisions\/456774"}],"wp:attachment":[{"href":"https:\/\/diarioelpopular.com\/index.php\/wp-json\/wp\/v2\/media?parent=456771"}],"wp:term":[{"taxonomy":"category","embeddable":true,"href":"https:\/\/diarioelpopular.com\/index.php\/wp-json\/wp\/v2\/categories?post=456771"},{"taxonomy":"post_tag","embeddable":true,"href":"https:\/\/diarioelpopular.com\/index.php\/wp-json\/wp\/v2\/tags?post=456771"}],"curies":[{"name":"wp","href":"https:\/\/api.w.org\/{rel}","templated":true}]}}