{"id":456794,"date":"2014-05-09T00:08:02","date_gmt":"2014-05-09T04:08:02","guid":{"rendered":"http:\/\/diarioelpopular.com\/?p=456794"},"modified":"2014-05-08T19:31:14","modified_gmt":"2014-05-08T23:31:14","slug":"diego-luna","status":"publish","type":"post","link":"https:\/\/diarioelpopular.com\/index.php\/2014\/05\/09\/diego-luna\/","title":{"rendered":"Diego Luna"},"content":{"rendered":"<p><a href=\"https:\/\/diarioelpopular.com\/wp-content\/uploads\/2014\/05\/WEB.Diego-Luna-1.jpg\"><img loading=\"lazy\" decoding=\"async\" class=\"aligncenter size-full wp-image-456795\" src=\"https:\/\/diarioelpopular.com\/wp-content\/uploads\/2014\/05\/WEB.Diego-Luna-1.jpg\" alt=\"WEB.Diego-Luna-1\" width=\"415\" height=\"276\" \/><\/a>La nueva pel\u00edcula de Diego Luna cuenta la historia de un activista por los derechos de los campesinos en Estados Unidos. Cesar Ch\u00e1vezbrillaba por su humanidad, a \u00e9l le disgustaban las injusticias y los actores que dan vida a estos personajesson Michael Pe\u00f1a, quien lo interpreta, mientras que Am\u00e9rica Ferrera da vida a su esposa, Helen Ch\u00e1vez, y Rosario Dawson se mete en la piel de Dolores Huerta.<a href=\"https:\/\/diarioelpopular.com\/wp-content\/uploads\/2014\/05\/WEB.Cesar-Chavez-y-Helen-Chavez-2.jpg\"><img loading=\"lazy\" decoding=\"async\" class=\"aligncenter size-large wp-image-456796\" src=\"https:\/\/diarioelpopular.com\/wp-content\/uploads\/2014\/05\/WEB.Cesar-Chavez-y-Helen-Chavez-2-560x228.jpg\" alt=\"WEB.Cesar-Chavez-y-Helen-Chavez-2\" width=\"560\" height=\"228\" \/><\/a><\/p>\n<p>Con tama\u00f1a responsabilidad para su director, Diego Luna, el haber podido llegar a ver su film en todas las salas de cine es todo un orgullo.<\/p>\n<p>\u201cY muy emocionante\u201d, afirma con una sonrisa. \u201cSon muchos a\u00f1os de trabajo, de subidas y bajadas de todo tipo, por eso quiz\u00e1s es el proyecto que m\u00e1s trabajo me ha costado hacer en mi vida. Tengo un cari\u00f1o muy especial por esta pel\u00edcula porque a trav\u00e9s de ella he podido platicar no solo de una comunidad, un grupo de personas que admiro mucho y que mand\u00f3 un mensaje muy hermoso a este pa\u00eds, sino tambi\u00e9n por haber encontrado en Estados Unidos, a trav\u00e9s del marco de esta pel\u00edcula, a mucha familia, muchos hermanos, mucha gente que me dio gusto conocer\u201d.<\/p>\n<p>El actor y cineasta mexicano tuvo la oportunidad de contar con testimonios de primera mano, y asi lo admiti\u00f3.<\/p>\n<p>\u201cDigamos que la opini\u00f3n de la gente que conoci\u00f3 a Cesar, que fueron parte de \u00e9l o del movimiento fue indispensable para poder hacer una pel\u00edcula de esta envergadura. Para m\u00ed no era solamente hacer una pel\u00edcula sobre Cesar Ch\u00e1vez, la idea era contar quienes estaban a su alrededor, todas esas familias que sacrificaron tanto y esos personajes que no necesariamente la gente conoce, que no tienen el nombre de una calle o una escuela, pero que tambi\u00e9n son h\u00e9roes. Helen Ch\u00e1vez por ejemplo es una activista incansable a la que simplemente no le gustaba estar en la fotograf\u00eda y ser el centro de atenci\u00f3n\u201d.<a href=\"https:\/\/diarioelpopular.com\/wp-content\/uploads\/2014\/05\/WEB.Cesar-Chavez-3.jpg\"><img loading=\"lazy\" decoding=\"async\" class=\"aligncenter size-large wp-image-456797\" src=\"https:\/\/diarioelpopular.com\/wp-content\/uploads\/2014\/05\/WEB.Cesar-Chavez-3-560x231.jpg\" alt=\"WEB.Cesar-Chavez-3\" width=\"560\" height=\"231\" \/><\/a><\/p>\n<p>Luna resumi\u00f3 que en todo lo que le toc\u00f3 investigar, lo que m\u00e1s le impact\u00f3 fue \u201centender el sufrimiento y el sacrificio que significo esa larga huelga que nosotros soportamos y lo abrazados que estaban para su tiempo\u201d,pero adem\u00e1s, \u201clo que lograron en termino de organizaci\u00f3n y como se conectaron con el consumidor para hacer que su historia saliera a la luz p\u00fablica\u201d.<\/p>\n<p>Agreg\u00f3 que las grabaciones de todas las escenas en los campos fueron muy dif\u00edciles, \u201ctienes que pensar que est\u00e1bamos a 117 grados Fahrenheit, que son como 48 grados cent\u00edgrados, trabajando al rayo del sol, sin sombra, en medio de la nada, como les toca a los campesinos. B\u00e1sicamente las condiciones de rodaje fueron complicadas\u201d<\/p>\n<p>Respecto al estar ah\u00ed, filmando esta historia, Luna se\u00f1al\u00f3: \u201cera muy bonito mientras ve\u00edamos a los trabajadores del campo, los que todav\u00eda tienen que vivir en situaciones muy complicadas, desiguales e injustas. Cuando los observ\u00e1bamos record\u00e1bamos la importancia de esta pel\u00edcula.\u201d<\/p>\n<p>Si el presidente Obamaen su momento calific\u00f3 de \u2018h\u00e9roe\u2019 a C\u00e9sar Ch\u00e1vez, que sientes siendo t\u00fa Diego el ser el que le diste vida a trav\u00e9s de este film, lograndocon ello llevar un mensaje a los latinos.<a href=\"https:\/\/diarioelpopular.com\/wp-content\/uploads\/2014\/05\/WEB.Diego-Luna-4.jpg\"><img loading=\"lazy\" decoding=\"async\" class=\"aligncenter size-full wp-image-456798\" src=\"https:\/\/diarioelpopular.com\/wp-content\/uploads\/2014\/05\/WEB.Diego-Luna-4.jpg\" alt=\"WEB.Diego-Luna-4\" width=\"512\" height=\"335\" \/><\/a><\/p>\n<p>\u201cSent\u00ed mucho orgullo, como todos los que somos parte de esta pel\u00edcula. Al entender que les puede servir a muchos para lo que sea su lucha, este film va a ser un veh\u00edculo para algo m\u00e1s grande y eso me da gusto. Es muy especial y me encanta eso que acabas de decir; unidos somos m\u00e1s fuertes. Cuando digo comunidad me refiero a la latina, ojala que todo esto nos pueda inspirar para muchos cambios venideros\u201d.<\/p>\n<p>&#8220;C\u00e9sar Ch\u00e1vez&#8221; es una historia de entrega total, de muchas emociones y con una gran ense\u00f1anza, entender lo cerca que deber\u00edamos estar una comunidad de la otra.<\/p>\n","protected":false},"excerpt":{"rendered":"<p>&#8220;C\u00e9sar Ch\u00e1vez&#8221; es una historia de entrega total y una gran ense\u00f1anza<\/p>\n","protected":false},"author":5842,"featured_media":0,"comment_status":"open","ping_status":"open","sticky":false,"template":"","format":"standard","meta":{"footnotes":""},"categories":[80,81,2482],"tags":[],"class_list":["post-456794","post","type-post","status-publish","format-standard","hentry","category-cine-2","category-columnistas","category-espectaculo"],"_links":{"self":[{"href":"https:\/\/diarioelpopular.com\/index.php\/wp-json\/wp\/v2\/posts\/456794","targetHints":{"allow":["GET"]}}],"collection":[{"href":"https:\/\/diarioelpopular.com\/index.php\/wp-json\/wp\/v2\/posts"}],"about":[{"href":"https:\/\/diarioelpopular.com\/index.php\/wp-json\/wp\/v2\/types\/post"}],"author":[{"embeddable":true,"href":"https:\/\/diarioelpopular.com\/index.php\/wp-json\/wp\/v2\/users\/5842"}],"replies":[{"embeddable":true,"href":"https:\/\/diarioelpopular.com\/index.php\/wp-json\/wp\/v2\/comments?post=456794"}],"version-history":[{"count":1,"href":"https:\/\/diarioelpopular.com\/index.php\/wp-json\/wp\/v2\/posts\/456794\/revisions"}],"predecessor-version":[{"id":456799,"href":"https:\/\/diarioelpopular.com\/index.php\/wp-json\/wp\/v2\/posts\/456794\/revisions\/456799"}],"wp:attachment":[{"href":"https:\/\/diarioelpopular.com\/index.php\/wp-json\/wp\/v2\/media?parent=456794"}],"wp:term":[{"taxonomy":"category","embeddable":true,"href":"https:\/\/diarioelpopular.com\/index.php\/wp-json\/wp\/v2\/categories?post=456794"},{"taxonomy":"post_tag","embeddable":true,"href":"https:\/\/diarioelpopular.com\/index.php\/wp-json\/wp\/v2\/tags?post=456794"}],"curies":[{"name":"wp","href":"https:\/\/api.w.org\/{rel}","templated":true}]}}