{"id":456958,"date":"2014-05-23T00:10:01","date_gmt":"2014-05-23T04:10:01","guid":{"rendered":"http:\/\/diarioelpopular.com\/?p=456958"},"modified":"2014-05-22T19:40:54","modified_gmt":"2014-05-22T23:40:54","slug":"dijo-la-detenida-que-conducia-la-camioneta-ford-esta-en-rehabilitacion-en-primera-clase","status":"publish","type":"post","link":"https:\/\/diarioelpopular.com\/index.php\/2014\/05\/23\/dijo-la-detenida-que-conducia-la-camioneta-ford-esta-en-rehabilitacion-en-primera-clase\/","title":{"rendered":"Dijo la detenida que conduc\u00eda la camioneta: Ford est\u00e1 en rehabilitaci\u00f3n \u201cen primera clase\u201d"},"content":{"rendered":"<div id=\"attachment_456959\" style=\"width: 570px\" class=\"wp-caption aligncenter\"><a href=\"https:\/\/diarioelpopular.com\/wp-content\/uploads\/2014\/05\/foto-1-nota-1-.jpg\"><img loading=\"lazy\" decoding=\"async\" aria-describedby=\"caption-attachment-456959\" class=\"size-large wp-image-456959\" src=\"https:\/\/diarioelpopular.com\/wp-content\/uploads\/2014\/05\/foto-1-nota-1--560x373.jpg\" alt=\"El abogado de Ford dijo que no pod\u00eda confirmar si el SUV decomisado pertenece al alcalde.\" width=\"560\" height=\"373\" \/><\/a><p id=\"caption-attachment-456959\" class=\"wp-caption-text\">El abogado de Ford dijo que no pod\u00eda confirmar si el SUV decomisado pertenece al alcalde.<\/p><\/div>\n<p><strong><em>BRACEBRIDGE, Ontario.-<\/em><\/strong> Una fuente policial revel\u00f3 a la cadena CityNews que el veh\u00edculo negro Cadillac Escalade del Alcalde de Toronto, Rob Ford, fue incautada en Bracebridge.<\/p>\n<p>Sin embargo, Ford no estaba en el coche cuando este fue decomisado alrededor de las 2:30 pm del martes.<\/p>\n<p>La Polic\u00eda Provincial de Ontario dict\u00f3 cargos contra Lee Anne McRobb residente de Muskoka Lakes Township por conducir bajo los efectos de la bebida y por presentar una tasa de alcohol de 80 miligramos en la sangre, de acuerdo con los resultados de la prueba.<\/p>\n<p>McRobb, 36 a\u00f1os, presuntamente conduc\u00eda el SUV de Ford y fue detenida por la polic\u00eda en el Distrito Muskoka Carretera 169 espec\u00edficamente en Butterfly Road, a pocos minutos de distancia del Centro de Residencial para el Tratamiento de Adicciones GreeneStone en Bala.<\/p>\n<p>La conductora no pudo ser contactada para declaraciones. Pero McRobb fue vista dirigi\u00e9ndose a Northland TowingAuto and Recovery para tratar de recuperar algunas de sus pertenencias personales que estaban en la camioneta de Ford.<\/p>\n<p>Pero, el incidente fue capturado en video por Carly Verhoeven de radio FM Moose.<\/p>\n<p>\u201cMcRobb admiti\u00f3 estar en el mismo centro de Ford, pero que ya no est\u00e1 en rehabilitaci\u00f3n con \u00e9l&#8221;.<\/p>\n<p>Ante la pregunta de por qu\u00e9 estaba conduciendo el carro de Ford, dijo: \u201cEso es algo que yo s\u00e9&#8221;.<\/p>\n<p>En un segundo video publicado en YouTube, McRobb dijo que Ford est\u00e1 en rehabilitaci\u00f3n &#8220;en primera clase\u201d.<\/p>\n<p>Ford ha estado en rehabilitaci\u00f3n desde que tom\u00f3 un permiso de ausencia temporal de su despacho en la Alcald\u00eda de Toronto el pasado 30 de abril. Desde entonces, su familia no ha dado a conocer su paradero a pesar de que fue visto en Cottage Country el viernes.<\/p>\n<p>El abogado de Ford, Dennis Morris, dijo en una entrevista telef\u00f3nica que no pod\u00eda confirmar si el SUV decomisado pertenece al alcalde, manteniendo hermetismo en cuanto a su ubicaci\u00f3n.<\/p>\n<p>El hermano del alcalde, el Concejal Doug Ford, dijo que era la primera vez que hab\u00eda o\u00eddo hablar del incidente cuando la cadena noticiosa lo contact\u00f3 para hacer comentarios.<\/p>\n<p>La comparecencia de McRobb ante la corte est\u00e1 prevista para el 17 de junio.<\/p>\n<div id=\"attachment_456961\" style=\"width: 570px\" class=\"wp-caption aligncenter\"><a href=\"https:\/\/diarioelpopular.com\/wp-content\/uploads\/2014\/05\/foto-2-nota-111.jpg\"><img loading=\"lazy\" decoding=\"async\" aria-describedby=\"caption-attachment-456961\" class=\"size-large wp-image-456961\" src=\"https:\/\/diarioelpopular.com\/wp-content\/uploads\/2014\/05\/foto-2-nota-111-560x560.jpg\" alt=\"LeeAnne McRobb, quien coloc\u00f3 un \u201cMe gusta\u201d en la p\u00e1gina de Rob Ford en Facebook, public\u00f3 esta imagen en su p\u00e1gina de perfil. Una mujer con el mismo nombre fue acusada de conducir ebria tras haber sido detenida en el Cadillac Escalade. Foto Cortes\u00eda 680 News.\" width=\"560\" height=\"560\" \/><\/a><p id=\"caption-attachment-456961\" class=\"wp-caption-text\">LeeAnne McRobb, quien coloc\u00f3 un \u201cMe gusta\u201d en la p\u00e1gina de Rob Ford en Facebook, public\u00f3 esta imagen en su p\u00e1gina de perfil. Una mujer con el mismo nombre fue acusada de conducir ebria tras haber sido detenida en el Cadillac Escalade. Foto Cortes\u00eda 680 News.<\/p><\/div>\n","protected":false},"excerpt":{"rendered":"<p>Una fuente policial confirm\u00f3 que el Cadillac Escalade del Alcalde Rob Ford fue decomisado en la ciudad de Bracebridge, Ontario.<\/p>\n","protected":false},"author":5842,"featured_media":0,"comment_status":"open","ping_status":"open","sticky":false,"template":"","format":"standard","meta":{"footnotes":""},"categories":[21],"tags":[],"class_list":["post-456958","post","type-post","status-publish","format-standard","hentry","category-canada"],"_links":{"self":[{"href":"https:\/\/diarioelpopular.com\/index.php\/wp-json\/wp\/v2\/posts\/456958","targetHints":{"allow":["GET"]}}],"collection":[{"href":"https:\/\/diarioelpopular.com\/index.php\/wp-json\/wp\/v2\/posts"}],"about":[{"href":"https:\/\/diarioelpopular.com\/index.php\/wp-json\/wp\/v2\/types\/post"}],"author":[{"embeddable":true,"href":"https:\/\/diarioelpopular.com\/index.php\/wp-json\/wp\/v2\/users\/5842"}],"replies":[{"embeddable":true,"href":"https:\/\/diarioelpopular.com\/index.php\/wp-json\/wp\/v2\/comments?post=456958"}],"version-history":[{"count":2,"href":"https:\/\/diarioelpopular.com\/index.php\/wp-json\/wp\/v2\/posts\/456958\/revisions"}],"predecessor-version":[{"id":456962,"href":"https:\/\/diarioelpopular.com\/index.php\/wp-json\/wp\/v2\/posts\/456958\/revisions\/456962"}],"wp:attachment":[{"href":"https:\/\/diarioelpopular.com\/index.php\/wp-json\/wp\/v2\/media?parent=456958"}],"wp:term":[{"taxonomy":"category","embeddable":true,"href":"https:\/\/diarioelpopular.com\/index.php\/wp-json\/wp\/v2\/categories?post=456958"},{"taxonomy":"post_tag","embeddable":true,"href":"https:\/\/diarioelpopular.com\/index.php\/wp-json\/wp\/v2\/tags?post=456958"}],"curies":[{"name":"wp","href":"https:\/\/api.w.org\/{rel}","templated":true}]}}