{"id":457164,"date":"2014-06-11T00:08:59","date_gmt":"2014-06-11T04:08:59","guid":{"rendered":"http:\/\/diarioelpopular.com\/?p=457164"},"modified":"2014-06-10T21:49:35","modified_gmt":"2014-06-11T01:49:35","slug":"inmigrantes-capacitados-bajo-entrada-express-cubriran-necesidades-del-mercado-laboral","status":"publish","type":"post","link":"https:\/\/diarioelpopular.com\/index.php\/2014\/06\/11\/inmigrantes-capacitados-bajo-entrada-express-cubriran-necesidades-del-mercado-laboral\/","title":{"rendered":"Inmigrantes capacitados bajo \u201centrada express\u201d cubrir\u00e1n necesidades del mercado laboral"},"content":{"rendered":"<div id=\"attachment_457165\" style=\"width: 570px\" class=\"wp-caption aligncenter\"><a href=\"https:\/\/diarioelpopular.com\/wp-content\/uploads\/2014\/06\/foto-1-nota-15.jpg\"><img loading=\"lazy\" decoding=\"async\" aria-describedby=\"caption-attachment-457165\" class=\"size-large wp-image-457165\" src=\"https:\/\/diarioelpopular.com\/wp-content\/uploads\/2014\/06\/foto-1-nota-15-560x315.jpg\" alt=\"El Ministro de Inmigraci\u00f3n, Chris Alexander, implementar\u00e1 un nuevo sistema de inmigraci\u00f3n &quot;entrada express\u201d en 2015, dirigido a inmigrantes profesionales que quieren venir a Canad\u00e1 como residentes permanentes.\" width=\"560\" height=\"315\" \/><\/a><p id=\"caption-attachment-457165\" class=\"wp-caption-text\">El Ministro de Inmigraci\u00f3n, Chris Alexander, implementar\u00e1 un nuevo sistema de inmigraci\u00f3n &#8220;entrada express\u201d en 2015, dirigido a inmigrantes profesionales que quieren venir a Canad\u00e1 como residentes permanentes.<\/p><\/div>\n<p><strong><em>OTTAWA.-<\/em> <\/strong>El gobierno federal est\u00e1 abordando una de las principales cr\u00edticas al Programa de Trabajadores Extranjeros Temporales, a trav\u00e9s de un nuevo sistema de inmigraci\u00f3n denominado &#8220;entrada express\u201d para el a\u00f1o entrante.<\/p>\n<p>Canad\u00e1 ofrecer\u00e1 para inmigrantes cualificados que quieren venir a Canad\u00e1 como residentes permanentes, como una manera de cubrir vacantes en puestos de trabajo, en los que no hay trabajadores canadienses disponibles.<\/p>\n<p>El gobierno ha estado revisando el Programa de Trabajadores Extranjeros Temporales, debido a denuncias de presuntos abusos. Los resultados de dicha revisi\u00f3n y las reformas posteriores se dar\u00e1n a conocer a la brevedad.<\/p>\n<p>Una de las propuestas del l\u00edder liberal, Justin Trudeau, consist\u00eda en reorientar el programa para trabajadores temporales extranjeros con el compromiso del gobierno de &#8220;renovar su disposici\u00f3n de traer inmigrantes permanentes con miras a obtener la ciudadan\u00eda&#8221;.<\/p>\n<p>De acuerdo con el gobierno federal, \u201centrada express\u201d har\u00e1 lo que el programa de trabajadores extranjeros temporales no puede: asegurar\u00e1 de que los inmigrantes cualificados son capaces de establecerse en Canad\u00e1 de forma permanente para contribuir a satisfacer las necesidades de mano de obra del pa\u00eds.<\/p>\n<p>&#8220;Los empleadores canadienses podr\u00e1n considerar candidatos del nuevo sistema cuando agoten las opciones de encontrar canadienses o residentes permanentes para cubrir puestos de trabajo&#8221;, dijo Alexis Pavlich, un portavoz del Ministro de Inmigraci\u00f3n, Chris Alexander.<\/p>\n<p>Bajo \u201centrada express\u201d, los futuros inmigrantes ofrecer\u00e1n sus habilidades respondiendo con las necesidades laborales identificadas en las provincias y los territorios, as\u00ed como por los empleadores.<\/p>\n<p>Las demandas de trabajo de los inmigrantes calificados estar\u00edan sujetas a los dict\u00e1menes del Mercado de Trabajo (OVM), necesarios para demostrar la necesidad de contratar a un trabajador extranjero en lugar de un canadiense.<\/p>\n<p>S\u00f3lo los candidatos de m\u00e1s alto rango recibir\u00e1n una invitaci\u00f3n para solicitar la residencia permanente. Una vez recibida la invitaci\u00f3n, el gobierno se compromete al procesamiento de la solicitud en el plazo de seis meses o menos.<\/p>\n<p>Recientemente, el gobierno increment\u00f3 el n\u00famero de solicitudes que aceptar\u00e1n de inmigrantes calificados que deseen venir a Canad\u00e1 como residentes permanentes, duplicando el n\u00famero de ocupaciones.<\/p>\n<p>El gobierno de Canad\u00e1 recluta activamente a los inmigrantes calificados en 50 profesiones diferentes: desde m\u00e9dicos de familia, especialistas y enfermeras, ingenieros civiles, mec\u00e1nicos y el\u00e9ctricos, hasta gerentes financieros, auditores y contadores.<\/p>\n<p>La nueva lista fue publicada por el Departamento de Inmigraci\u00f3n en &#8220;Instrucciones Ministeriales&#8221;, que los gobiernos utilizan para cambiar las leyes sin necesidad de debate.<\/p>\n<p>El gobierno comenz\u00f3 a aceptar 25.000 solicitudes al amparo del Programa de Trabajador Calificado Federal el 1 de mayo de 2014, a partir del a\u00f1o anterior se aceptan 5.000. Se trata de un &#8220;\u00faltimo llamado&#8221; para aplicaciones que el gobierno aceptar\u00e1 bajo el actual sistema de inmigraci\u00f3n, antes de que el nuevo sistema entre en acci\u00f3n despu\u00e9s del a\u00f1o nuevo.<\/p>\n<p>El n\u00famero de ocupaciones elegibles para inmigrantes calificados asciende a m\u00e1s del doble, de 24 a 50. Un total de 10 ocupaciones fue retirado de la lista del a\u00f1o pasado, y se a\u00f1adieron 36 nuevas profesiones.<\/p>\n","protected":false},"excerpt":{"rendered":"<p>El gobierno canadiense est\u00e1 activamente reclutando a inmigrantes calificados antes del lanzamiento del nuevo sistema &#8220;entrada express\u201d, en vigencia a partir del 2015. <\/p>\n","protected":false},"author":5842,"featured_media":0,"comment_status":"open","ping_status":"open","sticky":false,"template":"","format":"standard","meta":{"footnotes":""},"categories":[21],"tags":[],"class_list":["post-457164","post","type-post","status-publish","format-standard","hentry","category-canada"],"_links":{"self":[{"href":"https:\/\/diarioelpopular.com\/index.php\/wp-json\/wp\/v2\/posts\/457164","targetHints":{"allow":["GET"]}}],"collection":[{"href":"https:\/\/diarioelpopular.com\/index.php\/wp-json\/wp\/v2\/posts"}],"about":[{"href":"https:\/\/diarioelpopular.com\/index.php\/wp-json\/wp\/v2\/types\/post"}],"author":[{"embeddable":true,"href":"https:\/\/diarioelpopular.com\/index.php\/wp-json\/wp\/v2\/users\/5842"}],"replies":[{"embeddable":true,"href":"https:\/\/diarioelpopular.com\/index.php\/wp-json\/wp\/v2\/comments?post=457164"}],"version-history":[{"count":1,"href":"https:\/\/diarioelpopular.com\/index.php\/wp-json\/wp\/v2\/posts\/457164\/revisions"}],"predecessor-version":[{"id":457166,"href":"https:\/\/diarioelpopular.com\/index.php\/wp-json\/wp\/v2\/posts\/457164\/revisions\/457166"}],"wp:attachment":[{"href":"https:\/\/diarioelpopular.com\/index.php\/wp-json\/wp\/v2\/media?parent=457164"}],"wp:term":[{"taxonomy":"category","embeddable":true,"href":"https:\/\/diarioelpopular.com\/index.php\/wp-json\/wp\/v2\/categories?post=457164"},{"taxonomy":"post_tag","embeddable":true,"href":"https:\/\/diarioelpopular.com\/index.php\/wp-json\/wp\/v2\/tags?post=457164"}],"curies":[{"name":"wp","href":"https:\/\/api.w.org\/{rel}","templated":true}]}}