{"id":457183,"date":"2014-06-13T00:04:20","date_gmt":"2014-06-13T04:04:20","guid":{"rendered":"http:\/\/diarioelpopular.com\/?p=457183"},"modified":"2014-06-12T19:38:26","modified_gmt":"2014-06-12T23:38:26","slug":"de-adicto-a-adicto-57","status":"publish","type":"post","link":"https:\/\/diarioelpopular.com\/index.php\/2014\/06\/13\/de-adicto-a-adicto-57\/","title":{"rendered":"De Adicto a Adicto"},"content":{"rendered":"<p><strong><a href=\"https:\/\/diarioelpopular.com\/wp-content\/uploads\/2014\/06\/WEB.Maldita-enfermedad-perversa.jpg\"><img loading=\"lazy\" decoding=\"async\" class=\"aligncenter size-full wp-image-457184\" src=\"https:\/\/diarioelpopular.com\/wp-content\/uploads\/2014\/06\/WEB.Maldita-enfermedad-perversa.jpg\" alt=\"WEB.Maldita-enfermedad-perversa\" width=\"454\" height=\"593\" \/><\/a>Por Ernesto Salayandia Garc\u00eda<\/strong><\/p>\n<p><strong>\u00a0<\/strong>Cuando escuchaba esta frase, no la entend\u00eda, menos la comprend\u00eda, no asimilaba la magnitud de mi enfermedad, lo complejo que es, desconoc\u00eda todos los ingredientes con que se configura \u00e9ste mal del alma, viv\u00eda, como muchos, en la ignorancia y la apat\u00eda, por dem\u00e1s indiferencia en torno a todo lo que se relacionaba con ella, como por ejemplo, los grupos de auto ayuda, incluso los mismos enfermos adictos y alcoh\u00f3licos a quienes ofrec\u00eda rechazo, repudio, les ve\u00eda todos sus defectos, pero no ve\u00eda los m\u00edos y aplicaba, como dice el dicho y dice bien. Veo la espiga en el ojo ajeno, pero no veo la viga en el propios.- Hoy s\u00e9 que es una enfermedad cruel, despiadada, agresiva, destructiva, perversa, sutil y que es comandada por mi soberbia, con la alianza de la ansiedad, seguida por patrones de conducta y un cumulo de defectos de car\u00e1cter, esta enfermedad, es mental, ah\u00ed habita la loca de la azotea, el pensamiento psic\u00f3tico, patol\u00f3gico, enfermo, es f\u00edsica porque ah\u00ed se refugia la ansiedad y la compulsi\u00f3n, se establece una fuerte necesidad y dependencia a las sustancias, es emocional, debido a que las emociones est\u00e1n a flor de piel, es espiritual, porque el adicto est\u00e1 muy distante de vivir una vida digna, tiene, que ver con la personalidad, la auto estima baja, la inseguridad, la frustraci\u00f3n, culpa y un sinf\u00edn de caracter\u00edsticas que sin duda alguna, la acreditan como una maldita enfermedad perversa del alma.<\/p>\n<p><strong>\u00a0<\/strong><\/p>\n<p><strong>Las 5 Heridas del Alma<\/strong><\/p>\n<p>Nuestra alma elige los padres y las circunstancias de nacimiento por razones muy precisas. Venimos a experimentar una serie de vivencias para sanar una serie de heridas, y as\u00ed integrar la personalidad con el alma. Venimos a aprender a aceptar y amar incondicionalmente. Somos atra\u00eddos hacia padres con heridas como las nuestras para recordarnos qu\u00e9 hemos venido a amar. Aprender a aceptar nuestras heridas es aprender a ser responsables y a amarnos incondicionalmente, y esa es la llave para la transformaci\u00f3n y la sanaci\u00f3n del alma. \u00bfTe has dado cuenta que cuando acusas a alguien de algo, esa persona te acusa a ti de lo mismo? Chequ\u00e9alo con la otra persona, y aparte de sorprenderte, ver\u00e1s c\u00f3mo te liberas de juicios. No aceptar nuestra herida, sentirnos culpables, con verg\u00fcenza o juzgarnos, es atraer circunstancias y personas que nos har\u00e1n sentir esa herida no aceptada. Aceptar la herida no significa que sea nuestra preferencia tenerla; significa que, como seres espirituales que elegimos vivir la experiencia humana nos permitimos experimentar esa herida sin juzgarnos y aprender de la experiencia. Mientras haya miedo, hay herida y hay un juicio o creencia que bloquea su sanaci\u00f3n. Cuando aprendemos a aceptar nuestras heridas estamos desarrollando el amor y estamos espiritualizando la materia, la sanaci\u00f3n se produce totalmente cuando nos aceptamos a nosotros. El perd\u00f3n hacia uno mismo es lo que finalmente nos sana, y para eso hay que aceptar que uno mismo es responsable de todo lo que le ocurre, y aceptar que ha acusado a otros de hacer lo que uno mismo hace a los dem\u00e1s. En el fondo, todos somos humanos, y aceptar nuestras limitaciones es lo que nos hace humildes y nos permite descubrir nuestra herencia divina. Las cinco heridas del alma m\u00e1s comunes son: El rechazo, El abandono, La humillaci\u00f3n, La traici\u00f3n y La injusticia. No necesariamente tenemos las cinco heridas. Con humildad y sinceridad cada cual puede reconocer sus heridas. Reconocer nuestra limitaci\u00f3n humana es el primer paso en el proceso de sanaci\u00f3n. Si nos cuesta identificar nuestras heridas es porque nos ocultamos tras una m\u00e1scara, que se construy\u00f3 para no ver ni sentir esa herida. Las m\u00e1scaras de cada herida son las siguientes:<\/p>\n<p>-Rechazo&#8211;Retraimiento<br \/>\n-Abandono&#8211;Dependencia<br \/>\n-Humillaci\u00f3n&#8211;Masoquismo emocional y mental<\/p>\n<p>-Traici\u00f3n&#8211;Control<br \/>\n-Injusticia&#8211;Rigidez.<br \/>\n<strong>Rechazo y Retraimiento<\/strong><\/p>\n<p>Rechazar alguien es repelerlo, echarlo. La persona que nos rechaza nos dice \u201cno te quiero a mi lado\u201d. La persona que nos abandona dice \u201cno puedo tenerte conmigo\u201d, y nos deja para ir en busca de algo o de alguien. Hay que tener clara la diferencia entre rechazo y abandono. La herida del rechazo es muy profunda, pues hace sentir a uno que su \u201cderecho a existir\u201d est\u00e1 siendo rechazado. La persona con \u00e9sta herida tiene ganas de desaparecer. No quiere ocupar su espacio en la vida por miedo a ser rechazado. La m\u00e1scara tras la cual se esconde, est\u00e1 herida se llama \u201cretraimiento\u201d, \u201cretirada\u201d o withdrawal en ingl\u00e9s. Son personas que se cuestionan su derecho a existir. Los ni\u00f1os que construyen la m\u00e1scara de retirada para no sentir el rechazo, son ni\u00f1os que viven en un mundo imaginario, son ni\u00f1os calmados que no hacen demasiado ruido y pasan desapercibidos. Sus cuerpos parecen fr\u00e1giles, y eso hace que la madre sobreproteja al ni\u00f1o. Los ni\u00f1os sobreprotegidos se sienten sofocados por la madre; se sienten rechazados por no ser aceptados con sus limitaciones, tal y como son. Hay heridas que no cierran, el dolor ah\u00ed queda vigente, hay da\u00f1os como el bullying de hermanos, padres, primos y compa\u00f1eros de escuela que no se trasciende y se reflejan en todos los departamentos de la vida cotidiana de un adicto como yo.<\/p>\n<p><strong>\u00a0<\/strong><\/p>\n<p><strong>Pegan, la huella del abandono y las agresiones<\/strong><\/p>\n<p>La persona que sufre el rechazo vive separada del mundo material, incluso de su instinto sexual. Suele atraer parejas que le rechaza sexualmente, o simplemente decide cortar su sexualidad por considerarlo \u201cpoco espiritual\u201d. Los retra\u00eddos creen que no tienen ning\u00fan valor. Por eso intentar\u00e1n ser perfectos, para merecer ese valor que sienten que les falta. Un hombre que diga \u201ca los ojos de mi padre no soy nadie, y no hago nada bien\u201d intentar\u00e1 ser perfecto (con todo el sufrimiento que conlleva tal exigencia) para ganarse algo de auto-valoraci\u00f3n. Para ellos, ser juzgados por lo que hacen es igual a ser rechazados. Quieren hacerlo todo tan perfecto que les toma m\u00e1s tiempo de lo normal. Los retra\u00eddos no sabr\u00edan qu\u00e9 hacer si reciben demasiada atenci\u00f3n. Es como si su existencia fuera demasiada para ellos mismos. Por eso prefieren estar solos. Al aislarse lo que hacen es sentirse m\u00e1s y m\u00e1s marginados o rechazados. Los retra\u00eddos se angustian cuando piensan que han podido rechazar algo o alguien (especialmente del sexo opuesto). Si tienes miedo a rechazar a alguien, probablemente terminar\u00e1s haci\u00e9ndolo. Cuanto m\u00e1s miedo tenemos, m\u00e1s probabilidades hay que ese algo se materialice. Los retra\u00eddos se comparan con otros, y siempre se encuentran con menos val\u00eda que los dem\u00e1s. Les cuesta creer que alguien se pueda fijar en ellos e incluso enamorarse de ellos. Normalmente sabotean sus \u00e9xitos, pues no se sienten merecedores. Si sienten que acaparan demasiado espacio o atenci\u00f3n, se bloquean pensando que est\u00e1n molestando a los dem\u00e1s, y temen ser rechazados. Gracias por leerme y m\u00e1s por escribirme.- <a href=\"mailto:ernestosalayandia@gmail.com\">ernestosalayandia@gmail.com<\/a> sigue la huella en mi programa de televisi\u00f3n Yo Pregunto, www.canal28.tv este mi\u00e9rcoles a las 14:30 horas tiempo de Chihuahua, Chihuahua, M\u00e9xico, tambi\u00e9n el jueves y s\u00e1bado a las 11 de la ma\u00f1ana, en el 170 de Cablemas. Cont\u00e1ctame en Facebook y en @teo_luna.- Espero que mi esfuerzo, te sea \u00fatil. Gracias.<\/p>\n","protected":false},"excerpt":{"rendered":"<p>Maldita enfermedad perversa del alma<\/p>\n","protected":false},"author":5842,"featured_media":0,"comment_status":"open","ping_status":"open","sticky":false,"template":"","format":"standard","meta":{"footnotes":""},"categories":[24],"tags":[],"class_list":["post-457183","post","type-post","status-publish","format-standard","hentry","category-mundo"],"_links":{"self":[{"href":"https:\/\/diarioelpopular.com\/index.php\/wp-json\/wp\/v2\/posts\/457183","targetHints":{"allow":["GET"]}}],"collection":[{"href":"https:\/\/diarioelpopular.com\/index.php\/wp-json\/wp\/v2\/posts"}],"about":[{"href":"https:\/\/diarioelpopular.com\/index.php\/wp-json\/wp\/v2\/types\/post"}],"author":[{"embeddable":true,"href":"https:\/\/diarioelpopular.com\/index.php\/wp-json\/wp\/v2\/users\/5842"}],"replies":[{"embeddable":true,"href":"https:\/\/diarioelpopular.com\/index.php\/wp-json\/wp\/v2\/comments?post=457183"}],"version-history":[{"count":1,"href":"https:\/\/diarioelpopular.com\/index.php\/wp-json\/wp\/v2\/posts\/457183\/revisions"}],"predecessor-version":[{"id":457185,"href":"https:\/\/diarioelpopular.com\/index.php\/wp-json\/wp\/v2\/posts\/457183\/revisions\/457185"}],"wp:attachment":[{"href":"https:\/\/diarioelpopular.com\/index.php\/wp-json\/wp\/v2\/media?parent=457183"}],"wp:term":[{"taxonomy":"category","embeddable":true,"href":"https:\/\/diarioelpopular.com\/index.php\/wp-json\/wp\/v2\/categories?post=457183"},{"taxonomy":"post_tag","embeddable":true,"href":"https:\/\/diarioelpopular.com\/index.php\/wp-json\/wp\/v2\/tags?post=457183"}],"curies":[{"name":"wp","href":"https:\/\/api.w.org\/{rel}","templated":true}]}}