{"id":457223,"date":"2014-06-18T00:01:17","date_gmt":"2014-06-18T04:01:17","guid":{"rendered":"http:\/\/diarioelpopular.com\/?p=457223"},"modified":"2014-06-19T18:48:48","modified_gmt":"2014-06-19T22:48:48","slug":"farmaceutica-y-gobierno-acuerdan-costos-para-produccion-de-medicina","status":"publish","type":"post","link":"https:\/\/diarioelpopular.com\/index.php\/2014\/06\/18\/farmaceutica-y-gobierno-acuerdan-costos-para-produccion-de-medicina\/","title":{"rendered":"Farmac\u00e9utica y gobierno acuerdan costos para producci\u00f3n de medicina"},"content":{"rendered":"<div id=\"attachment_457224\" style=\"width: 570px\" class=\"wp-caption aligncenter\"><a href=\"https:\/\/diarioelpopular.com\/wp-content\/uploads\/2014\/06\/foto-1-breves-26.jpg\"><img loading=\"lazy\" decoding=\"async\" aria-describedby=\"caption-attachment-457224\" class=\"size-large wp-image-457224\" src=\"https:\/\/diarioelpopular.com\/wp-content\/uploads\/2014\/06\/foto-1-breves-26-560x361.jpg\" alt=\"El f\u00e1rmaco s\u00f3lo est\u00e1 aprobado para los pacientes de seis a\u00f1os o m\u00e1s que poseen esas mutaciones.\" width=\"560\" height=\"361\" \/><\/a><p id=\"caption-attachment-457224\" class=\"wp-caption-text\">El f\u00e1rmaco s\u00f3lo est\u00e1 aprobado para los pacientes de seis a\u00f1os o m\u00e1s que poseen esas mutaciones.<\/p><\/div>\n<p><strong><em>TORONTO.-<\/em> <\/strong>El tratamiento de la enfermedad fibrosis qu\u00edstica con la costosa droga Kalydeco ser\u00e1 parte de un plan p\u00fablico dedicado a financiar precios de medicamentos.<\/p>\n<p>Vertex Pharmaceuticals, fabricante el medicamento, anunci\u00f3 un acuerdo con los gobiernos provinciales y territoriales denominado Alianza Precios Pan-Canadiense, que representa a los tres territorios y todas las provincias excepto Quebec los cuales participaron en las negociaciones por m\u00e1s de un a\u00f1o.<\/p>\n<p>La compa\u00f1\u00eda no revel\u00f3 el precio negociado. Sin embargo, una presentaci\u00f3n anterior ante la instacia de revisi\u00f3n encargada de evaluar nuevos medicamentos para los planes provinciales y territoriales de la droga, indic\u00f3 el precio de $ 306.600 por a\u00f1o.<\/p>\n<p>El f\u00e1rmaco s\u00f3lo est\u00e1 aprobado para los pacientes de seis a\u00f1os o m\u00e1s que poseen esas mutaciones.<\/p>\n<p>La fibrosis qu\u00edstica es causada por una prote\u00edna CFTR defectuosa o faltante, el resultado de una mutaci\u00f3n en el gen CFTR. Quienes la padecen presentan deficiencia de flujo de sal y agua dentro y fuera de las c\u00e9lulas de un n\u00famero de \u00f3rganos, incluyendo los pulmones. Esto da lugar a infecciones pulmonares cr\u00f3nicas y da\u00f1o pulmonar progresivo.<\/p>\n","protected":false},"excerpt":{"rendered":"<p>El tratamiento de la enfermedad fibrosis qu\u00edstica con la costosa droga Kalydeco ser\u00e1 parte de un plan p\u00fablico dedicado a financiar precios de medicamentos.<\/p>\n","protected":false},"author":5842,"featured_media":0,"comment_status":"open","ping_status":"open","sticky":false,"template":"","format":"standard","meta":{"footnotes":""},"categories":[21],"tags":[],"class_list":["post-457223","post","type-post","status-publish","format-standard","hentry","category-canada"],"_links":{"self":[{"href":"https:\/\/diarioelpopular.com\/index.php\/wp-json\/wp\/v2\/posts\/457223","targetHints":{"allow":["GET"]}}],"collection":[{"href":"https:\/\/diarioelpopular.com\/index.php\/wp-json\/wp\/v2\/posts"}],"about":[{"href":"https:\/\/diarioelpopular.com\/index.php\/wp-json\/wp\/v2\/types\/post"}],"author":[{"embeddable":true,"href":"https:\/\/diarioelpopular.com\/index.php\/wp-json\/wp\/v2\/users\/5842"}],"replies":[{"embeddable":true,"href":"https:\/\/diarioelpopular.com\/index.php\/wp-json\/wp\/v2\/comments?post=457223"}],"version-history":[{"count":1,"href":"https:\/\/diarioelpopular.com\/index.php\/wp-json\/wp\/v2\/posts\/457223\/revisions"}],"predecessor-version":[{"id":457225,"href":"https:\/\/diarioelpopular.com\/index.php\/wp-json\/wp\/v2\/posts\/457223\/revisions\/457225"}],"wp:attachment":[{"href":"https:\/\/diarioelpopular.com\/index.php\/wp-json\/wp\/v2\/media?parent=457223"}],"wp:term":[{"taxonomy":"category","embeddable":true,"href":"https:\/\/diarioelpopular.com\/index.php\/wp-json\/wp\/v2\/categories?post=457223"},{"taxonomy":"post_tag","embeddable":true,"href":"https:\/\/diarioelpopular.com\/index.php\/wp-json\/wp\/v2\/tags?post=457223"}],"curies":[{"name":"wp","href":"https:\/\/api.w.org\/{rel}","templated":true}]}}