{"id":457318,"date":"2014-06-25T00:01:06","date_gmt":"2014-06-25T04:01:06","guid":{"rendered":"http:\/\/diarioelpopular.com\/?p=457318"},"modified":"2014-06-24T19:16:14","modified_gmt":"2014-06-24T23:16:14","slug":"uso-correcto-de-protector-solar-puede-contrarrestar-rayos-uv-causantes-del-cancer","status":"publish","type":"post","link":"https:\/\/diarioelpopular.com\/index.php\/2014\/06\/25\/uso-correcto-de-protector-solar-puede-contrarrestar-rayos-uv-causantes-del-cancer\/","title":{"rendered":"Uso correcto de protector solar puede contrarrestar rayos UV causantes del c\u00e1ncer"},"content":{"rendered":"<div id=\"attachment_457319\" style=\"width: 570px\" class=\"wp-caption aligncenter\"><a href=\"https:\/\/diarioelpopular.com\/wp-content\/uploads\/2014\/06\/foto-1-breves-29.jpg\"><img loading=\"lazy\" decoding=\"async\" aria-describedby=\"caption-attachment-457319\" class=\"size-large wp-image-457319\" src=\"https:\/\/diarioelpopular.com\/wp-content\/uploads\/2014\/06\/foto-1-breves-29-560x361.jpg\" alt=\"La Asociaci\u00f3n Canadiense de Dermatolog\u00eda, CDA, inform\u00f3 que es necesario proteger la piel de los rayos ultravioleta potencialmente da\u00f1inos. Foto Cortes\u00eda The Canadian Press.\" width=\"560\" height=\"361\" \/><\/a><p id=\"caption-attachment-457319\" class=\"wp-caption-text\">La Asociaci\u00f3n Canadiense de Dermatolog\u00eda, CDA, inform\u00f3 que es necesario proteger la piel de los rayos ultravioleta potencialmente da\u00f1inos. Foto Cortes\u00eda The Canadian Press.<\/p><\/div>\n<p><strong><em>TORONTO.-<\/em> <\/strong>A pesar de las advertencias acerca de la exposici\u00f3n excesiva al sol, su vinculaci\u00f3n con el c\u00e1ncer de piel y el uso de protector solar mientras se est\u00e1 expuesto al aire libre, esto no debe interpretarse como obvio, de acuerdo con los especialistas.<\/p>\n<p>La Asociaci\u00f3n Canadiense de Dermatolog\u00eda, CDA, inform\u00f3 que es necesario proteger la piel de los rayos ultravioleta potencialmente da\u00f1inos.<\/p>\n<p>La eficacia de un protector solar para limitar la exposici\u00f3n de la piel se mide por su factor de protecci\u00f3n solar, o SPF. Cuanto mayor sea este n\u00famero, m\u00e1s protecci\u00f3n el producto proporcionar\u00e1 contra los rayos UVB, los que causan las quemaduras de sol.<\/p>\n<p>&#8220;La gente tiene que usar m\u00ednimo SPF30&#8221;, dijo Anatoli Freiman, Presidenta del Programa para la Protecci\u00f3n del Sol que adelanta la Asociaci\u00f3n Canadiense de Dermatolog\u00eda. &#8220;El protector solar debe ser de amplio espectro, n\u00famero 2, lo que significa que protege contra los rayos UVA y UVB&#8221;.<\/p>\n<p>Esta organizaci\u00f3n revisa la investigaci\u00f3n sobre varios filtros solares y los que cumplen con los est\u00e1ndares cient\u00edficos para colocar su sello de aprobaci\u00f3n.<\/p>\n<p>Cuando el logotipo de CDA aparece en el envase indica a los consumidores que se trata de un producto aprobado.<\/p>\n<p>\u201cMuchas personas a\u00fan no utilizan protectores solares para obtener su m\u00e1ximo beneficio\u201d, coment\u00f3.<\/p>\n","protected":false},"excerpt":{"rendered":"<p> A pesar de las advertencias acerca de la exposici\u00f3n excesiva al sol, su vinculaci\u00f3n con el c\u00e1ncer de piel y el uso de protector solar mientras se est\u00e1 expuesto al aire libre.<\/p>\n","protected":false},"author":5842,"featured_media":0,"comment_status":"open","ping_status":"open","sticky":false,"template":"","format":"standard","meta":{"footnotes":""},"categories":[21],"tags":[],"class_list":["post-457318","post","type-post","status-publish","format-standard","hentry","category-canada"],"_links":{"self":[{"href":"https:\/\/diarioelpopular.com\/index.php\/wp-json\/wp\/v2\/posts\/457318","targetHints":{"allow":["GET"]}}],"collection":[{"href":"https:\/\/diarioelpopular.com\/index.php\/wp-json\/wp\/v2\/posts"}],"about":[{"href":"https:\/\/diarioelpopular.com\/index.php\/wp-json\/wp\/v2\/types\/post"}],"author":[{"embeddable":true,"href":"https:\/\/diarioelpopular.com\/index.php\/wp-json\/wp\/v2\/users\/5842"}],"replies":[{"embeddable":true,"href":"https:\/\/diarioelpopular.com\/index.php\/wp-json\/wp\/v2\/comments?post=457318"}],"version-history":[{"count":1,"href":"https:\/\/diarioelpopular.com\/index.php\/wp-json\/wp\/v2\/posts\/457318\/revisions"}],"predecessor-version":[{"id":457320,"href":"https:\/\/diarioelpopular.com\/index.php\/wp-json\/wp\/v2\/posts\/457318\/revisions\/457320"}],"wp:attachment":[{"href":"https:\/\/diarioelpopular.com\/index.php\/wp-json\/wp\/v2\/media?parent=457318"}],"wp:term":[{"taxonomy":"category","embeddable":true,"href":"https:\/\/diarioelpopular.com\/index.php\/wp-json\/wp\/v2\/categories?post=457318"},{"taxonomy":"post_tag","embeddable":true,"href":"https:\/\/diarioelpopular.com\/index.php\/wp-json\/wp\/v2\/tags?post=457318"}],"curies":[{"name":"wp","href":"https:\/\/api.w.org\/{rel}","templated":true}]}}