{"id":457365,"date":"2014-06-27T00:04:19","date_gmt":"2014-06-27T04:04:19","guid":{"rendered":"http:\/\/diarioelpopular.com\/?p=457365"},"modified":"2014-06-26T18:40:01","modified_gmt":"2014-06-26T22:40:01","slug":"de-adicto-a-adicto-59","status":"publish","type":"post","link":"https:\/\/diarioelpopular.com\/index.php\/2014\/06\/27\/de-adicto-a-adicto-59\/","title":{"rendered":"De Adicto a ADICTO"},"content":{"rendered":"<p><strong><a href=\"https:\/\/diarioelpopular.com\/wp-content\/uploads\/2014\/06\/web.Aprendiendo-en-las-Escuelas-1.jpg\"><img loading=\"lazy\" decoding=\"async\" class=\"aligncenter size-full wp-image-457366\" src=\"https:\/\/diarioelpopular.com\/wp-content\/uploads\/2014\/06\/web.Aprendiendo-en-las-Escuelas-1.jpg\" alt=\"web.Aprendiendo-en-las-Escuelas-1\" width=\"275\" height=\"489\" \/><\/a>Por Ernesto Salayandia Garc\u00eda<\/strong><\/p>\n<p><strong>Mal de muchos, consuelo de tontos<\/strong><\/p>\n<p>Muchos ni\u00f1os, sufren los estragos amargos de sus hogares disfuncionales, son v\u00edctimas de violencia dom\u00e9stica, padres alcoh\u00f3licos, madres neur\u00f3ticas, p\u00e9sima comunicaci\u00f3n, malos ejemplos, nacen y crecen en un ambiente negativo, lleno de incertidumbres y miedos, ah\u00ed nacen y se hacen los adictos, los malhechores, los suicidas, las madres ni\u00f1as, las madres solteras, los NINIS, los desertores escolares, las v\u00edctimas de los trastornos de ansiedad y alimenticios, las parejas en conflicto, esos ni\u00f1os que de adultos habr\u00e1n de fracasar, nacen neur\u00f3ticos y crecen ausentes de amor propio, de valores, de c\u00f3digos de \u00e9tica y de conducta, no es tan solo una exclusividad de familias pobres o de clase media, \u00e9sta ausencia de s\u00ed mismo, se da tambi\u00e9n en hogares de ricos y de familias bien acomodadas, las emociones negativas no tienen fronteras, nos es un problema por la desigualdad social, es un problema emocional y educativo cuyas repercusiones cobran vidas a cada segundo.<\/p>\n<p><strong>\u00a0<\/strong><\/p>\n<p><strong>\u00bfPor qu\u00e9 se auto da\u00f1an los ni\u00f1os?<\/strong><\/p>\n<p>En mis recorridos por escuelas primarias y secundarias de la ciudad de Chihuahua, he ido de muy buena voluntad a dar el mensaje de fe y de esperanza, junto con otros compa\u00f1eros alcoh\u00f3licos y adictos que simpatizan y se solidarizan con mi causa. Entrando a las bibliotecas o auditorios, me gano la confianza de los alumnos con algunas reflexiones sobre el respeto, pidiendo que todo aquel que no quiera estar ah\u00ed, pueda salir en ese momento y sugiriendo, que todo aquel que interrumpa el mensaje que se le est\u00e1 dando, se le pedir\u00e1 que abandone el espacio. Las miradas son atentas, m\u00e1s cuando regalo mi historias.- A m\u00ed la droga me rob\u00f3 mi dignidad, me rob\u00f3 mi familia, me rob\u00f3, mi trabajo\u2026 llegu\u00e9 a pesar menos de 50 kilos, me volv\u00ed loco, etc., y de \u00e9sta manera, hablando de m\u00ed, me los echo a la bolsa, la mayor\u00eda, est\u00e1n pendientes de la pl\u00e1tica, que no solo es alcohol y drogas, he estado platicando con un buen n\u00famero de ni\u00f1os y ni\u00f1as que se cortan los brazos con la navaja de los sacapuntas, la piel de sus piernas y otras partes que ocultan con la ropa, las marcas son profundas, m\u00faltiples, se marcan con las brasas de los cigarros o se da\u00f1an la piel hasta sangrarse con el borrador. \u00bfPor qu\u00e9?.<\/p>\n<p><strong>\u00a0<\/strong><\/p>\n<p><strong>La autodestrucci\u00f3n<\/strong><\/p>\n<p>Lastimarse a prop\u00f3sito, haci\u00e9ndose rasgu\u00f1os o cortes en el cuerpo con un objeto lo suficientemente afilado para rasgar la piel y hacerla sangrar se denomina cortarse. Cortarse es un tipo de conducta auto lesiva. La mayor\u00eda de j\u00f3venes que se cortan son de sexo femenino, pero los chicos tambi\u00e9n cometen <strong>conductas auto lesivas<\/strong>. Las personas se suelen empezar a cortar en la adolescencia. Y algunas siguen haci\u00e9ndolo en la etapa adulta. Las personas suelen hacerse cortes en las mu\u00f1ecas, los brazos, las piernas o el vientre. Algunas personas se autolesionan quem\u00e1ndose la piel con cigarrillos o f\u00f3sforos encendidos. Cuando los cortes o las quemaduras se curan, suelen dejar cicatrices o marcas. Las personas que se autolesionan suelen ocultar los cortes y las marcas que se infligen y a veces lo mantienen en secreto. Puede resultar dif\u00edcil entender por qu\u00e9 las personas se cortan a prop\u00f3sito. Cortarse es una forma en que algunas personas tratan de afrontar el dolor que les provocan las emociones fuertes, la presi\u00f3n intensa o los problemas relacionales importantes. Es posible que tengan que afrontar sentimientos que les parezcan demasiado dif\u00edciles de sobrellevar o situaciones negativas que crean que es imposible cambiar. Algunas personas se cortan porque necesitan desesperadamente librarse de sentimientos negativos. Es posible que no conozcan mejores maneras de liberarse de la presi\u00f3n o del dolor emocional. Otras personas se cortan para expresar emociones fuertes, como la rabia, la pena, el rechazo, la desesperaci\u00f3n, la intensa nostalgia o el vac\u00edo.<\/p>\n<p><strong>\u00a0<\/strong><\/p>\n<p><strong>\u00bfPero por qu\u00e9 se cortan \u00e9stas personitas?<\/strong><\/p>\n<p>Porque las personas que se cortan, no han desarrollado formas saludables de afrontar las cosas. O sus habilidades de afrontamiento sucumben ante unas emociones excesivamente intensas. Cuando las emociones no se expresan de una forma saludable, se acrecienta la tensi\u00f3n, a veces hasta un punto en que parece insoportable. Cortarse puede ser un intento de aliviar esa tensi\u00f3n extrema. Para algunas personas, parece ser una forma de sentir que tienen el control. El impulso de cortarse puede estar desencadenado por emociones intensas que la persona no es capaz de expresar, como la rabia, la pena, la verg\u00fcenza, la frustraci\u00f3n o la alienaci\u00f3n. Las personas que se cortan a veces dicen que sienten que no encajan en ning\u00fan sitio o que nadie las comprende. Una persona puede cortarse por perder a un ser querido o bien para escapar de una sensaci\u00f3n de vac\u00edo. Cortarse puede parecer la \u00fanica forma de encontrar alivio o de expresar el dolor personal con motivo de un problema relacional, como el rechazo. A veces, las personas que se cortan o se autolesionan tienen otros problemas mentales que contribuyen a su tensi\u00f3n emocional. En ocasiones (pero no siempre), cortarse es un fen\u00f3meno asociado a la depresi\u00f3n, el trastorno bipolar, los trastornos de la conducta alimentaria, el pensamiento obsesivo o el comportamiento compulsivo. Tambi\u00e9n puede ser un signo de problemas mentales que hacen que a las personas les cueste controlar sus impulsos o asuman riesgos innecesarios. Algunas personas que se cortan tienen problemas con el alcohol o las drogas. Hay una problem\u00e1tica profunda, ba\u00f1ada de da\u00f1os emocionales, ausencia de amor, sexualidad mal encausada, neurosis, frustraci\u00f3n, miedos. Gracias por leerme y m\u00e1s por escribirme.- Mis libros ya est\u00e1n a tu disposici\u00f3n.- crisiscreces.com <a href=\"mailto:ernestosalayanduia@gmail.com\">ernestosalayanduia@gmail.com<\/a> Sigue la huella <a href=\"http:\/\/www.canal28.tv\">www.canal28.tv<\/a> Yo pregunto, \u00e9ste mi\u00e9rcoles a las 14:30 horas tiempo de chihuahua, M\u00e9xico y jueves y s\u00e1bado, a las 11 de la ma\u00f1ana por el 170 de Cablemas.- B\u00fascame en Facebook y s\u00edgueme en @teo_luna 614-410-0158.- M\u00e1s vale prevenir que lamentar.<\/p>\n<p>&nbsp;<\/p>\n","protected":false},"excerpt":{"rendered":"<p>Aprendiendo en las escuelas<\/p>\n","protected":false},"author":5842,"featured_media":0,"comment_status":"open","ping_status":"open","sticky":false,"template":"","format":"standard","meta":{"footnotes":""},"categories":[24],"tags":[],"class_list":["post-457365","post","type-post","status-publish","format-standard","hentry","category-mundo"],"_links":{"self":[{"href":"https:\/\/diarioelpopular.com\/index.php\/wp-json\/wp\/v2\/posts\/457365","targetHints":{"allow":["GET"]}}],"collection":[{"href":"https:\/\/diarioelpopular.com\/index.php\/wp-json\/wp\/v2\/posts"}],"about":[{"href":"https:\/\/diarioelpopular.com\/index.php\/wp-json\/wp\/v2\/types\/post"}],"author":[{"embeddable":true,"href":"https:\/\/diarioelpopular.com\/index.php\/wp-json\/wp\/v2\/users\/5842"}],"replies":[{"embeddable":true,"href":"https:\/\/diarioelpopular.com\/index.php\/wp-json\/wp\/v2\/comments?post=457365"}],"version-history":[{"count":1,"href":"https:\/\/diarioelpopular.com\/index.php\/wp-json\/wp\/v2\/posts\/457365\/revisions"}],"predecessor-version":[{"id":457367,"href":"https:\/\/diarioelpopular.com\/index.php\/wp-json\/wp\/v2\/posts\/457365\/revisions\/457367"}],"wp:attachment":[{"href":"https:\/\/diarioelpopular.com\/index.php\/wp-json\/wp\/v2\/media?parent=457365"}],"wp:term":[{"taxonomy":"category","embeddable":true,"href":"https:\/\/diarioelpopular.com\/index.php\/wp-json\/wp\/v2\/categories?post=457365"},{"taxonomy":"post_tag","embeddable":true,"href":"https:\/\/diarioelpopular.com\/index.php\/wp-json\/wp\/v2\/tags?post=457365"}],"curies":[{"name":"wp","href":"https:\/\/api.w.org\/{rel}","templated":true}]}}