{"id":457505,"date":"2014-07-09T00:03:51","date_gmt":"2014-07-09T04:03:51","guid":{"rendered":"http:\/\/diarioelpopular.com\/?p=457505"},"modified":"2014-07-10T19:42:05","modified_gmt":"2014-07-10T23:42:05","slug":"rob-ford-fue-interrumpido-por-los-manifestantes-sin-camisas","status":"publish","type":"post","link":"https:\/\/diarioelpopular.com\/index.php\/2014\/07\/09\/rob-ford-fue-interrumpido-por-los-manifestantes-sin-camisas\/","title":{"rendered":"Rob Ford fue interrumpido por los manifestantes sin camisas"},"content":{"rendered":"<div id=\"attachment_457506\" style=\"width: 570px\" class=\"wp-caption aligncenter\"><a href=\"https:\/\/diarioelpopular.com\/wp-content\/uploads\/2014\/07\/foto-1-nota-14.jpg\"><img loading=\"lazy\" decoding=\"async\" aria-describedby=\"caption-attachment-457506\" class=\"size-large wp-image-457506\" src=\"https:\/\/diarioelpopular.com\/wp-content\/uploads\/2014\/07\/foto-1-nota-14-560x315.jpg\" alt=\"Las protestas se escenificaron detr\u00e1s de Ford cuando presentaba su oposici\u00f3n a un proyecto de transporte, pero fue constantemente interrumpido por las voces de los manifestantes. Foto Cortes\u00eda City News.\" width=\"560\" height=\"315\" \/><\/a><p id=\"caption-attachment-457506\" class=\"wp-caption-text\">Las protestas se escenificaron detr\u00e1s de Ford cuando presentaba su oposici\u00f3n a un proyecto de transporte, pero fue constantemente interrumpido por las voces de los manifestantes. Foto Cortes\u00eda City News.<\/p><\/div>\n<p><strong><em>TORONTO.-<\/em> <\/strong>Un grupo de los llamados manifestantes sin camisas se infiltr\u00f3 en la conferencia de medios convocada por la oficina del Alcalde Rob Ford.<\/p>\n<p>Las protestas se escenificaron detr\u00e1s de Ford, en las inmediaciones de Eglinton West, cuando presentaba su oposici\u00f3n a un proyecto de transporte en el sitio, pero fue constantemente interrumpido y asfixiado por las voces de los manifestantes.<\/p>\n<p>Ford expres\u00f3 su desacuerdo con el plan de transformar Eglinton Avenue a un pasillo para peatones.<\/p>\n<p>El grupo inspirado en un corredor sin camisa que sostuvo un altercado con Ford durante un evento del D\u00eda de Canad\u00e1, desatando furor en los medios sociales, se apoder\u00f3 de la espalda de Ford mientras exclamaba que este deb\u00eda renunciar.<\/p>\n<p>Ford dijo que no estaba preocupado por los manifestantes, en un momento cuando detener su discurso y empez\u00f3 a re\u00edr, aclarando que &#8220;ellos pueden protestar todo lo que quieran&#8221;.<\/p>\n<p>John Furr, organizador de la protesta a trav\u00e9s de Twitter, indic\u00f3 que el mensaje del grupo es que &#8220;los residentes de Toronto estamos hartos\u201d.<\/p>\n<p>&#8220;Debemos detener el discurso de los Fords que a d\u00f3nde va, \u00e9l es tratado como una estrella de rock. Y no lo es&#8221;, dijo Furr de 52 a\u00f1os.<\/p>\n<p>&#8220;La mayor\u00eda de las personas se alejar\u00e1n de \u00e9l como de la peste&#8221;, puntualiz\u00f3.<\/p>\n<p>Furr dijo que se trata de la segunda protesta organizada por el grupo. La primera fue este viernes, en las afueras del estudio Newstalk 1010 cuando Ford estaba dando una entrevista.<\/p>\n<p>Connie Boudens, 52 a\u00f1os, se encontraba entre la protesta. Coment\u00f3 que hay una falta de transparencia en la administraci\u00f3n de Ford, agregando que \u201c\u00e9l no ha asumido la responsabilidad de los hechos en el pasado\u201d.<\/p>\n<p>Ford regres\u00f3 la semana pasada de su permiso de dos meses por rehabilitaci\u00f3n. Desde entonces, ha concedido numerosas entrevistas, pero no ha tomado las preguntas de los periodistas en relaci\u00f3n a su consumo de alcohol y uso de drogas, sus compa\u00f1\u00edas y ofensas.<\/p>\n<p>&#8220;Todos pensamos que cuando Rob Ford regres\u00f3 de rehabilitaci\u00f3n, las cosas iban a cambiar&#8221;, dijo Boudens, comentando que ella todav\u00eda ve el despecho del alcalde como &#8220;una oficina secreta&#8221;.<\/p>\n<p>&#8220;El debe contestarle a la gente ahora que ha vuelto, es hora de volver a hacer el circo&#8221;.<\/p>\n<p>Boudens dijo: \u201cla protesta cre\u00f3 un ambiente pol\u00e9mico&#8221;, con los partidarios de Ford expresando desacuerdo con los sin camisas.<\/p>\n<p>El concejal Doug Ford se refiri\u00f3 a los manifestantes como &#8220;lun\u00e1ticos marginales&#8221;, al responder que son ellos quienes est\u00e1n creando un circo en Toronto, no su hermano. Sugiri\u00f3 que el grupo est\u00e1 acosando moralmente a su hermano.<\/p>\n<div id=\"attachment_457507\" style=\"width: 570px\" class=\"wp-caption aligncenter\"><a href=\"https:\/\/diarioelpopular.com\/wp-content\/uploads\/2014\/07\/foto-2-nota-12.jpg\"><img loading=\"lazy\" decoding=\"async\" aria-describedby=\"caption-attachment-457507\" class=\"size-large wp-image-457507\" src=\"https:\/\/diarioelpopular.com\/wp-content\/uploads\/2014\/07\/foto-2-nota-12-560x338.jpg\" alt=\"El organizador de la protesta, a trav\u00e9s de Twitter, indic\u00f3 que el mensaje del grupo es que &quot;los residentes de Toronto estamos hartos\u201d.\" width=\"560\" height=\"338\" \/><\/a><p id=\"caption-attachment-457507\" class=\"wp-caption-text\">El organizador de la protesta, a trav\u00e9s de Twitter, indic\u00f3 que el mensaje del grupo es que &#8220;los residentes de Toronto estamos hartos\u201d.<\/p><\/div>\n","protected":false},"excerpt":{"rendered":"<p>El Alcalde de Toronto estuvo desconcentrado, durante su rueda de prensa, por una protesta que ped\u00eda a gritos su renuncia.<\/p>\n","protected":false},"author":5842,"featured_media":0,"comment_status":"open","ping_status":"open","sticky":false,"template":"","format":"standard","meta":{"footnotes":""},"categories":[21],"tags":[],"class_list":["post-457505","post","type-post","status-publish","format-standard","hentry","category-canada"],"_links":{"self":[{"href":"https:\/\/diarioelpopular.com\/index.php\/wp-json\/wp\/v2\/posts\/457505","targetHints":{"allow":["GET"]}}],"collection":[{"href":"https:\/\/diarioelpopular.com\/index.php\/wp-json\/wp\/v2\/posts"}],"about":[{"href":"https:\/\/diarioelpopular.com\/index.php\/wp-json\/wp\/v2\/types\/post"}],"author":[{"embeddable":true,"href":"https:\/\/diarioelpopular.com\/index.php\/wp-json\/wp\/v2\/users\/5842"}],"replies":[{"embeddable":true,"href":"https:\/\/diarioelpopular.com\/index.php\/wp-json\/wp\/v2\/comments?post=457505"}],"version-history":[{"count":1,"href":"https:\/\/diarioelpopular.com\/index.php\/wp-json\/wp\/v2\/posts\/457505\/revisions"}],"predecessor-version":[{"id":457508,"href":"https:\/\/diarioelpopular.com\/index.php\/wp-json\/wp\/v2\/posts\/457505\/revisions\/457508"}],"wp:attachment":[{"href":"https:\/\/diarioelpopular.com\/index.php\/wp-json\/wp\/v2\/media?parent=457505"}],"wp:term":[{"taxonomy":"category","embeddable":true,"href":"https:\/\/diarioelpopular.com\/index.php\/wp-json\/wp\/v2\/categories?post=457505"},{"taxonomy":"post_tag","embeddable":true,"href":"https:\/\/diarioelpopular.com\/index.php\/wp-json\/wp\/v2\/tags?post=457505"}],"curies":[{"name":"wp","href":"https:\/\/api.w.org\/{rel}","templated":true}]}}