{"id":457515,"date":"2014-07-09T00:05:19","date_gmt":"2014-07-09T04:05:19","guid":{"rendered":"http:\/\/diarioelpopular.com\/?p=457515"},"modified":"2014-07-08T20:30:31","modified_gmt":"2014-07-09T00:30:31","slug":"doug-ford-aseguro-que-vandalismo-contra-su-coche-fue-acto-politico","status":"publish","type":"post","link":"https:\/\/diarioelpopular.com\/index.php\/2014\/07\/09\/doug-ford-aseguro-que-vandalismo-contra-su-coche-fue-acto-politico\/","title":{"rendered":"Doug Ford asegur\u00f3 que vandalismo contra su coche fue acto pol\u00edtico"},"content":{"rendered":"<div id=\"attachment_457516\" style=\"width: 570px\" class=\"wp-caption aligncenter\"><a href=\"https:\/\/diarioelpopular.com\/wp-content\/uploads\/2014\/07\/foto-1-breves-1-1.jpg\"><img loading=\"lazy\" decoding=\"async\" aria-describedby=\"caption-attachment-457516\" class=\"size-large wp-image-457516\" src=\"https:\/\/diarioelpopular.com\/wp-content\/uploads\/2014\/07\/foto-1-breves-1-1-560x315.jpg\" alt=\"Doug Ford sugiri\u00f3 que una campa\u00f1a de su rival pudo haber estado detr\u00e1s del incidente. \" width=\"560\" height=\"315\" \/><\/a><p id=\"caption-attachment-457516\" class=\"wp-caption-text\">Doug Ford sugiri\u00f3 que una campa\u00f1a de su rival pudo haber estado detr\u00e1s del incidente.<\/p><\/div>\n<p><strong><em>TORONTO.-<\/em><\/strong> El Concejal de Toronto, Doug Ford, asegur\u00f3 que las ventanas destrozadas de su veh\u00edculo, atentado ocurrido en horas de la noche, constituye un acto de vandalismo motivado por razones pol\u00edtica.<\/p>\n<p>El hermano del Alcalde dijo que su coche fue el \u00fanico afectado en la calle donde estaba estacionado.<\/p>\n<p>Sin proporcionar pruebas de sus afirmaciones, Doug Ford sugiri\u00f3 que una campa\u00f1a de su rival pudo haber estado detr\u00e1s del incidente.<\/p>\n<p>Doug Ford tambi\u00e9n responsabiliz\u00f3 el ataque a un grupo de manifestantes sin camisas, conocidos como &#8220;shirtless horde\u201d, abiertos opositores del Alcalde.<\/p>\n<p>&#8220;No hab\u00eda nada especial ni valioso en mi coche en comparaci\u00f3n con cualquier otros&#8221;, a\u00f1adi\u00f3.<\/p>\n<p>Doug Ford se refiri\u00f3 a los manifestantes como &#8220;lun\u00e1ticos marginales&#8221; y dijo que se est\u00e1 creando un circo en Toronto para acosar moralmente a su hermano.<\/p>\n<p>&#8220;Como he dicho antes, esta va a ser una campa\u00f1a sucia\u201d, puntualiz\u00f3 el concejal de la ciudad.<\/p>\n","protected":false},"excerpt":{"rendered":"<p>El Concejal de Toronto, Doug Ford, asegur\u00f3 que las ventanas destrozadas de su veh\u00edculo, atentado ocurrido en horas de la noche, constituye un acto de vandalismo.<\/p>\n","protected":false},"author":5842,"featured_media":0,"comment_status":"open","ping_status":"open","sticky":false,"template":"","format":"standard","meta":{"footnotes":""},"categories":[21],"tags":[],"class_list":["post-457515","post","type-post","status-publish","format-standard","hentry","category-canada"],"_links":{"self":[{"href":"https:\/\/diarioelpopular.com\/index.php\/wp-json\/wp\/v2\/posts\/457515","targetHints":{"allow":["GET"]}}],"collection":[{"href":"https:\/\/diarioelpopular.com\/index.php\/wp-json\/wp\/v2\/posts"}],"about":[{"href":"https:\/\/diarioelpopular.com\/index.php\/wp-json\/wp\/v2\/types\/post"}],"author":[{"embeddable":true,"href":"https:\/\/diarioelpopular.com\/index.php\/wp-json\/wp\/v2\/users\/5842"}],"replies":[{"embeddable":true,"href":"https:\/\/diarioelpopular.com\/index.php\/wp-json\/wp\/v2\/comments?post=457515"}],"version-history":[{"count":1,"href":"https:\/\/diarioelpopular.com\/index.php\/wp-json\/wp\/v2\/posts\/457515\/revisions"}],"predecessor-version":[{"id":457517,"href":"https:\/\/diarioelpopular.com\/index.php\/wp-json\/wp\/v2\/posts\/457515\/revisions\/457517"}],"wp:attachment":[{"href":"https:\/\/diarioelpopular.com\/index.php\/wp-json\/wp\/v2\/media?parent=457515"}],"wp:term":[{"taxonomy":"category","embeddable":true,"href":"https:\/\/diarioelpopular.com\/index.php\/wp-json\/wp\/v2\/categories?post=457515"},{"taxonomy":"post_tag","embeddable":true,"href":"https:\/\/diarioelpopular.com\/index.php\/wp-json\/wp\/v2\/tags?post=457515"}],"curies":[{"name":"wp","href":"https:\/\/api.w.org\/{rel}","templated":true}]}}