{"id":457546,"date":"2014-07-11T00:05:37","date_gmt":"2014-07-11T04:05:37","guid":{"rendered":"http:\/\/diarioelpopular.com\/?p=457546"},"modified":"2014-07-10T22:19:17","modified_gmt":"2014-07-11T02:19:17","slug":"fallecio-renato-capriles-fundador-de-los-melodicos","status":"publish","type":"post","link":"https:\/\/diarioelpopular.com\/index.php\/2014\/07\/11\/fallecio-renato-capriles-fundador-de-los-melodicos\/","title":{"rendered":"Falleci\u00f3 Renato Capriles, fundador de &#8220;Los Mel\u00f3dicos&#8221;"},"content":{"rendered":"<div id=\"attachment_457547\" style=\"width: 570px\" class=\"wp-caption aligncenter\"><a href=\"https:\/\/diarioelpopular.com\/wp-content\/uploads\/2014\/07\/WEB.Renato-Capriles03.jpg\"><img loading=\"lazy\" decoding=\"async\" aria-describedby=\"caption-attachment-457547\" class=\"size-large wp-image-457547\" src=\"https:\/\/diarioelpopular.com\/wp-content\/uploads\/2014\/07\/WEB.Renato-Capriles03-560x794.jpg\" alt=\"Renato Capriles\" width=\"560\" height=\"794\" \/><\/a><p id=\"caption-attachment-457547\" class=\"wp-caption-text\">Renato Capriles<\/p><\/div>\n<p>William Castillo.<\/p>\n<p>Renato Capriles,\u00a0fundador\u00a0y director de la orquesta &#8220;Los Mel\u00f3dicos&#8221;, falleci\u00f3 este martes, luego de estar internado desde el pasado jueves en la unidad de emergencias de la Policl\u00ednica\u00a0 Metropolitana\u00a0de Caracas. Presentaba un cuadro de neumon\u00eda. Fue un artista reconocido en la m\u00fasica de Venezuela. Capriles tuvo un cuadro infeccioso, el cual le baj\u00f3 la hemoglobina, reportaron\u00a0los m\u00e9dicos\u00a0que lo atend\u00edan<\/p>\n<p>A pesar que en los siguientes d\u00edas se report\u00f3 una mejor\u00eda, falleci\u00f3 este martes. La muerte\u00a0del m\u00fasico fue confirmada por el alcalde Antonio Ledezma a trav\u00e9s de su cuenta en Twitter. &#8220;Renato Capriles se fue y nos deja su maravillosa estela musical, \u00a1que Dios lo tenga en su gloria!&#8221;.<\/p>\n<p>Rafael Renato Capriles Ayala, nacido en San Esteban (Puerto Cabello, estado de Carabobo), naci\u00f3 el 28 de diciembre de 1931. Miembro de una familia pudiente, due\u00f1a de medios en su pa\u00eds, de joven era seguidor de la Orquesta Billo\u2019s Caracas Boy\u2019s y amigo de Luis Mar\u00eda \u2018Billo\u2019 Fr\u00f3meta. Siempre estaba en las presentaciones de la Billo\u2019s y, cuando, en el 57, a Billo le prohibieron trabajar en Venezuela, Renato le expres\u00f3 su intenci\u00f3n de formar una orquesta. Es as\u00ed como el 15 de julio de 1958 \u00a0<strong>Renato Capriles<\/strong>, funda Los Mel\u00f3dicos con apoyo del director\u00a0Luis Mar\u00eda &#8220;Billo&#8221; Fr\u00f3meta\u00a0en respuesta a la disoluci\u00f3n circunstancial de la orquesta\u00a0Billo&#8217;s Caracas Boys. El maestro Billo Frometa fue quien escogi\u00f3 el nombre Los Mel\u00f3dicos y quien hizo los arreglos del primer Long play. Por eso, en el primer disco, Los Mel\u00f3dicos suenan igual a la Billo\u2019s<\/p>\n<p>Fue seguidor de la y cuando esta fue vetada en\u00a0Venezuela\u00a0hizo su orquesta.<\/p>\n<p>Ten\u00eda 82 a\u00f1os y\u00a0todos los\u00a0n\u00fameros de su biograf\u00eda parecen hechos para romper r\u00e9cords. Su banda cumpli\u00f3 55 a\u00f1os de cantar y bailar sin parar, dirigi\u00f3 m\u00e1s de 100 discos, gan\u00f3 m\u00e1s de 200premios nacionales\u00a0e internacionales y hasta en un mismo concierto se las arregl\u00f3 para tocar la misma canci\u00f3n (El pompo) 27 veces.<\/p>\n<p>De esa m\u00e1quina de ritmo salieron cantantes como Cherry Navarro, Rafa Galindo, Argenis Carruyo, Manolo Monterrey, Cheo Garc\u00eda, Perucho Navarro, Roberto Antonio, Hildemaro, Miguel Moly y las famosas Emilita Dago, Ver\u00f3nica Rey, Doris Salas, Liz y Diveana, por nombrar solo algunos de quienes entraron a la escuela de Capriles y salieron con la vida hecha.<\/p>\n<p>Capriles no tuvo formalmente\u00a0educaci\u00f3n musical, pero fue el ingeniero de sonido\u00a0que desde 1958 dio con el \u2018tumbao\u2019 que necesitaban las salas de baile de Venezuela en los 60 y los 70. \u201cEra mucha la demanda de m\u00fasica en las radios\u201d, dijo una vez en una entrevista para justificar otro n\u00famero imposible. \u201cPor eso Los Mel\u00f3dicos hac\u00edamos cuatro discos al a\u00f1o (\u2026). Luego hac\u00edamos tres\u201d, dice.<\/p>\n<p>Durante esa, la \u00e9poca de los \u2018bailes\u2019, Renato Capriles junt\u00f3 \u00e9xitos como Por un man\u00ed, Ap\u00e1game la vela, El catre, que todav\u00eda se bailan y se bailar\u00e1n hasta que el Caribe siga ba\u00f1ando a Venezuela y\u00a0Colombia. Los expertos no lo dudan, porque la cosecha de Los Mel\u00f3dicos sigui\u00f3 en los 80 y los 90, con \u00e9xitos indudables como Papachongo, Ay amor, Di\u00e1volo y Z\u00fambalo. Las fiestas de 15 a\u00f1os, los bautizos de pueblo y matrimonios de alcurnia (a nadie le importa) llegan al paroxismo del baile con esas piezas, que recuerdan a una Caracas menos agresiva y m\u00e1s feliz.<\/p>\n<p>\u00bfLa clave? El o\u00eddo de Renato Capriles y su talento para actualizarse. Lo dice Enrique Matamoros, l\u00edder de la orquesta Las Vibraciones: \u201cCuando estaba con la orquesta era muy disciplinado, muy delicado y batallador; siempre buscando lo mejor. Pero \u00e9l llevaba, adem\u00e1s, el ojo cl\u00ednico, la capacidad de ver lo que le gustaba a la gente; buscaba el ritmo, fuera la cumbia o el jazz. \u00c9l dec\u00eda: \u201cVoy a buscar el que va a meter el gol\u201d. Miraba lo que hac\u00edan las orquestas peque\u00f1as y lo adaptaba a su\u00a0gran orquesta, pero sab\u00eda muy bien a qui\u00e9n poner y en d\u00f3nde, y cuando no sab\u00eda, preguntaba. Yo soy 20 a\u00f1os\u00a0m\u00e1s joven\u00a0que \u00e9l y me llamaba, me consultaba cosas, sal\u00eda de dudas; fue un maestro tambi\u00e9n por eso. Era como mi hermano; fue el padrino de mi boda\u201d.<\/p>\n<p>Su talento como relacionista p\u00fablico tambi\u00e9n es conocido. Su formaci\u00f3n real fue de publicista, y de all\u00ed salieron los \u201cSlogans\u201d con que bautiz\u00f3 a Los Mel\u00f3dicos, \u201cla Orquesta que impone el ritmo en Venezuela\u201d y a\u00f1os antes, \u201cla orquesta de todos los ritmos\u201d. De cualquier modo, nadie duda que su ensamble de 20 personas, entre m\u00fasicos y cantantes, sea por mucho tiempo (ahora de la mano de su hija Iliana, que la lleva desde hace cuatro a\u00f1os) referencia de la\u00a0m\u00fasica latinoamericana.<\/p>\n<p>Sus allegados coinciden en algo f\u00e1cil de comprobar con mirar cualquier archivo, y fue su amor por Colombia. Asiduo de los carnavales de Barranquilla y Cartagena, nunca se cans\u00f3 de llenar teatros en\u00a0Bogot\u00e1, Bucaramanga y Cali, igual le daba, mientras estuviera de este lado. \u201c\u00c9l, para all\u00e1 (Colombia), no pod\u00eda irse a una gira de dos semanas: era m\u00ednimo de dos meses; luego regresaba, calentaba un poquito y se iba otra vez, dice Matamoros desde Caracas.. Incluso una vez me dijo: \u2018Mira, Enrique, si se echa a perder el juego me voy para Colombia. Ya Colombia es parte de uno, para las orquestas. La m\u00fasica que se toca all\u00e1 llama m\u00e1s la atenci\u00f3n que aqu\u00ed en Venezuela\u2019 \u201d.<\/p>\n<p>\u201cYo no cantaba ni cumbia ni pasodoble; apenas balada. Cuando entr\u00e9 a Los Mel\u00f3dicos yo lloraba porque no sab\u00eda interpretar muchas cosas. Cuando empezamos a viajar a Colombia y a empaparnos de su cultura y su folclor fue cuando me solt\u00e9. Renato nos dec\u00eda que este era el lugar para aprender\u201d, cuenta Ver\u00f3nica.<\/p>\n<p>Las giras siempre fueron\u00a0en bus, muy intensas; cada baile era como el \u00faltimo. De la mano de \u00d3scar Garc\u00eda logr\u00f3 hacer transfusiones de ritmos colombianos a sus piezas. Pero el p\u00fablico, fuera de aqu\u00ed o de all\u00e1, era su gran consentido. \u201cAll\u00ed s\u00ed se daba todo. La banda era el origen de su alegr\u00eda, pero con el p\u00fablico era lo m\u00e1ximo accesible, muy carism\u00e1tico\u201d, recuerda el hoy locutor Gerardo Valent\u00edn, cantante que comenz\u00f3 con Los Mel\u00f3dicos y particip\u00f3 en otras orquestas de Capriles, que lleg\u00f3 a ser como el \u2018or\u00e1culo\u2019 de otras siete bandas.<\/p>\n<p>En Venezuela no lo lloran, le agradecen.<\/p>\n<p>Los n\u00fameros de Renato Capriles<\/p>\n<p>La orquesta\u00a0se fund\u00f3 el 15 de julio de 1958. Quince m\u00fasicos, cuatro cantantes y Renato Capriles, 20 profesionales en total, eran la base de Los Mel\u00f3dicos.<br \/>\nDesde 1968 la orquesta tuvo 22 cantantes femeninas (la Billo\u2019s no tuvo mujeres) y 43 masculinos. En Colombia\u00a0y Estados Unidos se publicaron 50 LP. En Venezuela\u00a0salieron 100 LP. Entre las voces\u00a0m\u00e1s conocidas en Colombia que hicieron parte de Los Mel\u00f3dicos est\u00e1n V\u00edctor Pi\u00f1ero (\u2018Ap\u00e1game la vela\u2019), Lee Palmer, Doris Salas (colombiana), Ver\u00f3nica Rey, Liz (\u2018A dormir juntitos\u2019), Diveana, Manolo Monterrey (cubano), Rafa Galindo, Rafa P\u00e9rez, Willy Quintero, \u00d3scar Santana, Perucho Navarro, Cheo Garc\u00eda y \u2018Chiqui\u2019 Tamayo (cubano).<\/p>\n<p>No pudo pues, el Maestro Renato Capriles celebrar el 56 aniversario de su \u201cConsentida\u201d La Orquesta Los Mel\u00f3dicos.<\/p>\n","protected":false},"excerpt":{"rendered":"<p>William Castillo. Renato Capriles,\u00a0fundador\u00a0y director de la orquesta &#8220;Los Mel\u00f3dicos&#8221;, falleci\u00f3 este martes, luego de estar internado desde el pasado jueves en la unidad de&hellip;<\/p>\n","protected":false},"author":5842,"featured_media":0,"comment_status":"open","ping_status":"open","sticky":false,"template":"","format":"standard","meta":{"footnotes":""},"categories":[2482],"tags":[],"class_list":["post-457546","post","type-post","status-publish","format-standard","hentry","category-espectaculo"],"_links":{"self":[{"href":"https:\/\/diarioelpopular.com\/index.php\/wp-json\/wp\/v2\/posts\/457546","targetHints":{"allow":["GET"]}}],"collection":[{"href":"https:\/\/diarioelpopular.com\/index.php\/wp-json\/wp\/v2\/posts"}],"about":[{"href":"https:\/\/diarioelpopular.com\/index.php\/wp-json\/wp\/v2\/types\/post"}],"author":[{"embeddable":true,"href":"https:\/\/diarioelpopular.com\/index.php\/wp-json\/wp\/v2\/users\/5842"}],"replies":[{"embeddable":true,"href":"https:\/\/diarioelpopular.com\/index.php\/wp-json\/wp\/v2\/comments?post=457546"}],"version-history":[{"count":1,"href":"https:\/\/diarioelpopular.com\/index.php\/wp-json\/wp\/v2\/posts\/457546\/revisions"}],"predecessor-version":[{"id":457548,"href":"https:\/\/diarioelpopular.com\/index.php\/wp-json\/wp\/v2\/posts\/457546\/revisions\/457548"}],"wp:attachment":[{"href":"https:\/\/diarioelpopular.com\/index.php\/wp-json\/wp\/v2\/media?parent=457546"}],"wp:term":[{"taxonomy":"category","embeddable":true,"href":"https:\/\/diarioelpopular.com\/index.php\/wp-json\/wp\/v2\/categories?post=457546"},{"taxonomy":"post_tag","embeddable":true,"href":"https:\/\/diarioelpopular.com\/index.php\/wp-json\/wp\/v2\/tags?post=457546"}],"curies":[{"name":"wp","href":"https:\/\/api.w.org\/{rel}","templated":true}]}}