{"id":457589,"date":"2014-07-16T00:02:48","date_gmt":"2014-07-16T04:02:48","guid":{"rendered":"http:\/\/diarioelpopular.com\/?p=457589"},"modified":"2014-07-15T19:15:00","modified_gmt":"2014-07-15T23:15:00","slug":"inmigrando-a-canada-89","status":"publish","type":"post","link":"https:\/\/diarioelpopular.com\/index.php\/2014\/07\/16\/inmigrando-a-canada-89\/","title":{"rendered":"INMIGRANDO A CANADA"},"content":{"rendered":"<p>Por Vilma Filici<\/p>\n<p>filici@filici.com<\/p>\n<p>&nbsp;<\/p>\n<p>TORONTO. El Ministerio de Ciudadan\u00eda e Inmigraci\u00f3n de Canad\u00e1 sufri\u00f3 un nuevo rev\u00e9s el fin de semana, al conceder la Revisi\u00f3n Judicial solicitada por el salvadore\u00f1o Jos\u00e9 Figueroa, quien vive en la ciudad de Vancouver y ha sido declarado inadmisible por el gobierno canadiense debido a su pertenencia a una supuesta organizaci\u00f3n \u201cterrorista\u201d.<\/p>\n<p>A Figueroa le fue denegada una solicitud de residencia permanente en Canad\u00e1 por Razones de Humanidad y Compasi\u00f3n, porque en sus a\u00f1os de juventud fue miembro de una organizaci\u00f3n estudiantil que estaba ligada con el entonces grupo revolucionario salvadore\u00f1o FMLN, la cual el Departamento de Ciudadan\u00eda e Inmigraci\u00f3n considera que estuvo ligada a acciones terroristas durante los a\u00f1os de la sangrienta guerra civil que azoto al pa\u00eds centroamericano en la d\u00e9cada de 1980.<\/p>\n<p>Figueroa lleg\u00f3 a Canad\u00e1 en el a\u00f1o 1997, solicit\u00f3 refugio y le fue denegado, y posteriormente present\u00f3 su solicitud de razones humanitarias basadas en el establecimiento de \u00e9l y su familia en Canad\u00e1, la cual est\u00e1 conformada por su esposa y dos hijos nacidos en el pa\u00eds, uno de los cuales padece de autismo.<\/p>\n<p>Pero su solicitud le fue denegada b\u00e1sicamente por su pertenencia al FMLN, recibi\u00f3 orden de deportaci\u00f3n y ante la inminencia de ser separado de su familia busc\u00f3 santuario en una iglesia de su localidad.<\/p>\n<p>Sin embargo, el Juez Mosley, quien vio la causa, plante\u00f3 en su decisi\u00f3n que &#8220;El delegado (del Ministro de Ciudadan\u00eda e Inmigraci\u00f3n) se refiri\u00f3 injustificadamente al FMLN como una \u2018organizaci\u00f3n terrorista\u2019. Ese t\u00e9rmino no se utiliza en (la secci\u00f3n) 34s, y no es un t\u00e9rmino t\u00e9cnico empleado por el estatuto. El IRPA (Immigration and Refugee Protection Act) se refiere a la pertenencia a una organizaci\u00f3n que ha estado, esta o va a participar en actos de terrorismo. El FMLN nunca fue un grupo para el que el terror pol\u00edtico fuera una t\u00e1ctica principal. Ten\u00eda un amplio apoyo popular y ahora ha formado el gobierno elegido por la v\u00eda democr\u00e1tica&#8221;.<\/p>\n<p>A continuaci\u00f3n, el letrado dice que \u201cLa organizaci\u00f3n atrajo a 80-100,000 miembros en un pa\u00eds de 5 millones de habitantes. Fue un grupo de resistencia leg\u00edtima de base amplia. Los elementos armados del FMLN fueron principalmente fuerzas militares que participaron en una guerra civil contra un r\u00e9gimen opresor al igual que el Congreso Nacional Africano en la lucha de Sud\u00e1frica contra el apartheid. El FMLN no ha sido proscrito como una \u2018entidad terrorista\u2019 en la lista mantenida por el Gobierno de Canad\u00e1. El Gobierno de Canad\u00e1 mantiene relaciones normales con el Gobierno de El Salvador, ahora dirigido por el FMLN. Algunas consideraciones debieron haber sido tenidas sobre esto antes que la Delegada concluyera que la pertenencia del demandante en el FMLN era de naturaleza tan grave que superaba los factores humanitarios y personales positivas a favor de conceder al solicitante una exenci\u00f3n\u201d.<\/p>\n<p>Sobre esta base, el Juez concluye: \u201cEstoy convencido de que la solicitud de Revisi\u00f3n Judicial debe ser concedida, ya que la decisi\u00f3n no es razonable en el sentido exigido por la jurisprudencia, es decir, que la decisi\u00f3n sea comprensible, transparente, justificada y dentro del rango de resultados aceptables defendibles en los hechos y la ley&#8221;.<\/p>\n<p>Esto significa que la solicitud de Residencia Permanente por Razones Humanitarias y de Compasi\u00f3n de Jos\u00e9 Figueroa tendr\u00e1 que ser analizada nuevamente por un nuevo oficial del Departamento de Inmigraci\u00f3n, con la expectativa que esta vez deber\u00e1 incorporar las recomendaciones del juez Mosley.<\/p>\n<p>En su decisi\u00f3n, el juez es muy claro en cuanto a lo que el FMLN es y lo que no es, afirmando notoriamente que se trataba de un grupo de resistencia y no de una organizaci\u00f3n terrorista, y que la Delegada de Ministro de Ciudadan\u00eda e Inmigraci\u00f3n deber\u00eda haber considerado el contexto de la situaci\u00f3n en El Salvador y el hecho de que el FMLN estaba luchando por la justicia social y tratando de detener a los escuadrones de la muerte, as\u00ed como tambi\u00e9n el hecho de que el FMLN es un partido pol\u00edtico legalmente constituido que en las \u00faltimas dos elecciones presidenciales se ha agenciado la direcci\u00f3n del gobierno.<\/p>\n<p>En este sentido, la calificaci\u00f3n de la Delegada del Ministro de que el FMLN es un grupo terrorista, es un an\u00e1lisis defectuoso, por lo que su decisi\u00f3n de declarar a una persona inadmisible por esta raz\u00f3n deja muy en claro que no hizo un adecuado escrutinio de toda la documentaci\u00f3n presentada por el demandante.<\/p>\n<p>Esta resoluci\u00f3n es importante dado que sienta un precedente legal en casos similares, como el del periodista de Toronto Oscar Vigil, quien tambi\u00e9n ha sido declarado inadmisible a Canad\u00e1 por haber estado vinculado al FMLN cuando trabajaba como periodista durante el conflicto armado salvadore\u00f1o.<\/p>\n<p>Oscar Vigil, un reconocido periodista y activista comunitario, lleg\u00f3 al pa\u00eds en el a\u00f1o 2001, y mientras su esposa y sus tres hijos fueron aceptados como refugiados y ahora son ciudadanos canadienses, \u00e9l ha sido declarado inadmisible y enfrenta la amenaza de deportaci\u00f3n.<\/p>\n<p>La misma ser\u00e1 de ayuda a las mas de 130 personas que se encuentran en la misma situaci\u00f3n en Canad\u00e1 y espero que sirva de gu\u00eda a los oficiales de inmigraci\u00f3n para que pueden en un futuro claramente utilizar el poder de discreci\u00f3n autorizado por el Acta de Inmigraci\u00f3n sin considerar y dejarse guiarse por la pol\u00edtica del gobierno de turno.<\/p>\n","protected":false},"excerpt":{"rendered":"<p>Corte Federal falla a favor de salvadore\u00f1o acusado de pertenecer a organizaci\u00f3n \u201cterrorista\u201d<\/p>\n","protected":false},"author":5842,"featured_media":0,"comment_status":"open","ping_status":"open","sticky":false,"template":"","format":"standard","meta":{"footnotes":""},"categories":[81,25,290],"tags":[],"class_list":["post-457589","post","type-post","status-publish","format-standard","hentry","category-columnistas","category-inmigracion","category-inmigrando-a-canada"],"_links":{"self":[{"href":"https:\/\/diarioelpopular.com\/index.php\/wp-json\/wp\/v2\/posts\/457589","targetHints":{"allow":["GET"]}}],"collection":[{"href":"https:\/\/diarioelpopular.com\/index.php\/wp-json\/wp\/v2\/posts"}],"about":[{"href":"https:\/\/diarioelpopular.com\/index.php\/wp-json\/wp\/v2\/types\/post"}],"author":[{"embeddable":true,"href":"https:\/\/diarioelpopular.com\/index.php\/wp-json\/wp\/v2\/users\/5842"}],"replies":[{"embeddable":true,"href":"https:\/\/diarioelpopular.com\/index.php\/wp-json\/wp\/v2\/comments?post=457589"}],"version-history":[{"count":1,"href":"https:\/\/diarioelpopular.com\/index.php\/wp-json\/wp\/v2\/posts\/457589\/revisions"}],"predecessor-version":[{"id":457590,"href":"https:\/\/diarioelpopular.com\/index.php\/wp-json\/wp\/v2\/posts\/457589\/revisions\/457590"}],"wp:attachment":[{"href":"https:\/\/diarioelpopular.com\/index.php\/wp-json\/wp\/v2\/media?parent=457589"}],"wp:term":[{"taxonomy":"category","embeddable":true,"href":"https:\/\/diarioelpopular.com\/index.php\/wp-json\/wp\/v2\/categories?post=457589"},{"taxonomy":"post_tag","embeddable":true,"href":"https:\/\/diarioelpopular.com\/index.php\/wp-json\/wp\/v2\/tags?post=457589"}],"curies":[{"name":"wp","href":"https:\/\/api.w.org\/{rel}","templated":true}]}}