{"id":457693,"date":"2014-07-24T18:35:19","date_gmt":"2014-07-24T22:35:19","guid":{"rendered":"http:\/\/diarioelpopular.com\/?p=457693"},"modified":"2014-07-24T18:35:25","modified_gmt":"2014-07-24T22:35:25","slug":"reestructuracion-de-bombardier-incluye-retiro-de-ceo-y-1-800-despidos","status":"publish","type":"post","link":"https:\/\/diarioelpopular.com\/index.php\/2014\/07\/24\/reestructuracion-de-bombardier-incluye-retiro-de-ceo-y-1-800-despidos\/","title":{"rendered":"Reestructuraci\u00f3n de Bombardier incluye retiro de CEO y 1.800 despidos"},"content":{"rendered":"<div id=\"attachment_457694\" style=\"width: 570px\" class=\"wp-caption aligncenter\"><a href=\"https:\/\/diarioelpopular.com\/wp-content\/uploads\/2014\/07\/foto-1-breves-212.jpg\"><img loading=\"lazy\" decoding=\"async\" aria-describedby=\"caption-attachment-457694\" class=\"size-large wp-image-457694\" src=\"https:\/\/diarioelpopular.com\/wp-content\/uploads\/2014\/07\/foto-1-breves-212-560x234.jpg\" alt=\"CEO de Bombardier se retira en una reestructuraci\u00f3n de sus operaciones que se traducir\u00e1 en el despido de 1.800 empleados. \" width=\"560\" height=\"234\" \/><\/a><p id=\"caption-attachment-457694\" class=\"wp-caption-text\">CEO de Bombardier se retira en una reestructuraci\u00f3n de sus operaciones que se traducir\u00e1 en el despido de 1.800 empleados.<\/p><\/div>\n<p><strong><em>MONTREAL.-<\/em> <\/strong>El Presidente y CEO de la aeroespacial Bombardier, Guy Hachey, anunci\u00f3 que se retira despu\u00e9s de seis a\u00f1os en el cargo en medio de una reestructuraci\u00f3n de sus operaciones que se traducir\u00e1 en el despido de 1.800 empleados.<\/p>\n<p>La divisi\u00f3n aeroespacial, con sede en Montreal, operar\u00e1 en tres segmentos, aviones de negocios, aviones comerciales y aeroestructuras y servicios de ingenier\u00eda, cada una dirigida por un ejecutivo. El segmento ferroviario con sede en Alemania se mantendr\u00e1 sin cambios.<\/p>\n<p>Hachey abandona Bombardier mientras su nuevo avi\u00f3n comercial CSeries permanece en tierra en espea de vuelo, despu\u00e9s de un incidente de motor experimentado a finales de mayo.<\/p>\n<p>El lanzamiento de la aeronave ha sufrido varios retrasos y se espera que sea entregado en el segundo semestre del pr\u00f3ximo a\u00f1o.<\/p>\n<p>El cambio en la empresa se traducir\u00e1 en el despido de 1.800 funciones en finanzas y recursos humanos a nivel mundial, lo representa el 4,8 por ciento de la fuerza laboral de la aeroespacial de 37.000 empleados.<\/p>\n","protected":false},"excerpt":{"rendered":"<p>El Presidente y CEO de la aeroespacial Bombardier, Guy Hachey, anunci\u00f3 que se retira despu\u00e9s de seis a\u00f1os en el cargo en medio de una reestructuraci\u00f3n de sus operaciones que se traducir\u00e1 en el despido de 1.800 empleados.<\/p>\n","protected":false},"author":5842,"featured_media":0,"comment_status":"open","ping_status":"open","sticky":false,"template":"","format":"standard","meta":{"footnotes":""},"categories":[21],"tags":[],"class_list":["post-457693","post","type-post","status-publish","format-standard","hentry","category-canada"],"_links":{"self":[{"href":"https:\/\/diarioelpopular.com\/index.php\/wp-json\/wp\/v2\/posts\/457693","targetHints":{"allow":["GET"]}}],"collection":[{"href":"https:\/\/diarioelpopular.com\/index.php\/wp-json\/wp\/v2\/posts"}],"about":[{"href":"https:\/\/diarioelpopular.com\/index.php\/wp-json\/wp\/v2\/types\/post"}],"author":[{"embeddable":true,"href":"https:\/\/diarioelpopular.com\/index.php\/wp-json\/wp\/v2\/users\/5842"}],"replies":[{"embeddable":true,"href":"https:\/\/diarioelpopular.com\/index.php\/wp-json\/wp\/v2\/comments?post=457693"}],"version-history":[{"count":1,"href":"https:\/\/diarioelpopular.com\/index.php\/wp-json\/wp\/v2\/posts\/457693\/revisions"}],"predecessor-version":[{"id":457695,"href":"https:\/\/diarioelpopular.com\/index.php\/wp-json\/wp\/v2\/posts\/457693\/revisions\/457695"}],"wp:attachment":[{"href":"https:\/\/diarioelpopular.com\/index.php\/wp-json\/wp\/v2\/media?parent=457693"}],"wp:term":[{"taxonomy":"category","embeddable":true,"href":"https:\/\/diarioelpopular.com\/index.php\/wp-json\/wp\/v2\/categories?post=457693"},{"taxonomy":"post_tag","embeddable":true,"href":"https:\/\/diarioelpopular.com\/index.php\/wp-json\/wp\/v2\/tags?post=457693"}],"curies":[{"name":"wp","href":"https:\/\/api.w.org\/{rel}","templated":true}]}}