{"id":457738,"date":"2014-07-25T00:09:15","date_gmt":"2014-07-25T04:09:15","guid":{"rendered":"http:\/\/diarioelpopular.com\/?p=457738"},"modified":"2014-07-24T22:49:22","modified_gmt":"2014-07-25T02:49:22","slug":"andres-boulton","status":"publish","type":"post","link":"https:\/\/diarioelpopular.com\/index.php\/2014\/07\/25\/andres-boulton\/","title":{"rendered":"Andr\u00e9s Boulton"},"content":{"rendered":"<p><a href=\"https:\/\/diarioelpopular.com\/wp-content\/uploads\/2014\/07\/web.Andres-1.jpg\"><img loading=\"lazy\" decoding=\"async\" class=\"aligncenter size-full wp-image-457739\" src=\"https:\/\/diarioelpopular.com\/wp-content\/uploads\/2014\/07\/web.Andres-1.jpg\" alt=\"web.Andres-#-1\" width=\"426\" height=\"640\" \/><\/a>\u00bfQu\u00e9 es lo que hace memorable una escena? Adem\u00e1s de la fotograf\u00eda, la actuaci\u00f3n, la escenograf\u00eda y la direcci\u00f3n de arte, hay un aspecto sumamente importante: El soundtrack, la m\u00fasica que acompa\u00f1a las escenas m\u00e1s emotivas y que sirve para ambientar un momento haciendo \u00e9nfasis en las emociones, un arte nada f\u00e1cil.<\/p>\n<p>Andr\u00e9s Boulton es dise\u00f1ador sonorode cine, televisi\u00f3n, y multimedia, sus obras tienen tanto virtuosismo y son todas ellas maravillosas gracias a que es muy creativo, Boulton es un m\u00fasico apasionado para los diversos fines propuestos, y en este caso hablamos de \u2018Chosen\u2019,del canal online Crackle, una novela psicol\u00f3gica de suspenso fascinante de la que nos habla a continuaci\u00f3n.<\/p>\n<p>\u201cUno aqu\u00ed en los Angeles cada vez que sale y ve el cielo azul se da cuenta de que vale la pena encerrarse en un estudio horas y horas. \u2018Chosen\u2019 fue un proyecto muy particular que empez\u00f3 un poquito modesto\u201d.<a href=\"https:\/\/diarioelpopular.com\/wp-content\/uploads\/2014\/07\/web.Andres-2.jpg\"><img loading=\"lazy\" decoding=\"async\" class=\"aligncenter size-large wp-image-457740\" src=\"https:\/\/diarioelpopular.com\/wp-content\/uploads\/2014\/07\/web.Andres-2-560x373.jpg\" alt=\"web.Andres-#-2\" width=\"560\" height=\"373\" \/><\/a><\/p>\n<p>Andr\u00e9s anota que quien le hizo la llamada fue Ben Ketai.<\/p>\n<p>\u201cSi, Ketai es el director y escritor principal. Yo hab\u00eda trabajado anteriormente en varios proyectos, \u00e9l me comento de este, le ped\u00ed el guion y los le\u00ed todos los episodios. La idea era que la m\u00fasica apoyara toda esa intensidad que se ve en la pantalla, una identidad sonora de ritmos y eso fue lo que hicimos\u201d.<\/p>\n<p>Pero \u00e9l hace hincapi\u00e9 que la m\u00fasica tiene que ir de la mano con todo lo dem\u00e1s.<\/p>\n<p>\u201cEsta es una combinaci\u00f3n del lenguaje hablado, visual y auditivo, yo lo veo como una sola experiencia y en Europa consideran a un compositor como autor de las pel\u00edculas, junto al escritor y el director. Son tres autores y en eso estoy completamente de acuerdo\u201d.<\/p>\n<p>Y contin\u00faa.<\/p>\n<p>\u201cHay mucha parte de empleo de la m\u00fasica electr\u00f3nica y tambi\u00e9n de instrumentos que no son electr\u00f3nicos pero que se manipulan para que suenen asi. Hay uso de guitarras el\u00e9ctricas y de instrumentos de percusi\u00f3n, son sonidos que se sintetizan y se utilizan como marco de la m\u00fasica electr\u00f3nica\u201d.<a href=\"https:\/\/diarioelpopular.com\/wp-content\/uploads\/2014\/07\/web.Andres-3.jpg\"><img loading=\"lazy\" decoding=\"async\" class=\"aligncenter size-large wp-image-457741\" src=\"https:\/\/diarioelpopular.com\/wp-content\/uploads\/2014\/07\/web.Andres-3-560x840.jpg\" alt=\"web.Andres-#-3\" width=\"560\" height=\"840\" \/><\/a><\/p>\n<p>Con varios a\u00f1os en la industria musical,Andr\u00e9s ha compuesto para largometrajes como &#8220;Beneath&#8221; (Jeff Fahey, Joey Kern), ganador de 6 premios en Screamfest incluyendo el de Mejor Pel\u00edcula. Tambi\u00e9n el compositor fue sorprendido al recibir por \u201830 Days of Night: Dark Days\u2019, el premio Golden Reel de la asociaci\u00f3n MPSE (Motion Picture Sound Editors).<\/p>\n<p>\u201cEso fue completamente inesperado. Esa era una pel\u00edcula para Sony que la hice con mucho cari\u00f1o pero tengo que decir que soy muy modesto en estas cosas, yo empiezo un proyecto, lo entrego y con el siguiente no miro atr\u00e1s. Por eso cuando me llaman y me dicen que he recibido un premio, la verdad es una gran sorpresa y una gran alegr\u00eda\u201d.<\/p>\n<p>Su primera gran oportunidad como orquestador lleg\u00f3 a trav\u00e9s de la banda francesa Air, con la Hollywood Bowl Orchestra en el Hollywood Bowl. En el 2005 orquest\u00f3 para el reconocido Kronos Quartet, grabando la m\u00fasica original para el documental &#8220;The Killer Within&#8221;.<a href=\"https:\/\/diarioelpopular.com\/wp-content\/uploads\/2014\/07\/web.chosen.jpg\"><img loading=\"lazy\" decoding=\"async\" class=\"aligncenter size-large wp-image-457742\" src=\"https:\/\/diarioelpopular.com\/wp-content\/uploads\/2014\/07\/web.chosen-560x315.jpg\" alt=\"web.chosen\" width=\"560\" height=\"315\" \/><\/a><\/p>\n<p>Andr\u00e9s Boulton, finalmente nos comenta sobre la temporada n\u00famero 4 de \u2018Chosen\u2019.<\/p>\n<p>\u201cTodav\u00eda no quieren decir nada, no s\u00e9 si van a ver personajes nuevos, no sabemos qui\u00e9n se va a morir porque siendo Chosen el personaje principal, pudiese morir en el primer episodio y eso es lo bueno de la serie, que es muy impredecible. Entonces como decimos en Venezuela me estoy preparando al pie del ca\u00f1\u00f3n para lo que venga, esta es una serie que nos tiene a todos muy contentos y muy orgullosos ya que la hicimos con mucho coraz\u00f3n, mucho sacrificio y hoy en d\u00eda es la que m\u00e1s audiencia tiene en ese canal de Sony\u201d.<\/p>\n","protected":false},"excerpt":{"rendered":"<p>\u201cEn Europa consideran a un compositor como autor de las pel\u00edculas\u201d<\/p>\n","protected":false},"author":5842,"featured_media":0,"comment_status":"open","ping_status":"open","sticky":false,"template":"","format":"standard","meta":{"footnotes":""},"categories":[2482],"tags":[],"class_list":["post-457738","post","type-post","status-publish","format-standard","hentry","category-espectaculo"],"_links":{"self":[{"href":"https:\/\/diarioelpopular.com\/index.php\/wp-json\/wp\/v2\/posts\/457738","targetHints":{"allow":["GET"]}}],"collection":[{"href":"https:\/\/diarioelpopular.com\/index.php\/wp-json\/wp\/v2\/posts"}],"about":[{"href":"https:\/\/diarioelpopular.com\/index.php\/wp-json\/wp\/v2\/types\/post"}],"author":[{"embeddable":true,"href":"https:\/\/diarioelpopular.com\/index.php\/wp-json\/wp\/v2\/users\/5842"}],"replies":[{"embeddable":true,"href":"https:\/\/diarioelpopular.com\/index.php\/wp-json\/wp\/v2\/comments?post=457738"}],"version-history":[{"count":1,"href":"https:\/\/diarioelpopular.com\/index.php\/wp-json\/wp\/v2\/posts\/457738\/revisions"}],"predecessor-version":[{"id":457743,"href":"https:\/\/diarioelpopular.com\/index.php\/wp-json\/wp\/v2\/posts\/457738\/revisions\/457743"}],"wp:attachment":[{"href":"https:\/\/diarioelpopular.com\/index.php\/wp-json\/wp\/v2\/media?parent=457738"}],"wp:term":[{"taxonomy":"category","embeddable":true,"href":"https:\/\/diarioelpopular.com\/index.php\/wp-json\/wp\/v2\/categories?post=457738"},{"taxonomy":"post_tag","embeddable":true,"href":"https:\/\/diarioelpopular.com\/index.php\/wp-json\/wp\/v2\/tags?post=457738"}],"curies":[{"name":"wp","href":"https:\/\/api.w.org\/{rel}","templated":true}]}}